{"id":25523,"date":"2024-08-08T05:24:00","date_gmt":"2024-08-08T03:24:00","guid":{"rendered":"https:\/\/www.zaglebiak.com\/?p=25523"},"modified":"2024-08-07T16:08:14","modified_gmt":"2024-08-07T14:08:14","slug":"8-sierpnia-urodzili-sie-filip-jagiello-daria-wollenberg-i-patryk-olszak-2","status":"publish","type":"post","link":"https:\/\/www.zaglebiak.com\/index.php\/2024\/08\/08\/8-sierpnia-urodzili-sie-filip-jagiello-daria-wollenberg-i-patryk-olszak-2\/","title":{"rendered":"8 sierpnia urodzili si\u0119 Filip Jagie\u0142\u0142o, Daria Wollenberg i Patryk Olszak"},"content":{"rendered":"<div class=\"wp-block-image\">\n<figure class=\"aligncenter\"><img loading=\"lazy\" decoding=\"async\" width=\"958\" height=\"959\" src=\"https:\/\/64.media.tumblr.com\/ec724c0fa852be2db89df709319c7ab2\/75aa546bcbb3225f-01\/s1280x1920\/7f0a86988e684d6a0bca222e8162817b61e1d3fc.jpg\" alt=\"\" class=\"wp-image-20185\"\/><figcaption class=\"wp-element-caption\">Filip Jagie\u0142\u0142o. Fot. zaglebie.com<\/figcaption><\/figure>\n<\/div>\n\n\n<p>Filip Jagie\u0142\u0142o urodzi\u0142 si\u0119 8 sierpnia 1997 roku w Lubinie. Wychowanek Zag\u0142\u0119bia Lubin zwi\u0105zany z naszym klubem do 2019 roku. W Ekstraklasie dla Zag\u0142\u0119bia rozegra\u0142 89 spotka\u0144 i strzeli\u0142 6 bramek. Odszed\u0142 do Genoa CFC 1893. Obecnie jest zawodnikiem Genoi.<\/p>\n\n\n<div class=\"wp-block-image\">\n<figure class=\"aligncenter\"><img loading=\"lazy\" decoding=\"async\" width=\"1080\" height=\"810\" src=\"https:\/\/64.media.tumblr.com\/ab29ce5272411c2f0a516462644898f1\/75aa546bcbb3225f-83\/s1280x1920\/80da0c2fc7eef9e973afb41d45374e3617cf68d1.jpg\" alt=\"\" class=\"wp-image-20183\"\/><figcaption class=\"wp-element-caption\">Daria Wollenberg. Fot. instagram<\/figcaption><\/figure>\n<\/div>\n\n\n<p>Daria Wollenberg obchodzi dzisiaj urodziny. W Zag\u0142\u0119biu Lubin pracowa\u0142a jako starsza specjalistka ds. marketingu i PR-u. Obecnie odpowiada za relacje z otoczeniem klubu w dziale medialnym w G\u00f3rniku Zabrze.<\/p>\n\n\n<div class=\"wp-block-image\">\n<figure class=\"aligncenter\"><img loading=\"lazy\" decoding=\"async\" width=\"2048\" height=\"2048\" src=\"https:\/\/64.media.tumblr.com\/c897435ccbd95853bcf0524106371b09\/75aa546bcbb3225f-66\/s2048x3072\/67f0853fc3d5a094e7daee99d3696972f88d67e6.jpg\" alt=\"\" class=\"wp-image-20187\"\/><figcaption class=\"wp-element-caption\">Patryk Olszak. Fot. z fb<\/figcaption><\/figure>\n<\/div>\n\n\n<p>Patryk Olszak urodzi\u0142 si\u0119 8 sierpnia 1999 roku. Poza s\u0119dziowaniem mecz\u00f3w by\u0142 pracownikiem biura prasowego Zag\u0142\u0119bia Lubin.<\/p>\n","protected":false},"excerpt":{"rendered":"<p>Filip Jagie\u0142\u0142o urodzi\u0142 si\u0119 8 sierpnia 1997 roku w Lubinie. Wychowanek Zag\u0142\u0119bia Lubin zwi\u0105zany z naszym klubem do 2019 roku. W Ekstraklasie dla Zag\u0142\u0119bia rozegra\u0142 89 spotka\u0144 i strzeli\u0142 6&hellip; <\/p>\n","protected":false},"author":1,"featured_media":20185,"comment_status":"open","ping_status":"open","sticky":false,"template":"","format":"standard","meta":{"footnotes":""},"categories":[46],"tags":[1593,106,1594,89],"class_list":["post-25523","post","type-post","status-publish","format-standard","has-post-thumbnail","hentry","category-aktualnosci","tag-daria-wollenberg","tag-filip-jagiello","tag-patryk-olszak","tag-zaglebie-lubin"],"_links":{"self":[{"href":"https:\/\/www.zaglebiak.com\/index.php\/wp-json\/wp\/v2\/posts\/25523","targetHints":{"allow":["GET"]}}],"collection":[{"href":"https:\/\/www.zaglebiak.com\/index.php\/wp-json\/wp\/v2\/posts"}],"about":[{"href":"https:\/\/www.zaglebiak.com\/index.php\/wp-json\/wp\/v2\/types\/post"}],"author":[{"embeddable":true,"href":"https:\/\/www.zaglebiak.com\/index.php\/wp-json\/wp\/v2\/users\/1"}],"replies":[{"embeddable":true,"href":"https:\/\/www.zaglebiak.com\/index.php\/wp-json\/wp\/v2\/comments?post=25523"}],"version-history":[{"count":2,"href":"https:\/\/www.zaglebiak.com\/index.php\/wp-json\/wp\/v2\/posts\/25523\/revisions"}],"predecessor-version":[{"id":25529,"href":"https:\/\/www.zaglebiak.com\/index.php\/wp-json\/wp\/v2\/posts\/25523\/revisions\/25529"}],"wp:featuredmedia":[{"embeddable":true,"href":"https:\/\/www.zaglebiak.com\/index.php\/wp-json\/wp\/v2\/media\/20185"}],"wp:attachment":[{"href":"https:\/\/www.zaglebiak.com\/index.php\/wp-json\/wp\/v2\/media?parent=25523"}],"wp:term":[{"taxonomy":"category","embeddable":true,"href":"https:\/\/www.zaglebiak.com\/index.php\/wp-json\/wp\/v2\/categories?post=25523"},{"taxonomy":"post_tag","embeddable":true,"href":"https:\/\/www.zaglebiak.com\/index.php\/wp-json\/wp\/v2\/tags?post=25523"}],"curies":[{"name":"wp","href":"https:\/\/api.w.org\/{rel}","templated":true}]}}