{"id":25443,"date":"2024-08-05T19:55:08","date_gmt":"2024-08-05T17:55:08","guid":{"rendered":"https:\/\/www.zaglebiak.com\/?p=25443"},"modified":"2024-08-05T19:55:10","modified_gmt":"2024-08-05T17:55:10","slug":"akcja-miedziowyznicz","status":"publish","type":"post","link":"https:\/\/www.zaglebiak.com\/index.php\/2024\/08\/05\/akcja-miedziowyznicz\/","title":{"rendered":"Akcja #miedziowyznicz"},"content":{"rendered":"\n<p>Miedziowy Znicz to jeden ze sztandarowych projekt\u00f3w stowarzyszenia Muzeum Zag\u0142\u0119bia Lubin. Czas p\u0142ynie nieub\u0142aganie, w zwi\u0105zku z czym ka\u017cdego roku odchodz\u0105 od nas kolejne wa\u017cne postacie zwi\u0105zane z Zag\u0142\u0119biem oraz Miedziow\u0105 spo\u0142eczno\u015bci\u0105.&nbsp;<\/p>\n\n\n\n<p>Jednym z fundament\u00f3w naszej misji jest docieranie do tych ludzi, by spisywa\u0107 ich wspomnienia i przekazywa\u0107 ich historie kolejnym pokoleniom, a kiedy przyjdzie na to czas, piel\u0119gnowa\u0107 pami\u0119\u0107 o nich i oddawa\u0107 im szacunek poprzez zapalenie na ich grobach symbolicznych zniczy, by upami\u0119tni\u0107 ich dokonania i wk\u0142ad w nasz\u0105 ma\u0142\u0105 Miedziow\u0105 ojczyzn\u0119.&nbsp;<\/p>\n\n\n\n<p>Projekt Miedziowy Znicz to cykliczne wydarzenie, kt\u00f3re sw\u00f3j pocz\u0105tek b\u0119dzie mie\u0107 ka\u017cdego roku z pocz\u0105tkiem wrze\u015bnia, gdy przygotowywa\u0107 b\u0119dziemy wszystkie aspekty organizacyjne. Jest to jednak jeden z tych projekt\u00f3w, kt\u00f3re bez Waszego wsparcia b\u0119d\u0105 piekielnie trudne w realizacji.<\/p>\n\n\n\n<p>Z tego miejsca zwracamy si\u0119 wi\u0119c do ca\u0142ej Miedziowej spo\u0142eczno\u015bci o pomoc. Los rozrzuci\u0142 nas czasem po ca\u0142ym \u015bwiecie, ale gdziekolwiek przysz\u0142o Wam obecnie \u017cy\u0107, mo\u017cecie by\u0107 cz\u0119\u015bci\u0105 tego projektu. Je\u015bli chcecie ramie w ramie z nami odda\u0107 ho\u0142d i szacunek tym ludziom, dajcie nam zna\u0107. Ka\u017cda para r\u0105k mo\u017ce si\u0119 przyda\u0107.<\/p>\n\n\n\n<p>\u2014&#8212;&#8212;&#8212;&#8212;-\u2014&#8212;&#8212;&#8212;&#8212;-\u2014&#8212;&#8212;&#8212;&#8212;-\u2014&#8212;&#8212;&#8212;&#8212;-\u2014&#8212;&#8212;&#8212;&#8212;-\u2014&#8212;&#8212;&#8212;&#8212;-\u2014&#8212;&#8212;&#8212;&#8212;-<\/p>\n\n\n\n<p>Pocz\u0105tek jednego ze sztandarowych projekt\u00f3w stowarzyszenia Muzeum Zag\u0142\u0119bia Lubin sw\u00f3j pocz\u0105tek mia\u0142 w\u2026 \u0141odzi. Marcin Krakowiak, znany szerzej jako @RetroWidzew i prowadzona przez niego od lat akcja #WidzewskiZnicz by\u0142a bezpo\u015bredni\u0105 inspiracj\u0105 do przeniesienia jej na nasz grunt. Marcin s\u0142u\u017cy\u0142 nam pomoc\u0105 i wsparciem od samego pocz\u0105tku, za co nale\u017cy mu si\u0119 wielki szacunek i nasza wdzi\u0119czno\u015b\u0107.&nbsp;<\/p>\n\n\n\n<p>Zanim jednak o tym, co osi\u0105gn\u0105\u0107 si\u0119 uda\u0142o, kilka s\u0142\u00f3w o kulisach.&nbsp;<\/p>\n\n\n\n<p>Jak si\u0119 pewnie domy\u015blacie, tego typu przedsi\u0119wzi\u0119cie zwi\u0105zane jest z kosztami, kt\u00f3rych ponoszenie przerasta mo\u017cliwo\u015bci przeci\u0119tnego kibica. Nie inaczej by\u0142o w tym wypadku. Ma\u0142o kto z nas mo\u017ce swobodnie przeznaczy\u0107 z w\u0142asnej kieszeni kwot\u0119 kilku tysi\u0119cy z\u0142otych, potrzebnych, aby pokry\u0107 koszty produkcji zniczy, vlepek, koszt\u00f3w transportu oraz wysy\u0142ki materia\u0142\u00f3w do miejsc, do kt\u00f3rych osobi\u015bcie dotrze\u0107 nie by\u0142o mo\u017cliwo\u015bci. Uruchomiona na ten cel zrzutka nie posz\u0142a po naszej my\u015bli, gdy z uda\u0142o si\u0119 zebra\u0107 niespe\u0142na po\u0142ow\u0119 z zak\u0142adanych koszt\u00f3w. Mimo wszystko k\u0142aniamy si\u0119 w pas tym osobom, kt\u00f3re w tym przedsi\u0119wzi\u0119ciu zdecydowa\u0142y nas wesprze\u0107. To dzi\u0119ki Wam wiele z tych zniczy uda\u0142o si\u0119 zapali\u0107 i za to serdecznie Wam dzi\u0119kujemy.&nbsp;<\/p>\n\n\n\n<p>Samo przygotowanie listy miejsc, do kt\u00f3rych chcieli\u015bmy dotrze\u0107, r\u00f3wnie\u017c nie by\u0142o \u0142atwym zadaniem. Okre\u015blona wst\u0119pnie liczba oko\u0142o 100 sztuk bardzo szybko zosta\u0142a przekroczona i ostatecznie zatrzyma\u0142a si\u0119 dopiero na 130 sztukach, a brakuj\u0105ce \u015brodki pokryte zosta\u0142y z prywatnej kieszeni pomys\u0142odawcy oraz g\u0142\u00f3wnego organizatora akcji, niezast\u0105pionego Krzy\u015bka Kostki. W tym samym czasie skontaktowa\u0142 si\u0119 z nami Pawe\u0142 Szyndrowski (wychowanek Zag\u0142\u0119bia z rocznika 1969), kt\u00f3ry nie do\u015b\u0107, \u017ce pom\u00f3g\u0142 z zam\u00f3wieniem, to jeszcze sam zafundowa\u0142 50 kompletnych zestaw\u00f3w (znicz, wk\u0142ad, karta informacyjna), co pozwoli\u0142o dopi\u0105\u0107 akcj\u0119 i dotrze\u0107 na wszystkie zaplanowane groby. Stron\u0119 logistyczn\u0105 pom\u00f3g\u0142 dopi\u0105\u0107 nieoceniony Adam Pytlarz, na kt\u00f3rego zawsze w takich sytuacjach mo\u017cemy liczy\u0107.&nbsp;<\/p>\n\n\n\n<p>Ruszy\u0142a wi\u0119c domowa akcja oklejania zniczy i pakowania. Kilkana\u015bcie sztuk trzeba by\u0142o wys\u0142a\u0107 poczt\u0105 i kurierem. Cz\u0119\u015b\u0107 zosta\u0142a odebrana osobi\u015bcie, a cz\u0119\u015b\u0107 we w\u0142asnym zakresie rozwozili\u015bmy po regionie. Wszystko po to, by w ka\u017cdym z wybranych przez nas 130 miejsc w jednym czasie mog\u0142y symbole pami\u0119ci. Niezmiernie jeste\u015bmy wdzi\u0119czni, \u017ce w tym aspekcie mogli\u015bmy liczy\u0107 na wielk\u0105 pomoc ze strony stowarzyszenia Zag\u0142\u0119bie Fanatyk\u00f3w, kibic\u00f3w zwi\u0105zanych z wieloma FC naszego klubu, ale r\u00f3wnie\u017c kibicom innych klub\u00f3w, kt\u00f3rzy zgodzili si\u0119 pom\u00f3c nam w realizacji akcji. Nale\u017cy Wam si\u0119 za to wielki szacunek.&nbsp;<\/p>\n\n\n\n<p>Osobne podzi\u0119kowania kierujemy dla bliskich i rodzin zmar\u0142ych, kt\u00f3rzy w odleg\u0142e zak\u0105tki Polski zabrali ze sob\u0105 znicz i zapalili go w tym szczeg\u00f3lnym dniu na grobach swoich bliskich. Dzi\u0119ki wsp\u00f3lnym wysi\u0142kom uda\u0142o si\u0119 w pierwszej edycji akcji dotrze\u0107 do:<\/p>\n\n\n\n<p>Brzegu, O\u0142awy, Wroc\u0142awia, Legnicy, Z\u0142otoryi, Boles\u0142awca, Warty Boles\u0142awieckiej, Lipin, Chocianowa, Polkowic, Obory, ale tak\u017ce Szczecina, Poznania, Rzeszowa, Kielc Olsztyna, Krakowa, Cz\u0119stochowy, Katowic czy Chorzowa. To jednak nie wszystko. Uda\u0142o si\u0119 nam dotrze\u0107 r\u00f3wnie\u017c poza granice naszego kraju. Miedziowy Znicz zap\u0142on\u0105\u0142 wi\u0119c te\u017c we Francji, Niemczech, Szwecji, Kanadzie czy Stanach Zjednoczonych.<\/p>\n\n\n\n<p>Czas jednak powiedzie\u0107 te\u017c kilka s\u0142\u00f3w o tym, z jak fantastycznym odzewem spotka\u0142a si\u0119 nasza akcja. Projekt ma bowiem te\u017c drugie oblicze, r\u00f3wnie wa\u017cne jak jego g\u0142\u00f3wny cel. Pozwala bowiem dotrze\u0107 do rodzin wszystkich tych os\u00f3b, kt\u00f3re doceniaj\u0105c pami\u0119\u0107, ch\u0119tnie dziel\u0105 si\u0119 z nami swoimi opowie\u015bciami, czy pami\u0105tkami po swoich bliskich.<\/p>\n\n\n\n<p>By\u0142y \u0142zy wzruszenia, cudowne opowie\u015bci o tacie, m\u0119\u017cu, bracie, dziadku czy wujku. Dzi\u0119ki tym kontaktom powstanie wiele biogram\u00f3w i nowych materia\u0142\u00f3w dotycz\u0105cych naszej klubowej historii. Wiele z tych os\u00f3b nie ukrywa\u0142o rado\u015bci, \u017ce pomimo up\u0142ywaj\u0105cych lat ich bliscy wci\u0105\u017c s\u0105 wa\u017cn\u0105 cz\u0119\u015bci\u0105 Miedziowej To\u017csamo\u015bci.&nbsp;<\/p>\n\n\n\n<p>Najlepsz\u0105 puent\u0105, kt\u00f3ra w ca\u0142o\u015bci wynagradza\u0142a ca\u0142y trud i wysi\u0142ek w\u0142o\u017cony w t\u0119 akcj\u0119, by\u0142y s\u0142owa: <em>\u201cM\u00f3j ojciec do ko\u0144ca \u017cycia by\u0142 dumny, \u017ce gra\u0142 w Zag\u0142\u0119biu\u201d<\/em>,&nbsp;<\/p>\n\n\n\n<p>Zag\u0142\u0119biaku b\u0105d\u017a dumnym kibicem, szanuj histori\u0119 i pokolenia, kt\u00f3re tworzy\u0142y ten klub i by\u0142y przed Tob\u0105!<\/p>\n\n\n\n<p>Podsumowaniem ca\u0142ej akcji by\u0142a msza w intencji zawodnik\u00f3w, trener\u00f3w, dzia\u0142aczy i sympatyk\u00f3w Zag\u0142\u0119bia Lubin oraz lubi\u0144skiej spo\u0142eczno\u015bci sportowej. 30 listopada 2023 r. odby\u0142a si\u0119 w ko\u015bciele pw. Narodzenia Naj\u015bwi\u0119tszej Marii Panny w Lubinie. Podczas tzw. apelu zmar\u0142ych wyczytano z imienia i nazwiska ponad 150 os\u00f3b zwi\u0105zanych z wieloma sekcjami sportowymi Zag\u0142\u0119bia Lubin, Amico Lubin, G\u00f3rnika Lubin, Cuprum Lubin, Tridon Lubin, G\u00f3rnika Polkowice, LUKS Ziemi Lubi\u0144skiej oraz Aeroklubu Zag\u0142\u0119bia Miedziowego. Wspominali\u015bmy r\u00f3wnie\u017c kibic\u00f3w i sympatyk\u00f3w zwi\u0105zanych z lubi\u0144skimi klubami.<\/p>\n\n\n\n<p>To jednak ju\u017c za nami, a my powoli szykujemy si\u0119 ju\u017c do drugiej edycji. W pierwszych dniach wrze\u015bnia ruszymy z kolejn\u0105 zbi\u00f3rk\u0105 funduszy, bowiem w tym roku chcieliby\u015bmy dotrze\u0107 do jeszcze wi\u0119kszej ilo\u015bci miejsc i upami\u0119tni\u0107 jeszcze wi\u0119ksz\u0105 liczb\u0119 os\u00f3b zwi\u0105zanych z Miedziow\u0105 sportow\u0105 spo\u0142eczno\u015bci\u0105 b\u0105d\u017acie wi\u0119c czujni i gdy nadejdzie pora, nie szcz\u0119d\u017acie grosza, by wspom\u00f3c nas w tym wyzwaniu.<\/p>\n\n\n\n<p>Je\u015bli chcieliby\u015bcie wspom\u00f3c nas w tym projekcie, zg\u0142aszajcie si\u0119 do nas ju\u017c teraz. Znacie lokalizacj\u0119 grob\u00f3w os\u00f3b zwi\u0105zanych z Zag\u0142\u0119biem, do kt\u00f3rych dotrze\u0107 w zesz\u0142ym roku si\u0119 nam nie uda\u0142o, a mo\u017ce jeste\u015bcie w stanie pom\u00f3c nam w logistyce? W tym projekcie do pomocy przyda si\u0119 ka\u017cda para r\u0105k.&nbsp;<\/p>\n\n\n\n<p>Dla wygody kontaktu oddajemy Wam:<\/p>\n\n\n\n<ul class=\"wp-block-list\">\n<li>formularz kontaktowy na stronie stowarzyszenia <a href=\"http:\/\/muzeumzl.pl\/kontakt\">www.muzeumzl.pl<\/a><\/li>\n\n\n\n<li>e-mail <a href=\"mailto:kontakt@muzeumzl.pl\">kontakt@muzeumzl.pl<\/a><\/li>\n\n\n\n<li>mo\u017cecie te\u017c kontaktowa\u0107 si\u0119 z nami za pomoc\u0105 Facebooka, Twittera (X) lub Instagrama<\/li>\n<\/ul>\n","protected":false},"excerpt":{"rendered":"<p>Miedziowy Znicz to jeden ze sztandarowych projekt\u00f3w stowarzyszenia Muzeum Zag\u0142\u0119bia Lubin. Czas p\u0142ynie nieub\u0142aganie, w zwi\u0105zku z czym ka\u017cdego roku odchodz\u0105 od nas kolejne wa\u017cne postacie zwi\u0105zane z Zag\u0142\u0119biem oraz&hellip; <\/p>\n","protected":false},"author":5,"featured_media":25445,"comment_status":"open","ping_status":"open","sticky":false,"template":"","format":"standard","meta":{"footnotes":""},"categories":[46,7],"tags":[1598,1974,1434,89],"class_list":["post-25443","post","type-post","status-publish","format-standard","has-post-thumbnail","hentry","category-aktualnosci","category-felietony","tag-miedziowatozsamosc","tag-miedziowyznicz","tag-historia","tag-zaglebie-lubin"],"_links":{"self":[{"href":"https:\/\/www.zaglebiak.com\/index.php\/wp-json\/wp\/v2\/posts\/25443","targetHints":{"allow":["GET"]}}],"collection":[{"href":"https:\/\/www.zaglebiak.com\/index.php\/wp-json\/wp\/v2\/posts"}],"about":[{"href":"https:\/\/www.zaglebiak.com\/index.php\/wp-json\/wp\/v2\/types\/post"}],"author":[{"embeddable":true,"href":"https:\/\/www.zaglebiak.com\/index.php\/wp-json\/wp\/v2\/users\/5"}],"replies":[{"embeddable":true,"href":"https:\/\/www.zaglebiak.com\/index.php\/wp-json\/wp\/v2\/comments?post=25443"}],"version-history":[{"count":1,"href":"https:\/\/www.zaglebiak.com\/index.php\/wp-json\/wp\/v2\/posts\/25443\/revisions"}],"predecessor-version":[{"id":25446,"href":"https:\/\/www.zaglebiak.com\/index.php\/wp-json\/wp\/v2\/posts\/25443\/revisions\/25446"}],"wp:featuredmedia":[{"embeddable":true,"href":"https:\/\/www.zaglebiak.com\/index.php\/wp-json\/wp\/v2\/media\/25445"}],"wp:attachment":[{"href":"https:\/\/www.zaglebiak.com\/index.php\/wp-json\/wp\/v2\/media?parent=25443"}],"wp:term":[{"taxonomy":"category","embeddable":true,"href":"https:\/\/www.zaglebiak.com\/index.php\/wp-json\/wp\/v2\/categories?post=25443"},{"taxonomy":"post_tag","embeddable":true,"href":"https:\/\/www.zaglebiak.com\/index.php\/wp-json\/wp\/v2\/tags?post=25443"}],"curies":[{"name":"wp","href":"https:\/\/api.w.org\/{rel}","templated":true}]}}