{"id":25267,"date":"2024-07-28T10:02:12","date_gmt":"2024-07-28T08:02:12","guid":{"rendered":"https:\/\/www.zaglebiak.com\/?p=25267"},"modified":"2024-07-28T10:02:13","modified_gmt":"2024-07-28T08:02:13","slug":"28-lipca-urodzili-sie-brasilia-zarko-olarevic-i-pawel-kura-4","status":"publish","type":"post","link":"https:\/\/www.zaglebiak.com\/index.php\/2024\/07\/28\/28-lipca-urodzili-sie-brasilia-zarko-olarevic-i-pawel-kura-4\/","title":{"rendered":"28 lipca urodzili si\u0119 Brasilia, \u017barko Olarevi\u0107 i Pawe\u0142 Kura"},"content":{"rendered":"<div class=\"wp-block-image\">\n<figure class=\"aligncenter\"><img loading=\"lazy\" decoding=\"async\" width=\"768\" height=\"1024\" src=\"https:\/\/64.media.tumblr.com\/3b4f25d3e72858821f2069c03bf80e20\/87f237c2c7912cf1-bb\/s1280x1920\/9bccac7ce166116cd3f9a5598bbc2fb555d2045c.jpg\" alt=\"\" class=\"wp-image-19989\"\/><figcaption class=\"wp-element-caption\">Brasilia. Fot. Jerzy Kosi\u0144ski<\/figcaption><\/figure>\n<\/div>\n\n\n<p>Brasilia w\u0142a\u015bc. Cristiano Pereira de Souza urodzi\u0142 si\u0119 28 lipca 1977 roku w Brasilia. Brazylijski napastnik trafi\u0142 do Zag\u0142\u0119bia Lubin z FC Energie Cottbus. Wiosn\u0105 2003 roku rozegra\u0142 15 spotka\u0144 i strzeli\u0142 3 bramki. Odszed\u0142 do Wis\u0142y Krak\u00f3w.<\/p>\n\n\n<div class=\"wp-block-image\">\n<figure class=\"aligncenter\"><img loading=\"lazy\" decoding=\"async\" width=\"375\" height=\"500\" src=\"https:\/\/64.media.tumblr.com\/4bc8c98ddd0b372a9a1df559cb5b3d73\/87f237c2c7912cf1-c2\/s400x600\/42b905b0af9e1f8e6040db67ee6180f334e9f37f.jpg\" alt=\"\" class=\"wp-image-19993\"\/><figcaption class=\"wp-element-caption\">\u017barko Olarevi\u0107<\/figcaption><\/figure>\n<\/div>\n\n\n<p>\u017barko Olarevi\u0107 urodzi\u0142 si\u0119 28 lipca 1950 roku w Belgradzie. W 2003 roku zastapi\u0142 trenera Adama Topolskiego na stanowisku szkoleniowca Zag\u0142\u0119bia Lubin. W grudniu 2003 roku po kilku niestosownych wypowiedziach o zawodnikach i dzia\u0142aczach zosta\u0142 zast\u0105piony przez Drazena Beska.<\/p>\n\n\n<div class=\"wp-block-image\">\n<figure class=\"aligncenter\"><img loading=\"lazy\" decoding=\"async\" width=\"1418\" height=\"1418\" src=\"https:\/\/64.media.tumblr.com\/d8079f1dfbeed2216a6ab1ca55b07d7f\/87f237c2c7912cf1-5c\/s2048x3072\/86faf4ba070544f3dc806208d6558ed05d5121c9.jpg\" alt=\"\" class=\"wp-image-19991\"\/><figcaption class=\"wp-element-caption\">Pawe\u0142 Kura. Fot. z fb<\/figcaption><\/figure>\n<\/div>\n\n\n<p>Pawe\u0142 Kura obchodzi dzisiaj urodziny. By\u0142 cz\u0142onkiem Rady Nadzorczej Zag\u0142\u0119bia Lubin.<\/p>\n","protected":false},"excerpt":{"rendered":"<p>Brasilia w\u0142a\u015bc. Cristiano Pereira de Souza urodzi\u0142 si\u0119 28 lipca 1977 roku w Brasilia. Brazylijski napastnik trafi\u0142 do Zag\u0142\u0119bia Lubin z FC Energie Cottbus. Wiosn\u0105 2003 roku rozegra\u0142 15 spotka\u0144&hellip; <\/p>\n","protected":false},"author":1,"featured_media":19987,"comment_status":"open","ping_status":"open","sticky":false,"template":"","format":"standard","meta":{"footnotes":""},"categories":[46],"tags":[990,988,89,989],"class_list":["post-25267","post","type-post","status-publish","format-standard","has-post-thumbnail","hentry","category-aktualnosci","tag-brasilia","tag-pawel-kura","tag-zaglebie-lubin","tag-zarko-olarevic"],"_links":{"self":[{"href":"https:\/\/www.zaglebiak.com\/index.php\/wp-json\/wp\/v2\/posts\/25267","targetHints":{"allow":["GET"]}}],"collection":[{"href":"https:\/\/www.zaglebiak.com\/index.php\/wp-json\/wp\/v2\/posts"}],"about":[{"href":"https:\/\/www.zaglebiak.com\/index.php\/wp-json\/wp\/v2\/types\/post"}],"author":[{"embeddable":true,"href":"https:\/\/www.zaglebiak.com\/index.php\/wp-json\/wp\/v2\/users\/1"}],"replies":[{"embeddable":true,"href":"https:\/\/www.zaglebiak.com\/index.php\/wp-json\/wp\/v2\/comments?post=25267"}],"version-history":[{"count":1,"href":"https:\/\/www.zaglebiak.com\/index.php\/wp-json\/wp\/v2\/posts\/25267\/revisions"}],"predecessor-version":[{"id":25268,"href":"https:\/\/www.zaglebiak.com\/index.php\/wp-json\/wp\/v2\/posts\/25267\/revisions\/25268"}],"wp:featuredmedia":[{"embeddable":true,"href":"https:\/\/www.zaglebiak.com\/index.php\/wp-json\/wp\/v2\/media\/19987"}],"wp:attachment":[{"href":"https:\/\/www.zaglebiak.com\/index.php\/wp-json\/wp\/v2\/media?parent=25267"}],"wp:term":[{"taxonomy":"category","embeddable":true,"href":"https:\/\/www.zaglebiak.com\/index.php\/wp-json\/wp\/v2\/categories?post=25267"},{"taxonomy":"post_tag","embeddable":true,"href":"https:\/\/www.zaglebiak.com\/index.php\/wp-json\/wp\/v2\/tags?post=25267"}],"curies":[{"name":"wp","href":"https:\/\/api.w.org\/{rel}","templated":true}]}}