{"id":25243,"date":"2024-07-25T03:56:00","date_gmt":"2024-07-25T01:56:00","guid":{"rendered":"https:\/\/www.zaglebiak.com\/?p=25243"},"modified":"2024-07-23T13:58:29","modified_gmt":"2024-07-23T11:58:29","slug":"25-lipca-urodzili-sie-leszek-tomalski-silvio-rodic-fernando-dinis-i-krzysztof-ulatowski-2","status":"publish","type":"post","link":"https:\/\/www.zaglebiak.com\/index.php\/2024\/07\/25\/25-lipca-urodzili-sie-leszek-tomalski-silvio-rodic-fernando-dinis-i-krzysztof-ulatowski-2\/","title":{"rendered":"25 lipca urodzili si\u0119 Leszek Tomalski, Silvio Rodi\u0107, Fernando Dinis i Krzysztof Ulatowski"},"content":{"rendered":"<div class=\"wp-block-image\">\n<figure class=\"aligncenter\"><img loading=\"lazy\" decoding=\"async\" width=\"2048\" height=\"1436\" src=\"https:\/\/64.media.tumblr.com\/26d5d1a7abe4a031bd0cffe2fefc17fe\/4bad3fffb131f38d-b4\/s2048x3072\/6f990e354fff0d6ce3953bc3e22ef58188944e18.jpg\" alt=\"\" class=\"wp-image-19959\"\/><figcaption class=\"wp-element-caption\">Leszek Tomalski w swoim gabinecie. Fot. archiwum rodziny<\/figcaption><\/figure>\n<\/div>\n\n\n<p>Leszek Tomalski urodzi\u0142 si\u0119 25 lipca 1953 roku. By\u0142 prezesem Zag\u0142\u0119bia Lubin. Przej\u0105\u0142 stery Zag\u0142\u0119bia Lubin po prezesie Witoldzie Parchimowiczu i piastowa\u0142 to stanowisko w latach 1989-1990. W tym czasie Zag\u0142\u0119bie zdoby\u0142o wicemistrzostwo Polski i w kolejnym sezonie walczy\u0142o o mistrzowski tytu\u0142.&nbsp;Zmar\u0142 5 stycznia 2022 roku.<\/p>\n\n\n\n<figure class=\"wp-block-embed is-type-wp-embed is-provider-zag-biak wp-block-embed-zag-biak\"><div class=\"wp-block-embed__wrapper\">\n<blockquote class=\"wp-embedded-content\" data-secret=\"qFNokgAaJI\"><a href=\"https:\/\/www.zaglebiak.com\/index.php\/2023\/06\/22\/leszek-tomalski-25-07-1953-05-01-2022\/\">Leszek Tomalski 25.07.1953 &#8211; 05.01.2022<\/a><\/blockquote><iframe loading=\"lazy\" class=\"wp-embedded-content\" sandbox=\"allow-scripts\" security=\"restricted\" style=\"position: absolute; visibility: hidden;\" title=\"&#8222;Leszek Tomalski 25.07.1953 &#8211; 05.01.2022&#8221; &#8212; Zag\u0142\u0119biak\" src=\"https:\/\/www.zaglebiak.com\/index.php\/2023\/06\/22\/leszek-tomalski-25-07-1953-05-01-2022\/embed\/#?secret=BuOYRm0BCq#?secret=qFNokgAaJI\" data-secret=\"qFNokgAaJI\" width=\"600\" height=\"338\" frameborder=\"0\" marginwidth=\"0\" marginheight=\"0\" scrolling=\"no\"><\/iframe>\n<\/div><\/figure>\n\n\n<div class=\"wp-block-image\">\n<figure class=\"aligncenter\"><img loading=\"lazy\" decoding=\"async\" width=\"2034\" height=\"3072\" src=\"https:\/\/64.media.tumblr.com\/5894cc2e55164c1ec3136422cd50f02e\/4bad3fffb131f38d-89\/s2048x3072\/a3fee7ea87b3586913e2cb8f4a5baba52b2be039.jpg\" alt=\"\" class=\"wp-image-19961\"\/><figcaption class=\"wp-element-caption\">Silvio Rodi\u0107<\/figcaption><\/figure>\n<\/div>\n\n\n<p>Silvio Rodi\u0107 urodzi\u0142 si\u0119 25 lipca 1987 roku w Osijek. Chorwacki bramkarz trafi\u0142 do nas z NL Slaven. Wiosn\u0105 2014 roku rozegra\u0142 12 spotka\u0144. Odszed\u0142 do G\u00f3rnika \u0141\u0119czna.<\/p>\n\n\n<div class=\"wp-block-image\">\n<figure class=\"aligncenter\"><img loading=\"lazy\" decoding=\"async\" width=\"540\" height=\"520\" src=\"https:\/\/64.media.tumblr.com\/ce98a982f25b2c32a687042d5712015d\/4bad3fffb131f38d-c5\/s540x810\/a8200c20ee745157ca690c28c53e9299b018a234.jpg\" alt=\"\" class=\"wp-image-19955\"\/><figcaption class=\"wp-element-caption\">Fernando Dinis<\/figcaption><\/figure>\n<\/div>\n\n\n<p>Fernando Dinis urodzi\u0142 si\u0119 25 lipca 1982 roku w Vila Real. Portugalski obro\u0144ca trafi\u0142 do Zag\u0142\u0119bia Lubin z SC Beira Mar. W latach 2009-2011 rozegra\u0142 dla nas 28 spotka\u0144 i strzeli\u0142 1 bramk\u0119.<\/p>\n\n\n<div class=\"wp-block-image\">\n<figure class=\"aligncenter\"><img loading=\"lazy\" decoding=\"async\" width=\"443\" height=\"664\" src=\"https:\/\/64.media.tumblr.com\/5a9dceb06541dd44df769f1a4caad669\/44d7ffe5534feb6c-b4\/s500x750\/2082283d6db4d4e8514be7f62a64de1d690ba4bc.jpg\" alt=\"\" class=\"wp-image-19964\"\/><figcaption class=\"wp-element-caption\">Krzysztof Ulatowski<\/figcaption><\/figure>\n<\/div>\n\n\n<p>Krzysztof Ulatowski urodzi\u0142 si\u0119 25 lipca 1980 roku w Trzebnicy. Karier\u0119 rozpoczyna\u0142 w Orkanie Ligota Pi\u0119kna. Najbardziej znany z gry w \u015al\u0105sku Wroc\u0142aw. W Zag\u0142\u0119biu Lubin sp\u0119dzi\u0142 jesie\u0144 2003, gdzie rozegra\u0142 10 spotka\u0144 i strzeli\u0142 1 bramk\u0119.<\/p>\n","protected":false},"excerpt":{"rendered":"<p>Leszek Tomalski urodzi\u0142 si\u0119 25 lipca 1953 roku. By\u0142 prezesem Zag\u0142\u0119bia Lubin. Przej\u0105\u0142 stery Zag\u0142\u0119bia Lubin po prezesie Witoldzie Parchimowiczu i piastowa\u0142 to stanowisko w latach 1989-1990. W tym czasie&hellip; <\/p>\n","protected":false},"author":1,"featured_media":19959,"comment_status":"open","ping_status":"open","sticky":false,"template":"","format":"standard","meta":{"footnotes":""},"categories":[46],"tags":[982,1881,1298,981,89],"class_list":["post-25243","post","type-post","status-publish","format-standard","has-post-thumbnail","hentry","category-aktualnosci","tag-fernando-dinis","tag-krzysztof-ulatowski","tag-leszek-tomalski","tag-silvio-rodic","tag-zaglebie-lubin"],"_links":{"self":[{"href":"https:\/\/www.zaglebiak.com\/index.php\/wp-json\/wp\/v2\/posts\/25243","targetHints":{"allow":["GET"]}}],"collection":[{"href":"https:\/\/www.zaglebiak.com\/index.php\/wp-json\/wp\/v2\/posts"}],"about":[{"href":"https:\/\/www.zaglebiak.com\/index.php\/wp-json\/wp\/v2\/types\/post"}],"author":[{"embeddable":true,"href":"https:\/\/www.zaglebiak.com\/index.php\/wp-json\/wp\/v2\/users\/1"}],"replies":[{"embeddable":true,"href":"https:\/\/www.zaglebiak.com\/index.php\/wp-json\/wp\/v2\/comments?post=25243"}],"version-history":[{"count":1,"href":"https:\/\/www.zaglebiak.com\/index.php\/wp-json\/wp\/v2\/posts\/25243\/revisions"}],"predecessor-version":[{"id":25244,"href":"https:\/\/www.zaglebiak.com\/index.php\/wp-json\/wp\/v2\/posts\/25243\/revisions\/25244"}],"wp:featuredmedia":[{"embeddable":true,"href":"https:\/\/www.zaglebiak.com\/index.php\/wp-json\/wp\/v2\/media\/19959"}],"wp:attachment":[{"href":"https:\/\/www.zaglebiak.com\/index.php\/wp-json\/wp\/v2\/media?parent=25243"}],"wp:term":[{"taxonomy":"category","embeddable":true,"href":"https:\/\/www.zaglebiak.com\/index.php\/wp-json\/wp\/v2\/categories?post=25243"},{"taxonomy":"post_tag","embeddable":true,"href":"https:\/\/www.zaglebiak.com\/index.php\/wp-json\/wp\/v2\/tags?post=25243"}],"curies":[{"name":"wp","href":"https:\/\/api.w.org\/{rel}","templated":true}]}}