{"id":25231,"date":"2024-07-22T02:37:00","date_gmt":"2024-07-22T00:37:00","guid":{"rendered":"https:\/\/www.zaglebiak.com\/?p=25231"},"modified":"2024-07-21T22:39:12","modified_gmt":"2024-07-21T20:39:12","slug":"22-lipca-urodzili-sie-kamil-mazek-i-darvydas-sernas-4","status":"publish","type":"post","link":"https:\/\/www.zaglebiak.com\/index.php\/2024\/07\/22\/22-lipca-urodzili-sie-kamil-mazek-i-darvydas-sernas-4\/","title":{"rendered":"22 lipca urodzili si\u0119 Kamil Mazek i Darvydas Sernas"},"content":{"rendered":"<div class=\"wp-block-image\">\n<figure class=\"aligncenter\"><img loading=\"lazy\" decoding=\"async\" width=\"768\" height=\"920\" src=\"https:\/\/64.media.tumblr.com\/34760ee0883fff04ae839e4c7f4f73e9\/2ea7ca02a39ce658-24\/s1280x1920\/e8ce8bda1b120b1a7311b592c3b8b7c19e01faad.jpg\" alt=\"\" class=\"wp-image-19926\"\/><figcaption class=\"wp-element-caption\">Kamil Mazek. Fot. zaglebie.com<\/figcaption><\/figure>\n<\/div>\n\n\n<p>Kamil Mazek urodzi\u0142 si\u0119 22 lipca 1994 roku w Warszawie. Wychowanek Legii Warszawa trafi\u0142 do Zag\u0142\u0119bia Lubin z Ruchu Chorz\u00f3w. W latach 2017-2020 rozegra\u0142 dla Zag\u0142\u0119bia Lubin 16 spotka\u0144 i strzeli\u0142 2 bramki. Obecnie jest zawodnikiem Resovii.<\/p>\n\n\n<div class=\"wp-block-image\">\n<figure class=\"aligncenter\"><img loading=\"lazy\" decoding=\"async\" width=\"2048\" height=\"3046\" src=\"https:\/\/64.media.tumblr.com\/5d3866cdc07002bdbd3aa53f84e1bcfe\/2ea7ca02a39ce658-b2\/s2048x3072\/a1a6ea56c43048b7565247750661a171fb3ba113.jpg\" alt=\"\" class=\"wp-image-19924\"\/><figcaption class=\"wp-element-caption\">Darvydas Sernas<\/figcaption><\/figure>\n<\/div>\n\n\n<p>Darvydas Sernas urodzi\u0142 si\u0119 22 lipca 1984 roku w Olicie. Litewski napastnik trafi\u0142 do Zag\u0142\u0119bia Lubin z Widzewa \u0141\u00f3d\u017a. W latach 2011-2012 rozegra\u0142 39 spotka\u0144 i strzeli\u0142 5 bramek. Odszed\u0142 do tureckiego Gaziantepspor Kulubu.<\/p>\n","protected":false},"excerpt":{"rendered":"<p>Kamil Mazek urodzi\u0142 si\u0119 22 lipca 1994 roku w Warszawie. Wychowanek Legii Warszawa trafi\u0142 do Zag\u0142\u0119bia Lubin z Ruchu Chorz\u00f3w. W latach 2017-2020 rozegra\u0142 dla Zag\u0142\u0119bia Lubin 16 spotka\u0144 i&hellip; <\/p>\n","protected":false},"author":1,"featured_media":19926,"comment_status":"open","ping_status":"open","sticky":false,"template":"","format":"standard","meta":{"footnotes":""},"categories":[46],"tags":[603,960,89],"class_list":["post-25231","post","type-post","status-publish","format-standard","has-post-thumbnail","hentry","category-aktualnosci","tag-darvydas-sernas","tag-kamil-mazek","tag-zaglebie-lubin"],"_links":{"self":[{"href":"https:\/\/www.zaglebiak.com\/index.php\/wp-json\/wp\/v2\/posts\/25231","targetHints":{"allow":["GET"]}}],"collection":[{"href":"https:\/\/www.zaglebiak.com\/index.php\/wp-json\/wp\/v2\/posts"}],"about":[{"href":"https:\/\/www.zaglebiak.com\/index.php\/wp-json\/wp\/v2\/types\/post"}],"author":[{"embeddable":true,"href":"https:\/\/www.zaglebiak.com\/index.php\/wp-json\/wp\/v2\/users\/1"}],"replies":[{"embeddable":true,"href":"https:\/\/www.zaglebiak.com\/index.php\/wp-json\/wp\/v2\/comments?post=25231"}],"version-history":[{"count":1,"href":"https:\/\/www.zaglebiak.com\/index.php\/wp-json\/wp\/v2\/posts\/25231\/revisions"}],"predecessor-version":[{"id":25232,"href":"https:\/\/www.zaglebiak.com\/index.php\/wp-json\/wp\/v2\/posts\/25231\/revisions\/25232"}],"wp:featuredmedia":[{"embeddable":true,"href":"https:\/\/www.zaglebiak.com\/index.php\/wp-json\/wp\/v2\/media\/19926"}],"wp:attachment":[{"href":"https:\/\/www.zaglebiak.com\/index.php\/wp-json\/wp\/v2\/media?parent=25231"}],"wp:term":[{"taxonomy":"category","embeddable":true,"href":"https:\/\/www.zaglebiak.com\/index.php\/wp-json\/wp\/v2\/categories?post=25231"},{"taxonomy":"post_tag","embeddable":true,"href":"https:\/\/www.zaglebiak.com\/index.php\/wp-json\/wp\/v2\/tags?post=25231"}],"curies":[{"name":"wp","href":"https:\/\/api.w.org\/{rel}","templated":true}]}}