{"id":25221,"date":"2024-07-21T09:05:43","date_gmt":"2024-07-21T07:05:43","guid":{"rendered":"https:\/\/www.zaglebiak.com\/?p=25221"},"modified":"2024-07-21T09:05:45","modified_gmt":"2024-07-21T07:05:45","slug":"21-lipca-urodzili-sie-ryszard-matloka-i-rafal-pietka-2","status":"publish","type":"post","link":"https:\/\/www.zaglebiak.com\/index.php\/2024\/07\/21\/21-lipca-urodzili-sie-ryszard-matloka-i-rafal-pietka-2\/","title":{"rendered":"21 lipca urodzili si\u0119 Ryszard Mat\u0142oka i Rafa\u0142 Pi\u0119tka"},"content":{"rendered":"<div class=\"wp-block-image\">\n<figure class=\"aligncenter\"><img loading=\"lazy\" decoding=\"async\" width=\"1856\" height=\"1275\" src=\"https:\/\/64.media.tumblr.com\/42aced71ed95682d45a32b44fc0a9a37\/63ebc2cfa6e04df1-d5\/s2048x3072\/8dc6a830d21b38bc1fdd8797a8ccb41e3a699dcf.jpg\" alt=\"\" class=\"wp-image-19903\"\/><figcaption class=\"wp-element-caption\">Ryszard Mat\u0142oka stoi w \u015brodkowym rz\u0119dzie 3 od prawej<\/figcaption><\/figure>\n<\/div>\n\n\n<p>Ryszard Mat\u0142oka urodzi\u0142 si\u0119 21 lipca 1947 roku w Poznaniu. Do Zag\u0142\u0119bia Lubin trafi\u0142 z Lecha Pozna\u0144 w 1973 roku. Gra\u0142 w 3 i 2 ligowym Zag\u0142\u0119biu. W latach 80 asystent trenera Szerszenowicza i R\u00f3\u017ca\u0144skiego.<\/p>\n\n\n<div class=\"wp-block-image\">\n<figure class=\"aligncenter\"><img loading=\"lazy\" decoding=\"async\" width=\"852\" height=\"569\" src=\"https:\/\/64.media.tumblr.com\/1212b0cfb7ae693b21d7663f9a0fe961\/63ebc2cfa6e04df1-51\/s1280x1920\/116f684bc9cec6c6bddc72608db5fce3c80e2fd2.jpg\" alt=\"\" class=\"wp-image-19901\"\/><figcaption class=\"wp-element-caption\">Rafa\u0142 Pi\u0119tka. Fot. Adam Chrzanowski<\/figcaption><\/figure>\n<\/div>\n\n\n<p>Rafa\u0142 Pi\u0119tka urodzi\u0142 si\u0119 21 lipca 1980 roku w Bydgoszczy. Wychowanek Zawiszy Bydgoszcz trafi\u0142 do Zag\u0142\u0119bia Lubin jesieni\u0105 2003 roku. W latach 2003-2005 rozegra\u0142 w ESA 14 spotka\u0144 i strzeli\u0142 2 bramki. Odszed\u0142 do Radomiaka Radom, a karier\u0119 ko\u0144czy\u0142 w bydgoskim Zawiszy.<\/p>\n","protected":false},"excerpt":{"rendered":"<p>Ryszard Mat\u0142oka urodzi\u0142 si\u0119 21 lipca 1947 roku w Poznaniu. Do Zag\u0142\u0119bia Lubin trafi\u0142 z Lecha Pozna\u0144 w 1973 roku. Gra\u0142 w 3 i 2 ligowym Zag\u0142\u0119biu. W latach 80&hellip; <\/p>\n","protected":false},"author":1,"featured_media":19905,"comment_status":"open","ping_status":"open","sticky":false,"template":"","format":"standard","meta":{"footnotes":""},"categories":[46],"tags":[1559,959,89],"class_list":["post-25221","post","type-post","status-publish","format-standard","has-post-thumbnail","hentry","category-aktualnosci","tag-rafal-pietka","tag-ryszard-matloka","tag-zaglebie-lubin"],"_links":{"self":[{"href":"https:\/\/www.zaglebiak.com\/index.php\/wp-json\/wp\/v2\/posts\/25221","targetHints":{"allow":["GET"]}}],"collection":[{"href":"https:\/\/www.zaglebiak.com\/index.php\/wp-json\/wp\/v2\/posts"}],"about":[{"href":"https:\/\/www.zaglebiak.com\/index.php\/wp-json\/wp\/v2\/types\/post"}],"author":[{"embeddable":true,"href":"https:\/\/www.zaglebiak.com\/index.php\/wp-json\/wp\/v2\/users\/1"}],"replies":[{"embeddable":true,"href":"https:\/\/www.zaglebiak.com\/index.php\/wp-json\/wp\/v2\/comments?post=25221"}],"version-history":[{"count":1,"href":"https:\/\/www.zaglebiak.com\/index.php\/wp-json\/wp\/v2\/posts\/25221\/revisions"}],"predecessor-version":[{"id":25222,"href":"https:\/\/www.zaglebiak.com\/index.php\/wp-json\/wp\/v2\/posts\/25221\/revisions\/25222"}],"wp:featuredmedia":[{"embeddable":true,"href":"https:\/\/www.zaglebiak.com\/index.php\/wp-json\/wp\/v2\/media\/19905"}],"wp:attachment":[{"href":"https:\/\/www.zaglebiak.com\/index.php\/wp-json\/wp\/v2\/media?parent=25221"}],"wp:term":[{"taxonomy":"category","embeddable":true,"href":"https:\/\/www.zaglebiak.com\/index.php\/wp-json\/wp\/v2\/categories?post=25221"},{"taxonomy":"post_tag","embeddable":true,"href":"https:\/\/www.zaglebiak.com\/index.php\/wp-json\/wp\/v2\/tags?post=25221"}],"curies":[{"name":"wp","href":"https:\/\/api.w.org\/{rel}","templated":true}]}}