{"id":25207,"date":"2024-07-19T06:54:00","date_gmt":"2024-07-19T04:54:00","guid":{"rendered":"https:\/\/www.zaglebiak.com\/?p=25207"},"modified":"2024-07-19T16:57:22","modified_gmt":"2024-07-19T14:57:22","slug":"19-lipca-urodzili-sie-tomasz-makowski-adam-matysek-marian-falkiewicz-michal-zapasnik-krystian-kalinowski-i-wojciech-zynek-2","status":"publish","type":"post","link":"https:\/\/www.zaglebiak.com\/index.php\/2024\/07\/19\/19-lipca-urodzili-sie-tomasz-makowski-adam-matysek-marian-falkiewicz-michal-zapasnik-krystian-kalinowski-i-wojciech-zynek-2\/","title":{"rendered":"19 lipca urodzili si\u0119 Tomasz Makowski, Adam Matysek, Marian Falkiewicz, Micha\u0142 Zapa\u015bnik, Krystian Kalinowski i Wojciech Zynek"},"content":{"rendered":"<div class=\"wp-block-image\">\n<figure class=\"aligncenter\"><img loading=\"lazy\" decoding=\"async\" width=\"852\" height=\"640\" src=\"https:\/\/64.media.tumblr.com\/e9bf1a5ec1f6b06349fad136980f6f49\/179924b7e29e147d-1e\/s1280x1920\/9b2b89c95a252c5f142e6c45ee22dbf88c3286ab.jpg\" alt=\"\" class=\"wp-image-19780\"\/><figcaption class=\"wp-element-caption\">Tomasz Makowski. Fot. zaglebie.com<\/figcaption><\/figure>\n<\/div>\n\n\n<p>Tomasz Makowski urodzi\u0142 si\u0119 19 lipca 1999 roku w Zgierzu. Wychowanek WUKS Rosan\u00f3w. Do Zag\u0142\u0119bia Lubin trafi\u0142 przed sezonem z Lechii Gda\u0144sk. Zaliczy\u0142 debiut w meczu derbowym ze \u015al\u0105skiem Wroc\u0142aw.<\/p>\n\n\n<div class=\"wp-block-image\">\n<figure class=\"aligncenter is-resized\"><img loading=\"lazy\" decoding=\"async\" width=\"404\" height=\"305\" src=\"https:\/\/64.media.tumblr.com\/881c37f2ab1c1473b135d3fcfb7e317e\/179924b7e29e147d-58\/s500x750\/8f65266a79fb92e21c6afc54e0c4f9ec882f9cd5.jpg\" alt=\"\" class=\"wp-image-19776\" style=\"width:840px;height:auto\"\/><figcaption class=\"wp-element-caption\">Adam Matysek<\/figcaption><\/figure>\n<\/div>\n\n\n<p>Adam Matysek urodzi\u0142 si\u0119 19 lipca 1968 roku w Piekarach \u015al\u0105skich. Do Zag\u0142\u0119bia Lubin trafi\u0142 z Bayeru Leverkusen. Jesieni\u0105 2001 roku w barwach Zag\u0142\u0119bia Lubin rozegra\u0142 5 spotka\u0144. Odszed\u0142 do RKS-u Radomsko. Bramkarz rozegra\u0142 34 spotkania w Reprezentacji Polski.<\/p>\n\n\n\n<p>Marian Falkiewicz urodzi\u0142 si\u0119 19 lipca 1924 roku. By\u0142 obro\u0144c\u0105 Gwardii Lubin. Zmar\u0142 16 stycznia 1966 roku. Pochowany jest w Lubinie.<\/p>\n\n\n<div class=\"wp-block-image\">\n<figure class=\"aligncenter\"><img loading=\"lazy\" decoding=\"async\" width=\"439\" height=\"397\" src=\"https:\/\/64.media.tumblr.com\/b0b63e9af0b548389d8d34be4da2ba51\/179924b7e29e147d-90\/s500x750\/af6c612a65547a493e9ff7c9e3c3cdc1be626ff8.jpg\" alt=\"\" class=\"wp-image-19778\"\/><figcaption class=\"wp-element-caption\">Micha\u0142 Zapa\u015bnik. Fot. polonia.waw.pl<\/figcaption><\/figure>\n<\/div>\n\n\n<p>Micha\u0142 Zapa\u015bnik urodzi\u0142 si\u0119 19 lipca 1988 roku w Otwocku. W Zag\u0142\u0119biu Lubin w latach 2006-2008. Wiosn\u0105 2008 roku zadebiutowa\u0142 w pierwszej dru\u017cynie Zag\u0142\u0119bia Lubin. Odszed\u0142 do Dolcanu Z\u0105bki. Gra\u0142 m. in. w Starcie Otwock, Polonii Warszawa, Zniczu Pruszk\u00f3w i Huraganie Wo\u0142omin.<\/p>\n\n\n<div class=\"wp-block-image\">\n<figure class=\"aligncenter is-resized\"><img loading=\"lazy\" decoding=\"async\" width=\"140\" height=\"160\" src=\"https:\/\/64.media.tumblr.com\/48b236c75a8b44e59a0ca0a63b67948a\/179924b7e29e147d-95\/s250x400\/61b228e2b383ebc4dd910101059c12bf3ca76a32.jpg\" alt=\"\" class=\"wp-image-19784\" style=\"width:382px;height:auto\"\/><figcaption class=\"wp-element-caption\">Krystian Kalinowski<\/figcaption><\/figure>\n<\/div>\n\n\n<p>Krystian Kalinowski urodzi\u0142 si\u0119 19 lipca 1985 roku w Braniewie. W latach 2002-2007 reprezentowa\u0142 dru\u017cyny Zag\u0142\u0119bia Lubin. W pierwszej dru\u017cynie rozegra\u0142 5 spotka\u0144 w Ekstraklasie.<\/p>\n\n\n<div class=\"wp-block-image\">\n<figure class=\"aligncenter\"><img loading=\"lazy\" decoding=\"async\" width=\"553\" height=\"726\" src=\"https:\/\/64.media.tumblr.com\/096d0dfb60d9d91a3fef802fa6b2cd85\/179924b7e29e147d-66\/s640x960\/94e1e1667dec968b25a9c9523ba51316bec2659c.jpg\" alt=\"\" class=\"wp-image-19782\"\/><figcaption class=\"wp-element-caption\">Wojciech Zynek. Fot. z fb<\/figcaption><\/figure>\n<\/div>\n\n\n<p>Wojciech Zynek urodzi\u0142 si\u0119 19 lipca 1972 roku. By\u0142y zawodnik Zag\u0142\u0119bia Lubin. Prywatnie ojciec Bartosza Zynka, kt\u00f3ry z Zag\u0142\u0119bia przeni\u00f3s\u0142 si\u0119 do Wis\u0142y P\u0142ock.<\/p>\n","protected":false},"excerpt":{"rendered":"<p>Tomasz Makowski urodzi\u0142 si\u0119 19 lipca 1999 roku w Zgierzu. Wychowanek WUKS Rosan\u00f3w. Do Zag\u0142\u0119bia Lubin trafi\u0142 przed sezonem z Lechii Gda\u0144sk. Zaliczy\u0142 debiut w meczu derbowym ze \u015al\u0105skiem Wroc\u0142aw.&hellip; <\/p>\n","protected":false},"author":1,"featured_media":19780,"comment_status":"open","ping_status":"open","sticky":false,"template":"","format":"standard","meta":{"footnotes":""},"categories":[46],"tags":[344,958,956,1540,957,89],"class_list":["post-25207","post","type-post","status-publish","format-standard","has-post-thumbnail","hentry","category-aktualnosci","tag-adam-matysek","tag-marian-falkiewicz","tag-michal-zapasnik","tag-tomasz-makowski","tag-wojciech-zynek","tag-zaglebie-lubin"],"_links":{"self":[{"href":"https:\/\/www.zaglebiak.com\/index.php\/wp-json\/wp\/v2\/posts\/25207","targetHints":{"allow":["GET"]}}],"collection":[{"href":"https:\/\/www.zaglebiak.com\/index.php\/wp-json\/wp\/v2\/posts"}],"about":[{"href":"https:\/\/www.zaglebiak.com\/index.php\/wp-json\/wp\/v2\/types\/post"}],"author":[{"embeddable":true,"href":"https:\/\/www.zaglebiak.com\/index.php\/wp-json\/wp\/v2\/users\/1"}],"replies":[{"embeddable":true,"href":"https:\/\/www.zaglebiak.com\/index.php\/wp-json\/wp\/v2\/comments?post=25207"}],"version-history":[{"count":1,"href":"https:\/\/www.zaglebiak.com\/index.php\/wp-json\/wp\/v2\/posts\/25207\/revisions"}],"predecessor-version":[{"id":25208,"href":"https:\/\/www.zaglebiak.com\/index.php\/wp-json\/wp\/v2\/posts\/25207\/revisions\/25208"}],"wp:featuredmedia":[{"embeddable":true,"href":"https:\/\/www.zaglebiak.com\/index.php\/wp-json\/wp\/v2\/media\/19780"}],"wp:attachment":[{"href":"https:\/\/www.zaglebiak.com\/index.php\/wp-json\/wp\/v2\/media?parent=25207"}],"wp:term":[{"taxonomy":"category","embeddable":true,"href":"https:\/\/www.zaglebiak.com\/index.php\/wp-json\/wp\/v2\/categories?post=25207"},{"taxonomy":"post_tag","embeddable":true,"href":"https:\/\/www.zaglebiak.com\/index.php\/wp-json\/wp\/v2\/tags?post=25207"}],"curies":[{"name":"wp","href":"https:\/\/api.w.org\/{rel}","templated":true}]}}