{"id":25086,"date":"2024-06-28T15:02:38","date_gmt":"2024-06-28T13:02:38","guid":{"rendered":"https:\/\/www.zaglebiak.com\/?p=25086"},"modified":"2024-06-28T15:21:21","modified_gmt":"2024-06-28T13:21:21","slug":"28-czerwca-urodzili-sie-oliwier-zych-i-jakub-loboda-4","status":"publish","type":"post","link":"https:\/\/www.zaglebiak.com\/index.php\/2024\/06\/28\/28-czerwca-urodzili-sie-oliwier-zych-i-jakub-loboda-4\/","title":{"rendered":"28 czerwca urodzili si\u0119 Oliwier Zych, Mateusz Dziewiatowski i Jakub \u0141oboda"},"content":{"rendered":"<div class=\"wp-block-image\">\n<figure class=\"aligncenter\"><img loading=\"lazy\" decoding=\"async\" width=\"768\" height=\"920\" src=\"https:\/\/64.media.tumblr.com\/1f3405a421339b898a26fbe47ce0cc71\/51180b38044c36a8-41\/s1280x1920\/28e137e93eeb9fcd72dc798245d78f808e814127.jpg\" alt=\"\" class=\"wp-image-19527\"\/><figcaption class=\"wp-element-caption\">Oliwier Zych. Fot. zaglebie.com<\/figcaption><\/figure>\n<\/div>\n\n\n<p>Oliwier Zych urodzi\u0142 si\u0119 28 czerwca 2004 roku w Gda\u0144sku. Wychowanek Arki Gdynia w Zag\u0142\u0119biu Lubin gra\u0142 w latach 2018-2020. Reprezentant Polski do lat 19. Obecnie reprezentuje Aston Villa FC, a ostatni czas sp\u0119dzi\u0142 na wypo\u017cyczeniu w Puszczy Niepo\u0142omice.<\/p>\n\n\n<div class=\"wp-block-image\">\n<figure class=\"aligncenter size-full\"><img loading=\"lazy\" decoding=\"async\" width=\"400\" height=\"600\" src=\"https:\/\/64.media.tumblr.com\/4a052bc63069602e9ba888ee8bb30928\/2be2c1062f7ee91c-57\/s400x600\/60c64451690f9494787959b1eb12260068b1709a.pnj\" alt=\"\" class=\"wp-image-25090\"\/><figcaption class=\"wp-element-caption\">Mateusz Dziewiatowski. Fot. zaglebie.com<\/figcaption><\/figure>\n<\/div>\n\n\n<p>Mateusz Dziewiatowski 28 czerwca 2007 roku. Wychowanek Zag\u0142\u0119bia Lubin. Obecnie z pierwszym zespo\u0142em na obozie. <\/p>\n\n\n<div class=\"wp-block-image\">\n<figure class=\"aligncenter\"><img loading=\"lazy\" decoding=\"async\" width=\"1382\" height=\"1365\" src=\"https:\/\/64.media.tumblr.com\/d8e541c548a2633eea10dbb95fab4859\/51180b38044c36a8-b3\/s2048x3072\/2c162c2ad07ce11fc2d7cc675cce4bee6f317ba0.jpg\" alt=\"\" class=\"wp-image-19523\"\/><figcaption class=\"wp-element-caption\">Jakub \u0141oboda. Fot. z fb<\/figcaption><\/figure>\n<\/div>\n\n\n<p>Jakub \u0141oboda urodzi\u0142 si\u0119 28 czerwca 2004 roku w Jeleniej G\u00f3rze. Do Zag\u0142\u0119bia Lubin trafi\u0142 z Lotnika Je\u017c\u00f3w Sudecki. Pomocnik gra\u0142 w U-19 i rezerwach Zag\u0142\u0119bia Lubin. Ostatni rok sp\u0119dzi\u0142 na wypo\u017cyczeniu w Carinie Gubin. <\/p>\n","protected":false},"excerpt":{"rendered":"<p>Oliwier Zych urodzi\u0142 si\u0119 28 czerwca 2004 roku w Gda\u0144sku. Wychowanek Arki Gdynia w Zag\u0142\u0119biu Lubin gra\u0142 w latach 2018-2020. Reprezentant Polski do lat 19. Obecnie reprezentuje Aston Villa FC,&hellip; <\/p>\n","protected":false},"author":1,"featured_media":19525,"comment_status":"open","ping_status":"open","sticky":false,"template":"","format":"standard","meta":{"footnotes":""},"categories":[46],"tags":[928,2225,927,89],"class_list":["post-25086","post","type-post","status-publish","format-standard","has-post-thumbnail","hentry","category-aktualnosci","tag-jakub-loboda","tag-mateusz-dziewiatowski","tag-oliwier-zych","tag-zaglebie-lubin"],"_links":{"self":[{"href":"https:\/\/www.zaglebiak.com\/index.php\/wp-json\/wp\/v2\/posts\/25086","targetHints":{"allow":["GET"]}}],"collection":[{"href":"https:\/\/www.zaglebiak.com\/index.php\/wp-json\/wp\/v2\/posts"}],"about":[{"href":"https:\/\/www.zaglebiak.com\/index.php\/wp-json\/wp\/v2\/types\/post"}],"author":[{"embeddable":true,"href":"https:\/\/www.zaglebiak.com\/index.php\/wp-json\/wp\/v2\/users\/1"}],"replies":[{"embeddable":true,"href":"https:\/\/www.zaglebiak.com\/index.php\/wp-json\/wp\/v2\/comments?post=25086"}],"version-history":[{"count":2,"href":"https:\/\/www.zaglebiak.com\/index.php\/wp-json\/wp\/v2\/posts\/25086\/revisions"}],"predecessor-version":[{"id":25091,"href":"https:\/\/www.zaglebiak.com\/index.php\/wp-json\/wp\/v2\/posts\/25086\/revisions\/25091"}],"wp:featuredmedia":[{"embeddable":true,"href":"https:\/\/www.zaglebiak.com\/index.php\/wp-json\/wp\/v2\/media\/19525"}],"wp:attachment":[{"href":"https:\/\/www.zaglebiak.com\/index.php\/wp-json\/wp\/v2\/media?parent=25086"}],"wp:term":[{"taxonomy":"category","embeddable":true,"href":"https:\/\/www.zaglebiak.com\/index.php\/wp-json\/wp\/v2\/categories?post=25086"},{"taxonomy":"post_tag","embeddable":true,"href":"https:\/\/www.zaglebiak.com\/index.php\/wp-json\/wp\/v2\/tags?post=25086"}],"curies":[{"name":"wp","href":"https:\/\/api.w.org\/{rel}","templated":true}]}}