{"id":25037,"date":"2024-06-26T02:25:00","date_gmt":"2024-06-26T00:25:00","guid":{"rendered":"https:\/\/www.zaglebiak.com\/?p=25037"},"modified":"2024-06-25T23:12:13","modified_gmt":"2024-06-25T21:12:13","slug":"26-czerwca-urodzili-sie-igor-lasicki-andrzej-buchta-i-jan-daniec-3","status":"publish","type":"post","link":"https:\/\/www.zaglebiak.com\/index.php\/2024\/06\/26\/26-czerwca-urodzili-sie-igor-lasicki-andrzej-buchta-i-jan-daniec-3\/","title":{"rendered":"26 czerwca urodzili si\u0119 Igor \u0141asicki, Andrzej Buchta i Jan Daniec"},"content":{"rendered":"<div class=\"wp-block-image\">\n<figure class=\"aligncenter\"><img loading=\"lazy\" decoding=\"async\" width=\"330\" height=\"495\" src=\"https:\/\/64.media.tumblr.com\/9c7b3ffb00e09ac4bd542e50d17d582f\/32ed09dda2b15b74-4e\/s400x600\/7b13015a5a3263574aca683212e9268ce054f062.jpg\" alt=\"\" class=\"wp-image-19513\"\/><figcaption class=\"wp-element-caption\">Igor \u0141asicki. Fot. zaglebie.com<\/figcaption><\/figure>\n<\/div>\n\n\n<p>Igor \u0141asicki urodzi\u0142 si\u0119 26 czerwca 1995 roku w Wa\u0142brzychu. Do Zag\u0142\u0119bia Lubin trafi\u0142 z G\u00f3rnika Wa\u0142brzych. Gra\u0142 w juniorach i M\u0142odej Ekstraklasie. W 2012 roku odszed\u0142 do SSC Napoli. Obecnie jest zawodnikiem Wis\u0142y Krak\u00f3w.<\/p>\n\n\n<div class=\"wp-block-image\">\n<figure class=\"aligncenter\"><img loading=\"lazy\" decoding=\"async\" width=\"2048\" height=\"1424\" src=\"https:\/\/64.media.tumblr.com\/e6fe8fe13640e41e44918f0cc5f9a741\/32ed09dda2b15b74-b7\/s2048x3072\/7cf6cf8159e3b1ce99b8458d0919d10d8ff59ece.jpg\" alt=\"\" class=\"wp-image-19511\"\/><figcaption class=\"wp-element-caption\">Andrzej Buchta kuca 2 od prawej<\/figcaption><\/figure>\n<\/div>\n\n\n<p>Andrzej Buchta urodzi\u0142 si\u0119 26 czerwca 1963 roku. Wychowanek Zag\u0142\u0119bia Lubin. Obro\u0144ca gra\u0142 w pierwszej dru\u017cynie.<\/p>\n\n\n<div class=\"wp-block-image\">\n<figure class=\"aligncenter size-full\"><img loading=\"lazy\" decoding=\"async\" width=\"1936\" height=\"2881\" src=\"https:\/\/64.media.tumblr.com\/357bfb2c9c9183103c8cf9115183ccf9\/be729f5c02b9aa0f-ad\/s2048x3072\/e5c4933f6f7e7d58b8c69c66d93c8f443d362a18.jpg\" alt=\"\" class=\"wp-image-25039\"\/><figcaption class=\"wp-element-caption\">Jan Daniec<\/figcaption><\/figure>\n<\/div>\n\n\n<p>Jan Daniec urodzi\u0142 si\u0119 26 czerwca 1968 roku w K\u0142odzku. Wychowanek KS Trojan L\u0105dek Zdr\u00f3j. Do Zag\u0142\u0119bia Lubin trafi\u0142 z Pogoni Szczecin i sp\u0119dzi\u0142 u nas rund\u0119 wiosenn\u0105 1988 roku i powr\u00f3ci\u0142 do Pogoni. Zmar\u0142 w USA 24 grudnia 2007 roku.<\/p>\n","protected":false},"excerpt":{"rendered":"<p>Igor \u0141asicki urodzi\u0142 si\u0119 26 czerwca 1995 roku w Wa\u0142brzychu. Do Zag\u0142\u0119bia Lubin trafi\u0142 z G\u00f3rnika Wa\u0142brzych. Gra\u0142 w juniorach i M\u0142odej Ekstraklasie. W 2012 roku odszed\u0142 do SSC Napoli.&hellip; <\/p>\n","protected":false},"author":1,"featured_media":19511,"comment_status":"open","ping_status":"open","sticky":false,"template":"","format":"standard","meta":{"footnotes":""},"categories":[46],"tags":[925,923,924,89],"class_list":["post-25037","post","type-post","status-publish","format-standard","has-post-thumbnail","hentry","category-aktualnosci","tag-andrzej-buchta","tag-igor-lasicki","tag-jan-daniec","tag-zaglebie-lubin"],"_links":{"self":[{"href":"https:\/\/www.zaglebiak.com\/index.php\/wp-json\/wp\/v2\/posts\/25037","targetHints":{"allow":["GET"]}}],"collection":[{"href":"https:\/\/www.zaglebiak.com\/index.php\/wp-json\/wp\/v2\/posts"}],"about":[{"href":"https:\/\/www.zaglebiak.com\/index.php\/wp-json\/wp\/v2\/types\/post"}],"author":[{"embeddable":true,"href":"https:\/\/www.zaglebiak.com\/index.php\/wp-json\/wp\/v2\/users\/1"}],"replies":[{"embeddable":true,"href":"https:\/\/www.zaglebiak.com\/index.php\/wp-json\/wp\/v2\/comments?post=25037"}],"version-history":[{"count":1,"href":"https:\/\/www.zaglebiak.com\/index.php\/wp-json\/wp\/v2\/posts\/25037\/revisions"}],"predecessor-version":[{"id":25040,"href":"https:\/\/www.zaglebiak.com\/index.php\/wp-json\/wp\/v2\/posts\/25037\/revisions\/25040"}],"wp:featuredmedia":[{"embeddable":true,"href":"https:\/\/www.zaglebiak.com\/index.php\/wp-json\/wp\/v2\/media\/19511"}],"wp:attachment":[{"href":"https:\/\/www.zaglebiak.com\/index.php\/wp-json\/wp\/v2\/media?parent=25037"}],"wp:term":[{"taxonomy":"category","embeddable":true,"href":"https:\/\/www.zaglebiak.com\/index.php\/wp-json\/wp\/v2\/categories?post=25037"},{"taxonomy":"post_tag","embeddable":true,"href":"https:\/\/www.zaglebiak.com\/index.php\/wp-json\/wp\/v2\/tags?post=25037"}],"curies":[{"name":"wp","href":"https:\/\/api.w.org\/{rel}","templated":true}]}}