{"id":25001,"date":"2024-06-24T20:19:55","date_gmt":"2024-06-24T18:19:55","guid":{"rendered":"https:\/\/www.zaglebiak.com\/?p=25001"},"modified":"2024-06-24T22:04:21","modified_gmt":"2024-06-24T20:04:21","slug":"przedstawiamy-zalozycieli-stowarzyszenia-muzeum-zaglebia-lubin-cz-5-marek-kruglinski","status":"publish","type":"post","link":"https:\/\/www.zaglebiak.com\/index.php\/2024\/06\/24\/przedstawiamy-zalozycieli-stowarzyszenia-muzeum-zaglebia-lubin-cz-5-marek-kruglinski\/","title":{"rendered":"Przedstawiamy za\u0142o\u017cycieli Stowarzyszenia Muzeum Zag\u0142\u0119bia Lubin cz. 5 \u2013 Marek Krugli\u0144ski"},"content":{"rendered":"\n<p>Chcemy by\u0107 transparentni i budowa\u0107 wok\u00f3\u0142 nas spo\u0142eczno\u015b\u0107 \u015bwiadom\u0105 faktu, \u017ce klubowe muzeum to co\u015b wi\u0119cej ni\u017c tylko budynek, pami\u0105tki czy ludzie. Dlatego zapraszamy Was do zapoznania si\u0119 z biogramami cz\u0142onk\u00f3w za\u0142o\u017cycieli Stowarzyszenia Muzeum Zag\u0142\u0119bia Lubin. Przedstawili\u015bmy ju\u017c Adama Pytlarza, Grzegorza Kostk\u0119, Mariusza Babicza i Janusza Sta\u0144czyka. Dzisiaj pora na cz\u0142owieka, kt\u00f3ry praktycznie ca\u0142e swoje dotychczasowe \u017cycie po\u015bwi\u0119ci\u0142 Zag\u0142\u0119biu Lubin i klubowej historii. Przedstawiamy Marka Krugli\u0144skiego. <\/p>\n\n\n<div class=\"wp-block-image\">\n<figure class=\"aligncenter size-full\"><img loading=\"lazy\" decoding=\"async\" width=\"2048\" height=\"1367\" src=\"https:\/\/64.media.tumblr.com\/0ae40380c05de17d4309db23cf6ed7f1\/d0b330abc6ff7ce1-ca\/s2048x3072\/bdf42196aba3cb166f30eaee7d99a411fc5e5828.jpg\" alt=\"\" class=\"wp-image-25003\"\/><figcaption class=\"wp-element-caption\">Marek Krugli\u0144ski<\/figcaption><\/figure>\n<\/div>\n\n\n<p>Marek Krugli\u0144ski ur. 26 maja 1972 r. w Lubinie, ojciec dw\u00f3ch c\u00f3rek Nadii i Niny. Kolekcjoner pami\u0105tek sportowych Zag\u0142\u0119bia Lubin. Mi\u0142o\u015bnik g\u00f3r, turystyki wysokog\u00f3rskiej, alpinista. Cz\u0142onek Polskiego Towarzystwa Turystyczno Krajoznawczego, cz\u0142onek Klubu Wysokog\u00f3rskiego w Lubinie zrzeszony w Polskim Zwi\u0105zku Alpinizmu. <\/p>\n\n\n<div class=\"wp-block-image\">\n<figure class=\"aligncenter size-full\"><img loading=\"lazy\" decoding=\"async\" width=\"1600\" height=\"1071\" src=\"https:\/\/64.media.tumblr.com\/b96104ce43d15470d48e2879d443c0ca\/d0b330abc6ff7ce1-eb\/s2048x3072\/39472abc3629209c526cc99baba09cdc56636644.jpg\" alt=\"\" class=\"wp-image-25011\"\/><figcaption class=\"wp-element-caption\">Marek Krugli\u0144ski na szczycie Mont Blanc z klubowym szalikiem Zag\u0142\u0119bia Lubin<\/figcaption><\/figure>\n<\/div>\n\n\n<p>By\u0142y zawodnik kolarskiej sekcji G\u00f3rnika Polkowice. <\/p>\n\n\n<div class=\"wp-block-image\">\n<figure class=\"aligncenter size-full\"><img loading=\"lazy\" decoding=\"async\" width=\"1536\" height=\"2048\" src=\"https:\/\/64.media.tumblr.com\/f2954513dffb204aa56d8b9aaf85ab41\/d0b330abc6ff7ce1-10\/s2048x3072\/ce734748ef666ecc0cb5d3c404f30a9fb32d0f9e.jpg\" alt=\"\" class=\"wp-image-25007\"\/><figcaption class=\"wp-element-caption\">Marek Krugli\u0144ski sekcja kolarska G\u00f3rnika Polkowice<\/figcaption><\/figure>\n<\/div>\n\n\n<p>Wsp\u00f3\u0142autor ksi\u0105\u017cki \u201e70 lat Zag\u0142\u0119bia\u201d, autor wielu artyku\u0142\u00f3w na temat historii Zag\u0142\u0119bia Lubin oraz postaci zwi\u0105zanych z klubem. Wsp\u00f3\u0142autor wystawy na 75-lecie klubu. <\/p>\n\n\n<div class=\"wp-block-image\">\n<figure class=\"aligncenter size-full\"><img loading=\"lazy\" decoding=\"async\" width=\"820\" height=\"547\" src=\"https:\/\/64.media.tumblr.com\/bb2b117c50552a7a2f038bbeb82da57c\/d0b330abc6ff7ce1-cd\/s1280x1920\/fe168e767a23d6cd9861a91cb28e05407fd3128b.jpg\" alt=\"\" class=\"wp-image-25005\"\/><figcaption class=\"wp-element-caption\">Marek Krugli\u0144ski z Krzysztofem Kostk\u0105 na jednym ze spotka\u0144 z klubowymi legendami<\/figcaption><\/figure>\n<\/div>\n\n\n<p>Za\u0142o\u017cyciel i cz\u0142onek Zarz\u0105du Stowarzyszenia Muzeum Zag\u0142\u0119bia Lubin.<\/p>\n","protected":false},"excerpt":{"rendered":"<p>Chcemy by\u0107 transparentni i budowa\u0107 wok\u00f3\u0142 nas spo\u0142eczno\u015b\u0107 \u015bwiadom\u0105 faktu, \u017ce klubowe muzeum to co\u015b wi\u0119cej ni\u017c tylko budynek, pami\u0105tki czy ludzie. Dlatego zapraszamy Was do zapoznania si\u0119 z biogramami&hellip; <\/p>\n","protected":false},"author":1,"featured_media":25003,"comment_status":"open","ping_status":"open","sticky":false,"template":"","format":"standard","meta":{"footnotes":""},"categories":[46,2134],"tags":[1490,2136,2185,89],"class_list":["post-25001","post","type-post","status-publish","format-standard","has-post-thumbnail","hentry","category-aktualnosci","category-muzeum-zaglebia-lubin","tag-marek-kruglinski","tag-muzeum-zaglebia-lubin","tag-stowarzyszenie-muzeum-zaglebia-lubin","tag-zaglebie-lubin"],"_links":{"self":[{"href":"https:\/\/www.zaglebiak.com\/index.php\/wp-json\/wp\/v2\/posts\/25001","targetHints":{"allow":["GET"]}}],"collection":[{"href":"https:\/\/www.zaglebiak.com\/index.php\/wp-json\/wp\/v2\/posts"}],"about":[{"href":"https:\/\/www.zaglebiak.com\/index.php\/wp-json\/wp\/v2\/types\/post"}],"author":[{"embeddable":true,"href":"https:\/\/www.zaglebiak.com\/index.php\/wp-json\/wp\/v2\/users\/1"}],"replies":[{"embeddable":true,"href":"https:\/\/www.zaglebiak.com\/index.php\/wp-json\/wp\/v2\/comments?post=25001"}],"version-history":[{"count":2,"href":"https:\/\/www.zaglebiak.com\/index.php\/wp-json\/wp\/v2\/posts\/25001\/revisions"}],"predecessor-version":[{"id":25014,"href":"https:\/\/www.zaglebiak.com\/index.php\/wp-json\/wp\/v2\/posts\/25001\/revisions\/25014"}],"wp:featuredmedia":[{"embeddable":true,"href":"https:\/\/www.zaglebiak.com\/index.php\/wp-json\/wp\/v2\/media\/25003"}],"wp:attachment":[{"href":"https:\/\/www.zaglebiak.com\/index.php\/wp-json\/wp\/v2\/media?parent=25001"}],"wp:term":[{"taxonomy":"category","embeddable":true,"href":"https:\/\/www.zaglebiak.com\/index.php\/wp-json\/wp\/v2\/categories?post=25001"},{"taxonomy":"post_tag","embeddable":true,"href":"https:\/\/www.zaglebiak.com\/index.php\/wp-json\/wp\/v2\/tags?post=25001"}],"curies":[{"name":"wp","href":"https:\/\/api.w.org\/{rel}","templated":true}]}}