{"id":24998,"date":"2024-06-25T03:08:00","date_gmt":"2024-06-25T01:08:00","guid":{"rendered":"https:\/\/www.zaglebiak.com\/?p=24998"},"modified":"2024-06-26T08:30:29","modified_gmt":"2024-06-26T06:30:29","slug":"25-czerwca-urodzili-sie-robert-bubnowicz-i-piotr-pytlarz-4","status":"publish","type":"post","link":"https:\/\/www.zaglebiak.com\/index.php\/2024\/06\/25\/25-czerwca-urodzili-sie-robert-bubnowicz-i-piotr-pytlarz-4\/","title":{"rendered":"25 czerwca urodzili si\u0119 Robert Bubnowicz i Piotr Pytlarz"},"content":{"rendered":"<div class=\"wp-block-image\">\n<figure class=\"aligncenter\"><img loading=\"lazy\" decoding=\"async\" width=\"584\" height=\"893\" src=\"https:\/\/64.media.tumblr.com\/cc02be331781e7f4e4ced5e6030f762e\/32ed09dda2b15b74-79\/s640x960\/335e4b214399b4283879f2b3a250b5bff24bce72.jpg\" alt=\"\" class=\"wp-image-19507\"\/><figcaption class=\"wp-element-caption\">Robert Bubnowicz. Fot. Jerzy Kosi\u0144ski<\/figcaption><\/figure>\n<\/div>\n\n\n<p>Robert Bubnowicz urodzi\u0142 si\u0119 25 czerwca 1971 roku w Wa\u0142brzychu. Wychowanek G\u00f3rnika Wa\u0142brzych trafi\u0142 do Zag\u0142\u0119bia Lubin jesieni\u0105 1994 roku. W latach 1994-2002 rozegra\u0142 119 spotka\u0144 i strzeli\u0142 2 bramki. Odszed\u0142 do Arki Gdynia. Obecnie jest trenerem Or\u0142a Mys\u0142akowice, z kt\u00f3rym w zako\u0144czonym sezonie awansowa\u0142 do IV ligi dolno\u015bl\u0105skiej.<\/p>\n\n\n<div class=\"wp-block-image\">\n<figure class=\"aligncenter\"><img loading=\"lazy\" decoding=\"async\" width=\"750\" height=\"500\" src=\"https:\/\/64.media.tumblr.com\/c1a84312c65a72bdbfc5f6950b6781bf\/32ed09dda2b15b74-16\/s1280x1920\/1435c86f6747cc10c7c8da9b2bd48b3f0158aecf.jpg\" alt=\"\" class=\"wp-image-19509\"\/><figcaption class=\"wp-element-caption\">Piotr Pytlarz kuca 4 od prawej<\/figcaption><\/figure>\n<\/div>\n\n\n<p>Piotr Pytlarz urodzi\u0142 si\u0119 25 czerwca 1989 roku w Lubinie. Wychowanek Zag\u0142\u0119bia Lubin w klubie do jesieni 2008 roku.<\/p>\n","protected":false},"excerpt":{"rendered":"<p>Robert Bubnowicz urodzi\u0142 si\u0119 25 czerwca 1971 roku w Wa\u0142brzychu. Wychowanek G\u00f3rnika Wa\u0142brzych trafi\u0142 do Zag\u0142\u0119bia Lubin jesieni\u0105 1994 roku. W latach 1994-2002 rozegra\u0142 119 spotka\u0144 i strzeli\u0142 2 bramki.&hellip; <\/p>\n","protected":false},"author":1,"featured_media":19505,"comment_status":"open","ping_status":"open","sticky":false,"template":"","format":"standard","meta":{"footnotes":""},"categories":[46],"tags":[919,920,89],"class_list":["post-24998","post","type-post","status-publish","format-standard","has-post-thumbnail","hentry","category-aktualnosci","tag-piotr-pytlarz","tag-robert-bubnowicz","tag-zaglebie-lubin"],"_links":{"self":[{"href":"https:\/\/www.zaglebiak.com\/index.php\/wp-json\/wp\/v2\/posts\/24998","targetHints":{"allow":["GET"]}}],"collection":[{"href":"https:\/\/www.zaglebiak.com\/index.php\/wp-json\/wp\/v2\/posts"}],"about":[{"href":"https:\/\/www.zaglebiak.com\/index.php\/wp-json\/wp\/v2\/types\/post"}],"author":[{"embeddable":true,"href":"https:\/\/www.zaglebiak.com\/index.php\/wp-json\/wp\/v2\/users\/1"}],"replies":[{"embeddable":true,"href":"https:\/\/www.zaglebiak.com\/index.php\/wp-json\/wp\/v2\/comments?post=24998"}],"version-history":[{"count":3,"href":"https:\/\/www.zaglebiak.com\/index.php\/wp-json\/wp\/v2\/posts\/24998\/revisions"}],"predecessor-version":[{"id":25042,"href":"https:\/\/www.zaglebiak.com\/index.php\/wp-json\/wp\/v2\/posts\/24998\/revisions\/25042"}],"wp:featuredmedia":[{"embeddable":true,"href":"https:\/\/www.zaglebiak.com\/index.php\/wp-json\/wp\/v2\/media\/19505"}],"wp:attachment":[{"href":"https:\/\/www.zaglebiak.com\/index.php\/wp-json\/wp\/v2\/media?parent=24998"}],"wp:term":[{"taxonomy":"category","embeddable":true,"href":"https:\/\/www.zaglebiak.com\/index.php\/wp-json\/wp\/v2\/categories?post=24998"},{"taxonomy":"post_tag","embeddable":true,"href":"https:\/\/www.zaglebiak.com\/index.php\/wp-json\/wp\/v2\/tags?post=24998"}],"curies":[{"name":"wp","href":"https:\/\/api.w.org\/{rel}","templated":true}]}}