{"id":24858,"date":"2024-06-12T08:01:35","date_gmt":"2024-06-12T06:01:35","guid":{"rendered":"https:\/\/www.zaglebiak.com\/?p=24858"},"modified":"2024-06-12T08:01:37","modified_gmt":"2024-06-12T06:01:37","slug":"12-czerwca-urodzili-sie-adam-ratajczyk-i-szymon-kapias-3","status":"publish","type":"post","link":"https:\/\/www.zaglebiak.com\/index.php\/2024\/06\/12\/12-czerwca-urodzili-sie-adam-ratajczyk-i-szymon-kapias-3\/","title":{"rendered":"12 czerwca urodzili si\u0119 Adam Ratajczyk i Szymon Kapias"},"content":{"rendered":"<div class=\"wp-block-image\">\n<figure class=\"aligncenter\"><img loading=\"lazy\" decoding=\"async\" width=\"540\" height=\"684\" src=\"https:\/\/64.media.tumblr.com\/7183962f19ec81df7e8e95605a33fbc5\/19c65ec921658aed-36\/s540x810\/ac6fdbebe1155305ab1ac986e7386a11d6c48e8b.pnj\" alt=\"\" class=\"wp-image-19301\"\/><figcaption class=\"wp-element-caption\">Adam Ratajczak. Fot. zaglebie.com<\/figcaption><\/figure>\n<\/div>\n\n\n<p>Adam Ratajczyk urodzi\u0142 si\u0119 12 czerwca 2002 roku w Warszawie. Wychowanek Znicza Pruszk\u00f3w do Zag\u0142\u0119bia Lubin trafi\u0142 z \u0141KS \u0141\u00f3d\u017a. W ESA w barwach Zag\u0142\u0119bia rozegra\u0142 do tej pory 28 spotka\u0144. Sezon 2022\/23 sp\u0119dzi\u0142 na wypo\u017cyczeniu w Stali Mielec.<\/p>\n\n\n<div class=\"wp-block-image\">\n<figure class=\"aligncenter\"><img loading=\"lazy\" decoding=\"async\" width=\"434\" height=\"567\" src=\"https:\/\/64.media.tumblr.com\/14d814bc6779e448ff6316c909b4396e\/19c65ec921658aed-72\/s500x750\/56386fe40a0981c1ab6981ad60dec34c135df004.jpg\" alt=\"\" class=\"wp-image-19303\"\/><figcaption class=\"wp-element-caption\">Szymon Kapias<\/figcaption><\/figure>\n<\/div>\n\n\n<p>Szymon Kapias urodzi\u0142 si\u0119 12 czerwca 1984 roku. Do Zag\u0142\u0119bia Lubin trafi\u0142 z Lecha Pozna\u0144. W latach 2009-2011 rozegra\u0142 8 spotka\u0144 w Ekstraklasie dla Zag\u0142\u0119bia. Po odej\u015bciu z Zag\u0142\u0119bia gra\u0142 w Rozwoju Katowice i Przemszy Siewierz.<\/p>\n","protected":false},"excerpt":{"rendered":"<p>Adam Ratajczyk urodzi\u0142 si\u0119 12 czerwca 2002 roku w Warszawie. Wychowanek Znicza Pruszk\u00f3w do Zag\u0142\u0119bia Lubin trafi\u0142 z \u0141KS \u0141\u00f3d\u017a. W ESA w barwach Zag\u0142\u0119bia rozegra\u0142 do tej pory 28&hellip; <\/p>\n","protected":false},"author":1,"featured_media":19299,"comment_status":"open","ping_status":"open","sticky":false,"template":"","format":"standard","meta":{"footnotes":""},"categories":[46],"tags":[836,877,89],"class_list":["post-24858","post","type-post","status-publish","format-standard","has-post-thumbnail","hentry","category-aktualnosci","tag-adam-ratajczyk","tag-szymon-kapias","tag-zaglebie-lubin"],"_links":{"self":[{"href":"https:\/\/www.zaglebiak.com\/index.php\/wp-json\/wp\/v2\/posts\/24858","targetHints":{"allow":["GET"]}}],"collection":[{"href":"https:\/\/www.zaglebiak.com\/index.php\/wp-json\/wp\/v2\/posts"}],"about":[{"href":"https:\/\/www.zaglebiak.com\/index.php\/wp-json\/wp\/v2\/types\/post"}],"author":[{"embeddable":true,"href":"https:\/\/www.zaglebiak.com\/index.php\/wp-json\/wp\/v2\/users\/1"}],"replies":[{"embeddable":true,"href":"https:\/\/www.zaglebiak.com\/index.php\/wp-json\/wp\/v2\/comments?post=24858"}],"version-history":[{"count":1,"href":"https:\/\/www.zaglebiak.com\/index.php\/wp-json\/wp\/v2\/posts\/24858\/revisions"}],"predecessor-version":[{"id":24859,"href":"https:\/\/www.zaglebiak.com\/index.php\/wp-json\/wp\/v2\/posts\/24858\/revisions\/24859"}],"wp:featuredmedia":[{"embeddable":true,"href":"https:\/\/www.zaglebiak.com\/index.php\/wp-json\/wp\/v2\/media\/19299"}],"wp:attachment":[{"href":"https:\/\/www.zaglebiak.com\/index.php\/wp-json\/wp\/v2\/media?parent=24858"}],"wp:term":[{"taxonomy":"category","embeddable":true,"href":"https:\/\/www.zaglebiak.com\/index.php\/wp-json\/wp\/v2\/categories?post=24858"},{"taxonomy":"post_tag","embeddable":true,"href":"https:\/\/www.zaglebiak.com\/index.php\/wp-json\/wp\/v2\/tags?post=24858"}],"curies":[{"name":"wp","href":"https:\/\/api.w.org\/{rel}","templated":true}]}}