{"id":24802,"date":"2024-06-04T01:57:00","date_gmt":"2024-06-03T23:57:00","guid":{"rendered":"https:\/\/www.zaglebiak.com\/?p=24802"},"modified":"2024-06-03T19:59:51","modified_gmt":"2024-06-03T17:59:51","slug":"4-czerwca-1955-r-urodzil-sie-ireneusz-lorenc-3","status":"publish","type":"post","link":"https:\/\/www.zaglebiak.com\/index.php\/2024\/06\/04\/4-czerwca-1955-r-urodzil-sie-ireneusz-lorenc-3\/","title":{"rendered":"4 czerwca 1955 r. urodzi\u0142 si\u0119 Ireneusz Lorenc"},"content":{"rendered":"<div class=\"wp-block-image\">\n<figure class=\"aligncenter\"><img loading=\"lazy\" decoding=\"async\" width=\"816\" height=\"1071\" src=\"https:\/\/64.media.tumblr.com\/04ced38a687cf553248666d78a686b3f\/0ffa13a15bee393f-81\/s1280x1920\/20ed68edf47a7b7856b64b788eaa5cee957d05d8.jpg\" alt=\"\" class=\"wp-image-19163\"\/><figcaption class=\"wp-element-caption\">Ireneusz Lorenc. Zdj\u0119cie ze zbior\u00f3w Marcina Makucha<\/figcaption><\/figure>\n<\/div>\n\n\n<p>Ireneusz Lorenc urodzi\u0142 si\u0119 4 czerwca 1955 roku. Wychowanek G\u00f3rnika Z\u0142otoryja. W latach 1974-1976 oraz 1979 napastnik Zag\u0142\u0119bia Lubin. By\u0142 r\u00f3wnie\u017c zawodnikiem Miedzi Legnica, \u015al\u0105ska Wroc\u0142aw, Motoru Lublin, niemieckiego KSV Hessen Kassel i FC Grossalmerode. Po zako\u0144czeniu kariery pi\u0142karskiej prowadzi\u0142 m in. Chrobrego G\u0142og\u00f3w. Zmar\u0142 20 grudnia 2013 roku.<\/p>\n","protected":false},"excerpt":{"rendered":"<p>Ireneusz Lorenc urodzi\u0142 si\u0119 4 czerwca 1955 roku. Wychowanek G\u00f3rnika Z\u0142otoryja. W latach 1974-1976 oraz 1979 napastnik Zag\u0142\u0119bia Lubin. By\u0142 r\u00f3wnie\u017c zawodnikiem Miedzi Legnica, \u015al\u0105ska Wroc\u0142aw, Motoru Lublin, niemieckiego KSV&hellip; <\/p>\n","protected":false},"author":1,"featured_media":19161,"comment_status":"open","ping_status":"open","sticky":false,"template":"","format":"standard","meta":{"footnotes":""},"categories":[46],"tags":[138,89],"class_list":["post-24802","post","type-post","status-publish","format-standard","has-post-thumbnail","hentry","category-aktualnosci","tag-ireneusz-lorenc","tag-zaglebie-lubin"],"_links":{"self":[{"href":"https:\/\/www.zaglebiak.com\/index.php\/wp-json\/wp\/v2\/posts\/24802","targetHints":{"allow":["GET"]}}],"collection":[{"href":"https:\/\/www.zaglebiak.com\/index.php\/wp-json\/wp\/v2\/posts"}],"about":[{"href":"https:\/\/www.zaglebiak.com\/index.php\/wp-json\/wp\/v2\/types\/post"}],"author":[{"embeddable":true,"href":"https:\/\/www.zaglebiak.com\/index.php\/wp-json\/wp\/v2\/users\/1"}],"replies":[{"embeddable":true,"href":"https:\/\/www.zaglebiak.com\/index.php\/wp-json\/wp\/v2\/comments?post=24802"}],"version-history":[{"count":1,"href":"https:\/\/www.zaglebiak.com\/index.php\/wp-json\/wp\/v2\/posts\/24802\/revisions"}],"predecessor-version":[{"id":24803,"href":"https:\/\/www.zaglebiak.com\/index.php\/wp-json\/wp\/v2\/posts\/24802\/revisions\/24803"}],"wp:featuredmedia":[{"embeddable":true,"href":"https:\/\/www.zaglebiak.com\/index.php\/wp-json\/wp\/v2\/media\/19161"}],"wp:attachment":[{"href":"https:\/\/www.zaglebiak.com\/index.php\/wp-json\/wp\/v2\/media?parent=24802"}],"wp:term":[{"taxonomy":"category","embeddable":true,"href":"https:\/\/www.zaglebiak.com\/index.php\/wp-json\/wp\/v2\/categories?post=24802"},{"taxonomy":"post_tag","embeddable":true,"href":"https:\/\/www.zaglebiak.com\/index.php\/wp-json\/wp\/v2\/tags?post=24802"}],"curies":[{"name":"wp","href":"https:\/\/api.w.org\/{rel}","templated":true}]}}