{"id":24580,"date":"2024-05-18T13:38:13","date_gmt":"2024-05-18T11:38:13","guid":{"rendered":"https:\/\/www.zaglebiak.com\/?p=24580"},"modified":"2024-05-18T13:38:15","modified_gmt":"2024-05-18T11:38:15","slug":"przedstawiamy-zalozycieli-stowarzyszenia-muzeum-zaglebia-lubin-cz-1-adam-pytlarz","status":"publish","type":"post","link":"https:\/\/www.zaglebiak.com\/index.php\/2024\/05\/18\/przedstawiamy-zalozycieli-stowarzyszenia-muzeum-zaglebia-lubin-cz-1-adam-pytlarz\/","title":{"rendered":"Przedstawiamy za\u0142o\u017cycieli Stowarzyszenia Muzeum Zag\u0142\u0119bia Lubin cz. 1 &#8211; Adam Pytlarz"},"content":{"rendered":"\n<p>Chcemy by\u0107 transparentni i budowa\u0107 wok\u00f3\u0142 nas spo\u0142eczno\u015b\u0107 \u015bwiadom\u0105 faktu, \u017ce klubowe muzeum to co\u015b wi\u0119cej ni\u017c tylko budynek, pami\u0105tki czy ludzie. Dlatego zapraszamy Was do zapoznania si\u0119 z biogramami cz\u0142onk\u00f3w za\u0142o\u017cycieli Stowarzyszenia Muzeum Zag\u0142\u0119bia Lubin. Na pierwszy ogie\u0144 idzie Adam Pytlarz za\u0142o\u017cyciel i cz\u0142onek Zarz\u0105du naszego stowarzyszenia. <\/p>\n\n\n<div class=\"wp-block-image\">\n<figure class=\"aligncenter size-full\"><img loading=\"lazy\" decoding=\"async\" width=\"749\" height=\"1015\" src=\"https:\/\/64.media.tumblr.com\/370ae3a5e07a2bbaa4a60fb7d063a5ff\/792b882c1d6fa2fb-0b\/s1280x1920\/7f494a5072b0be6ca956af3cf150db53c507cf91.jpg\" alt=\"\" class=\"wp-image-24577\"\/><figcaption class=\"wp-element-caption\">Adam Pytlarz<\/figcaption><\/figure>\n<\/div>\n\n\n<p>Adam Pytlarz ur. 4 sierpnia 1955 r. w Rokitkach. Przygod\u0119 z pi\u0142k\u0105 zaczyna\u0142 w LZS \u0141\u0105ki. Na jednym ze szkolnych turniej\u00f3w zosta\u0142 wypatrzony przez dzia\u0142aczy Baryczy Su\u0142\u00f3w. W wieku 14 lat gra\u0142 w dru\u017cynie senior\u00f3w Baryczy. W seniorach strzeli\u0142 7 bramek. W swoim debiucie przeciwko LZS Cieszk\u00f3w strzeli\u0142 zwyci\u0119sk\u0105 bramk\u0119 po rzucie karnym. Podczas jednego ze sparing\u00f3w Baryczy z Pafawagiem Wroc\u0142aw dobrze si\u0119 zaprezentowa\u0142, co zwr\u00f3ci\u0142o uwag\u0119 wroc\u0142awskich dzia\u0142aczy. Wszystko dobrze si\u0119 u\u0142o\u017cy\u0142o, bo m\u00f3g\u0142 \u0142\u0105czy\u0107 gr\u0119 w Pafawagu z nauk\u0105 w szkole. Podczas jednego ze sparing\u00f3w Pafawagu ze \u015al\u0105skiem Wroc\u0142aw strzeli\u0142 3 bramki i otrzyma\u0142 zaproszenie na treningi do \u015al\u0105ska. Niestety \u015al\u0105sk wymaga\u0142 \u017ceby rzuci\u0142 szko\u0142\u0119, na co nie wyrazi\u0142 zgody. Dla 17-letniego ch\u0142opaka nauka by\u0142a wa\u017cniejsza. W latach 1972-1975 gra\u0142 w LKS Che\u0142miec i bra\u0142 udzia\u0142 w Spartakiadach. W 1975 r. przyjecha\u0142 do Lubina. Dzi\u0119ki Edmundowi Halamskiemu trafi\u0142 do Zag\u0142\u0119bia i trenowa\u0142 z dru\u017cyn\u0105 Alojzego Sitki. Niestety upomnia\u0142o si\u0119 o niego wojsko. Po wojsku zacz\u0105\u0142 trenowa\u0107 z LZS Ksi\u0119ginice. W 1991 r. przyprowadzi\u0142 na trening do trenera Samca swojego syna Grzegorza i w ten spos\u00f3b zwi\u0105za\u0142 si\u0119 z Zag\u0142\u0119biem w innej roli, czyli kierownika dru\u017cyny. Po przej\u0119ciu dru\u017cyny z rocznika 1984 przez trenera Janusza Sta\u0144czyka pe\u0142ni\u0142 rol\u0119 kierownika do 2001 r. W latach 2001-2011 i 2013-2015 by\u0142 kierownikiem dru\u017cyny i cz\u0142onkiem Zarz\u0105du w Iskrze Kochlice. Wielki pasjonat pi\u0142ki no\u017cnej, bieg\u00f3w d\u0142ugodystansowych i lubi\u0144skiego Zag\u0142\u0119bia. Obecnie emeryt, m\u0105\u017c, ojciec tr\u00f3jki wspania\u0142ych dzieci i \u00f3semki wnucz\u0105t. Dzia\u0142acz spo\u0142eczny na niwie ko\u015bcielnej i sportowej. Akolita \u015bwiecki ko\u015bcio\u0142a rzymskokatolickiego i ko\u015bcielny w parafii Narodzenia Naj\u015bwi\u0119tszej Marii Panny w Lubinie. Wsp\u00f3\u0142organizator akcji #miedziowyznicz oraz mszy \u015bw. celebruj\u0105cej akcj\u0119. Za\u0142o\u017cyciel i cz\u0142onek Zarz\u0105du Stowarzyszenia Muzeum Zag\u0142\u0119bia Lubin.<\/p>\n\n\n<div class=\"wp-block-image\">\n<figure class=\"aligncenter size-full is-resized\"><img loading=\"lazy\" decoding=\"async\" width=\"540\" height=\"749\" src=\"https:\/\/64.media.tumblr.com\/e8b39a0b81cfd2fa24d09a7e16bc2b2d\/792b882c1d6fa2fb-27\/s540x810\/b9f5807c03ae7c7fd47c3d4dc7919538b7f625e4.jpg\" alt=\"\" class=\"wp-image-24573\" style=\"width:840px;height:auto\"\/><figcaption class=\"wp-element-caption\">Adam Pytlarz z synem Grzegorzem<\/figcaption><\/figure>\n<\/div>\n\n<div class=\"wp-block-image\">\n<figure class=\"aligncenter size-full\"><img loading=\"lazy\" decoding=\"async\" width=\"1950\" height=\"2896\" src=\"https:\/\/64.media.tumblr.com\/b8afafb2070dceec1f66c7ee3cfe8539\/792b882c1d6fa2fb-8c\/s2048x3072\/a131b667ce808ca6fe1c422a5d853a084ff70015.jpg\" alt=\"\" class=\"wp-image-24579\"\/><figcaption class=\"wp-element-caption\">Kierownik dru\u017cyny Adam Pytlarz i trener Janusz Sta\u0144czyk<\/figcaption><\/figure>\n<\/div>\n\n<div class=\"wp-block-image\">\n<figure class=\"aligncenter size-full\"><img loading=\"lazy\" decoding=\"async\" width=\"1986\" height=\"3072\" src=\"https:\/\/64.media.tumblr.com\/34401a2ed580c0fb0eef70d35b47a8e0\/792b882c1d6fa2fb-ea\/s2048x3072\/ab7a7e9452d21a89d7c1ae5c66a7e95a7ae7b882.jpg\" alt=\"\" class=\"wp-image-24575\"\/><figcaption class=\"wp-element-caption\">Adam Pytlarz pe\u0142ni funkcj\u0119 Akolity i ko\u015bcielnego w parafii Narodzenia Naj\u015bwi\u0119tszej Marii Panny w Lubinie<\/figcaption><\/figure>\n<\/div>","protected":false},"excerpt":{"rendered":"<p>Chcemy by\u0107 transparentni i budowa\u0107 wok\u00f3\u0142 nas spo\u0142eczno\u015b\u0107 \u015bwiadom\u0105 faktu, \u017ce klubowe muzeum to co\u015b wi\u0119cej ni\u017c tylko budynek, pami\u0105tki czy ludzie. Dlatego zapraszamy Was do zapoznania si\u0119 z biogramami&hellip; <\/p>\n","protected":false},"author":1,"featured_media":24577,"comment_status":"open","ping_status":"open","sticky":false,"template":"","format":"standard","meta":{"footnotes":""},"categories":[46,2134],"tags":[1884,2186,89],"class_list":["post-24580","post","type-post","status-publish","format-standard","has-post-thumbnail","hentry","category-aktualnosci","category-muzeum-zaglebia-lubin","tag-adam-pytlarz","tag-czlonek-zarzadu","tag-zaglebie-lubin"],"_links":{"self":[{"href":"https:\/\/www.zaglebiak.com\/index.php\/wp-json\/wp\/v2\/posts\/24580","targetHints":{"allow":["GET"]}}],"collection":[{"href":"https:\/\/www.zaglebiak.com\/index.php\/wp-json\/wp\/v2\/posts"}],"about":[{"href":"https:\/\/www.zaglebiak.com\/index.php\/wp-json\/wp\/v2\/types\/post"}],"author":[{"embeddable":true,"href":"https:\/\/www.zaglebiak.com\/index.php\/wp-json\/wp\/v2\/users\/1"}],"replies":[{"embeddable":true,"href":"https:\/\/www.zaglebiak.com\/index.php\/wp-json\/wp\/v2\/comments?post=24580"}],"version-history":[{"count":1,"href":"https:\/\/www.zaglebiak.com\/index.php\/wp-json\/wp\/v2\/posts\/24580\/revisions"}],"predecessor-version":[{"id":24581,"href":"https:\/\/www.zaglebiak.com\/index.php\/wp-json\/wp\/v2\/posts\/24580\/revisions\/24581"}],"wp:featuredmedia":[{"embeddable":true,"href":"https:\/\/www.zaglebiak.com\/index.php\/wp-json\/wp\/v2\/media\/24577"}],"wp:attachment":[{"href":"https:\/\/www.zaglebiak.com\/index.php\/wp-json\/wp\/v2\/media?parent=24580"}],"wp:term":[{"taxonomy":"category","embeddable":true,"href":"https:\/\/www.zaglebiak.com\/index.php\/wp-json\/wp\/v2\/categories?post=24580"},{"taxonomy":"post_tag","embeddable":true,"href":"https:\/\/www.zaglebiak.com\/index.php\/wp-json\/wp\/v2\/tags?post=24580"}],"curies":[{"name":"wp","href":"https:\/\/api.w.org\/{rel}","templated":true}]}}