{"id":24429,"date":"2024-05-06T08:04:24","date_gmt":"2024-05-06T06:04:24","guid":{"rendered":"https:\/\/www.zaglebiak.com\/?p=24429"},"modified":"2024-05-06T08:04:26","modified_gmt":"2024-05-06T06:04:26","slug":"6-maja-urodzili-sie-jakub-kowalski-i-michal-matys-2","status":"publish","type":"post","link":"https:\/\/www.zaglebiak.com\/index.php\/2024\/05\/06\/6-maja-urodzili-sie-jakub-kowalski-i-michal-matys-2\/","title":{"rendered":"6 maja urodzili si\u0119 Jakub Kowalski i Micha\u0142 Matys"},"content":{"rendered":"<div class=\"wp-block-image\">\n<figure class=\"aligncenter\"><img loading=\"lazy\" decoding=\"async\" width=\"800\" height=\"450\" src=\"https:\/\/64.media.tumblr.com\/6371d01ed5912235385402ccb953b83b\/d652a465ca4675f3-87\/s1280x1920\/b3139f0a7170c3ecc7878d5b9b3093d28178422f.jpg\" alt=\"\" class=\"wp-image-18641\"\/><figcaption class=\"wp-element-caption\">Jakub Kowalski. Fot. Stal Brzeg<\/figcaption><\/figure>\n<\/div>\n\n\n<p>Jakub Kowalski urodzi\u0142 si\u0119 6 maja 2001 roku. Wychowanek Zag\u0142\u0119bia Lubin zwi\u0105zany z klubem do 2018 roku. Obecnie zawodnik Stali Brzeg.<\/p>\n\n\n<div class=\"wp-block-image\">\n<figure class=\"aligncenter\"><img loading=\"lazy\" decoding=\"async\" width=\"400\" height=\"600\" src=\"https:\/\/64.media.tumblr.com\/ec042feffb06fe752fa6ce18f138a1c4\/d652a465ca4675f3-6a\/s400x600\/8da2c1c3f795c2546efbe517c1ef91f9692ea7e3.pnj\" alt=\"\" class=\"wp-image-18643\"\/><figcaption class=\"wp-element-caption\">Micha\u0142 Matys. Fot. www.akademiakghm.com<\/figcaption><\/figure>\n<\/div>\n\n\n<p>Micha\u0142 Matys urodzi\u0142 si\u0119 6 maja 2006 roku w Jeleniej G\u00f3rze. Do Zag\u0142\u0119bia Lubin trafi\u0142 z Chojnika Jelenia G\u00f3ra. Obecnie reprezentuje dru\u017cyn\u0119 rezerw Zag\u0142\u0119bia Lubin. Reprezentant Polski U-17.<\/p>\n","protected":false},"excerpt":{"rendered":"<p>Jakub Kowalski urodzi\u0142 si\u0119 6 maja 2001 roku. Wychowanek Zag\u0142\u0119bia Lubin zwi\u0105zany z klubem do 2018 roku. Obecnie zawodnik Stali Brzeg. Micha\u0142 Matys urodzi\u0142 si\u0119 6 maja 2006 roku w&hellip; <\/p>\n","protected":false},"author":1,"featured_media":18641,"comment_status":"open","ping_status":"open","sticky":false,"template":"","format":"standard","meta":{"footnotes":""},"categories":[46],"tags":[749,1814,89],"class_list":["post-24429","post","type-post","status-publish","format-standard","has-post-thumbnail","hentry","category-aktualnosci","tag-jakub-kowalski","tag-michal-matys","tag-zaglebie-lubin"],"_links":{"self":[{"href":"https:\/\/www.zaglebiak.com\/index.php\/wp-json\/wp\/v2\/posts\/24429","targetHints":{"allow":["GET"]}}],"collection":[{"href":"https:\/\/www.zaglebiak.com\/index.php\/wp-json\/wp\/v2\/posts"}],"about":[{"href":"https:\/\/www.zaglebiak.com\/index.php\/wp-json\/wp\/v2\/types\/post"}],"author":[{"embeddable":true,"href":"https:\/\/www.zaglebiak.com\/index.php\/wp-json\/wp\/v2\/users\/1"}],"replies":[{"embeddable":true,"href":"https:\/\/www.zaglebiak.com\/index.php\/wp-json\/wp\/v2\/comments?post=24429"}],"version-history":[{"count":1,"href":"https:\/\/www.zaglebiak.com\/index.php\/wp-json\/wp\/v2\/posts\/24429\/revisions"}],"predecessor-version":[{"id":24430,"href":"https:\/\/www.zaglebiak.com\/index.php\/wp-json\/wp\/v2\/posts\/24429\/revisions\/24430"}],"wp:featuredmedia":[{"embeddable":true,"href":"https:\/\/www.zaglebiak.com\/index.php\/wp-json\/wp\/v2\/media\/18641"}],"wp:attachment":[{"href":"https:\/\/www.zaglebiak.com\/index.php\/wp-json\/wp\/v2\/media?parent=24429"}],"wp:term":[{"taxonomy":"category","embeddable":true,"href":"https:\/\/www.zaglebiak.com\/index.php\/wp-json\/wp\/v2\/categories?post=24429"},{"taxonomy":"post_tag","embeddable":true,"href":"https:\/\/www.zaglebiak.com\/index.php\/wp-json\/wp\/v2\/tags?post=24429"}],"curies":[{"name":"wp","href":"https:\/\/api.w.org\/{rel}","templated":true}]}}