{"id":24418,"date":"2024-05-15T06:15:00","date_gmt":"2024-05-15T04:15:00","guid":{"rendered":"https:\/\/www.zaglebiak.com\/?p=24418"},"modified":"2024-05-15T09:31:26","modified_gmt":"2024-05-15T07:31:26","slug":"emil-nowakowski","status":"publish","type":"post","link":"https:\/\/www.zaglebiak.com\/index.php\/2024\/05\/15\/emil-nowakowski\/","title":{"rendered":"Emil Nowakowski"},"content":{"rendered":"\n<p>Emil Nowakowski urodzi\u0142 si\u0119 15 maja 1974 r. w Lubinie. Jest wychowankiem Zag\u0142\u0119bia Lubin. Reprezentowa\u0142 r\u00f3wnie\u017c G\u00f3rnik Polkowice, Chrobrego G\u0142og\u00f3w, G\u00f3rnik Wa\u0142brzych, \u015al\u0105sk Wroc\u0142aw, Poloni\u0119 Warszawa, Prochowiczank\u0119 Prochowice, BKS Boles\u0142awiec, Konfeks Legnica i Victori\u0119 Parch\u00f3w oraz zagraniczne kluby: Central Jersey Riptile, AS Matera Calcio, Olympiakos ASK Volou, MAS Pierikos Katerini, APO FostirasTavrou, FC Oberlausitz Neugersdorf. Po zawieszeniu but\u00f3w na ko\u0142ku zaj\u0105\u0142 si\u0119 prac\u0105 trenersk\u0105 i zwi\u0105za\u0142 si\u0119 z Akademi\u0105 Zag\u0142\u0119bia Lubin. <\/p>\n\n\n\n<p class=\"has-text-align-center\"><strong>Wychowanek klubu i dru\u017cyny juniorskie Zag\u0142\u0119bia Lubin<\/strong><\/p>\n\n\n\n<p>Tak powstanie dru\u017cyny rocznika 1974 wspomina\u0142 Krzysztof Palczewski &#8221; Nie Pami\u0119tam kiedy dok\u0142adnie utworzono moj\u0105 grup\u0119 w moim roczniku, ale ponownie trafi\u0142em pod opiek\u0119 trenera Malawskiego. To by\u0142 czas, gdy w Lubinie rozgrywano Mini Mundial. Ze szko\u0142y nr 10 przyszed\u0142 Jarek Pokora i Mariusz Bo\u0144czak, szko\u0142\u0119 nr 11 reprezentowali Arek Skowron i Radek Ka\u0142u\u017cny. Bardzo mocna by\u0142a szko\u0142a nr 5, kt\u00f3ra je\u015bli dobrze pami\u0119tam, dotar\u0142a do fina\u0142u tych rozgrywek i tam grali Pawe\u0142 Matijczak i Janusz Olejarczyk. My w szkole nr 1 nie mieli\u015bmy mocnej dru\u017cyny. Ze szko\u0142y nr 3 do\u0142\u0105czy\u0142 Waldek Roma\u0107, <strong>ze szko\u0142y nr 7 Emil Nowakowski <\/strong>i Grzegorz J\u00f3zi\u00f3w, a z nr 8 by\u0142 bramkarz Radek Soszy\u0144ski. Tak mniej wi\u0119cej powsta\u0142a nasza dru\u017cyna rocznik 1974&#8243;.<\/p>\n\n\n<div class=\"wp-block-image\">\n<figure class=\"aligncenter size-full\"><img loading=\"lazy\" decoding=\"async\" width=\"952\" height=\"651\" src=\"https:\/\/64.media.tumblr.com\/6b0d869f524c36ca437eff5ebe03e15d\/fb307cb163be515c-0a\/s1280x1920\/d5b46557a4913a00a533cf4c131d943ff27b6f02.jpg\" alt=\"\" class=\"wp-image-24395\"\/><figcaption class=\"wp-element-caption\">Emil Nowakowski z kolegami z Zag\u0142\u0119bia Lubin na turnieju w Holandii<\/figcaption><\/figure>\n<\/div>\n\n\n<p>W Niemczech w Plattenhardt ko\u0142o Stuttgartu dru\u017cyny juniorskie Zag\u0142\u0119bia Lubin rozegra\u0142y te\u017c dwa turnieje.  Pierwszy raz na tym turnieju zaj\u0119li\u015bmy trzecie miejsce, a kolejnym razem czwarte. W ka\u017cdej dru\u017cynie by\u0142y r\u00f3wnie\u017c indywidualno\u015bci. <strong>Emil Nowakowski panowa\u0142 \u015bwietnie nad pi\u0142k\u0105<\/strong>, Jarek Pokora z Paw\u0142em Matijczakiem dryblingiem i zwodami wyprowadzali niejednego w pole. &#8211; tak podsumowywa\u0142 gr\u0119 koleg\u00f3w Krzysztof Palczewski. <\/p>\n\n\n<div class=\"wp-block-image\">\n<figure class=\"aligncenter size-full\"><img loading=\"lazy\" decoding=\"async\" width=\"951\" height=\"548\" src=\"https:\/\/64.media.tumblr.com\/5a4593334c92eb181de79cf8ef564088\/c74fed232c173bee-e1\/s1280x1920\/0dee5fd1f504dd051478361457f48843bca1255f.jpg\" alt=\"\" class=\"wp-image-24424\"\/><figcaption class=\"wp-element-caption\">Emil Nowakowski z kolegami z Zag\u0142\u0119bia Lubin na turnieju w niemieckim Plattenhardt<\/figcaption><\/figure>\n<\/div>\n\n\n<p>W pierwszym meczu w Wa\u0142brzychu by\u0142 remis 0:0. Radek Ka\u0142u\u017cny graj\u0105cy wtedy ju\u017c w pierwszej dru\u017cynie zagra\u0142 z nami. W rewan\u017cu w Lubinie pad\u0142 wynik 3:2. Po tej wygranej Zag\u0142\u0119bie Lubin z Emilem Nowakowskim awansowa\u0142o do Mistrzostw Polski junior\u00f3w.<\/p>\n\n\n<div class=\"wp-block-image\">\n<figure class=\"aligncenter size-full\"><img loading=\"lazy\" decoding=\"async\" width=\"1424\" height=\"839\" src=\"https:\/\/64.media.tumblr.com\/6f34dbfadca6e9c13af3572455e60729\/c74fed232c173bee-73\/s2048x3072\/4df9c1c359400826e719a260d57e4d2d6e27eb30.jpg\" alt=\"\" class=\"wp-image-24426\"\/><figcaption class=\"wp-element-caption\">Emil Nowakowski z dru\u017cyn\u0105 Zag\u0142\u0119bia Lubin przed meczem bara\u017cowym z Zag\u0142\u0119biem Wa\u0142brzych<\/figcaption><\/figure>\n<\/div>\n\n\n<p>Dru\u017cyn\u0119 Zag\u0142\u0119bia Lubin prowadzi\u0142 wtedy trener Bogus\u0142aw Korczak. Zag\u0142\u0119bie pojecha\u0142o do \u0141odzi i mia\u0142o w grupie Or\u0142a \u0141\u00f3d\u017a, Lecha Pozna\u0144 i Zawisz\u0119 Bydgoszcz. Pierwszy mecz z Zawisz\u0105 przegrali 1:0. Z Lechem Pozna\u0144 przegrali\u015bmy 5:1. W ostatnim meczu z Or\u0142em \u0141\u00f3d\u017a wygrali\u015bmy, ale to Orze\u0142 by\u0142 premiowany awansem.<\/p>\n\n\n\n<p>W czerwcu 1992 r. Emil Nowakowski wraz z kilkoma kolegami Krzysztofem Palczewskim, Arkiem Skowronem, Adamem Goliaszem i Jarkiem Pokor\u0105 trafi\u0142 do pierwszej dru\u017cyny Zag\u0142\u0119bia Lubin. <\/p>\n\n\n\n<p class=\"has-text-align-center\"><strong>Gra w pierwszej dru\u017cynie Zag\u0142\u0119bia Lubin<\/strong><\/p>\n\n\n\n<p>W sezonie 1992\/1993 Emil Nowakowski w pierwszej dru\u017cynie rozegra\u0142 26 spotka\u0144 i strzeli\u0142 2 bramki. Debiutowa\u0142 8 sierpnia 1992 r. w meczu wyjazdowym z Jagielloni\u0105 Bia\u0142ystok, wygranym przez Zag\u0142\u0119bie 2-1.<\/p>\n\n\n<div class=\"wp-block-image\">\n<figure class=\"aligncenter size-full\"><img loading=\"lazy\" decoding=\"async\" width=\"1353\" height=\"867\" src=\"https:\/\/64.media.tumblr.com\/4233665cd2bdee4440b8a24d00244726\/fb307cb163be515c-94\/s2048x3072\/b0916b16f0afad602eebb7958922b64a4bc0faaf.jpg\" alt=\"\" class=\"wp-image-24397\"\/><\/figure>\n<\/div>\n\n\n<p>Jesieni\u0105 1993 r. rozegra\u0142 jeszcze 4 spotkania w Zag\u0142\u0119biu Lubin i przeni\u00f3s\u0142 si\u0119 do G\u00f3rnika Polkowice.<\/p>\n\n\n<div class=\"wp-block-image\">\n<figure class=\"aligncenter size-full\"><img loading=\"lazy\" decoding=\"async\" width=\"2048\" height=\"1268\" src=\"https:\/\/64.media.tumblr.com\/51f82ce3f44fc8015698842735b42c5e\/fb307cb163be515c-9c\/s2048x3072\/6de9e0d365ce3177dc24743134cdebaaf92ca4d3.jpg\" alt=\"\" class=\"wp-image-24399\"\/><figcaption class=\"wp-element-caption\">Emil Nowakowski w barwach pierwszej dru\u017cyny Zag\u0142\u0119bia Lubin<\/figcaption><\/figure>\n<\/div>\n\n\n<p class=\"has-text-align-center\"><strong>Chrobry G\u0142og\u00f3w<\/strong><\/p>\n\n\n\n<p>Wiosn\u0105 1994 r. Emil Nowakowski trafia do drugoligowego Chrobrego G\u0142og\u00f3w. Rozgrywa 17 spotka\u0144 i strzela 4 bramki. <\/p>\n\n\n<div class=\"wp-block-image\">\n<figure class=\"aligncenter size-full\"><img loading=\"lazy\" decoding=\"async\" width=\"2048\" height=\"1351\" src=\"https:\/\/64.media.tumblr.com\/4aa5079152a55d7a262f1763954da6da\/fb307cb163be515c-78\/s2048x3072\/13c3c76820849251cebecf1f3d2126d2ffb59e2b.jpg\" alt=\"\" class=\"wp-image-24401\"\/><figcaption class=\"wp-element-caption\">Emil Nowakowski w barwach Chrobrego G\u0142og\u00f3w<\/figcaption><\/figure>\n<\/div>\n\n\n<p>W kolejnych dw\u00f3ch sezonach reprezentuje nadal Chrobrego. W sezonie 1994\/1995 zaliczy\u0142 34 spotkania i strzeli\u0142 5 bramek, a sezon p\u00f3\u017aniej 33 spotkania i 3 bramki. <\/p>\n\n\n<div class=\"wp-block-image\">\n<figure class=\"aligncenter size-full\"><img loading=\"lazy\" decoding=\"async\" width=\"2048\" height=\"1393\" src=\"https:\/\/64.media.tumblr.com\/aaa5edd0af31122fb22d35ca0ff42359\/7e9d4fd2762b3b5c-c2\/s2048x3072\/0d7e61925ede432c5b6bf9b376e9c7e5fe64cf3b.jpg\" alt=\"\" class=\"wp-image-24437\"\/><figcaption class=\"wp-element-caption\">Emil Nowakowski na obozie przygotowawczym Chrobrego G\u0142og\u00f3w<\/figcaption><\/figure>\n<\/div>\n\n\n<p class=\"has-text-align-center\"><strong>Central Jersey Riptide i AS Matera Calcio<\/strong><\/p>\n\n\n\n<p>Jesieni\u0105 1996 r. wyje\u017cd\u017ca do USA i gra w dru\u017cynie Central Jersey Riptide przez ca\u0142y sezon. Jesieni\u0105 1997 r. trafia do w\u0142oskiego czwartoligowca AS Matera Calcio. <\/p>\n\n\n\n<p class=\"has-text-align-center\"><strong>G\u00f3rnik Wa\u0142brzych<\/strong><\/p>\n\n\n\n<p>Zim\u0105 1998 r. wraca do kraju i rozpocz\u0105\u0142 treningi pod okiem Grzegorza Kowalskiego w wa\u0142brzyskim G\u00f3rniku. Zacz\u0105\u0142 niezbyt fortunnie, bo w spotkaniu z gda\u0144sk\u0105 Poloni\u0105 nie wykorzysta\u0142 rzutu karnego, lecz p\u00f3\u017aniej szalej\u0105c po lewym skrzydle zjedna\u0142 sobie sympati\u0119 kibic\u00f3w. <\/p>\n\n\n<div class=\"wp-block-image\">\n<figure class=\"aligncenter size-full\"><img loading=\"lazy\" decoding=\"async\" width=\"1455\" height=\"2201\" src=\"https:\/\/64.media.tumblr.com\/186cfdc073c1a87e28c9213c6dfedd4b\/fb307cb163be515c-5f\/s2048x3072\/074a9a57e60960e646541257d3c0f7fe9f87b19e.jpg\" alt=\"\" class=\"wp-image-24403\"\/><figcaption class=\"wp-element-caption\">Emil Nowakowski w G\u00f3rniku Wa\u0142brzych<\/figcaption><\/figure>\n<\/div>\n\n\n<p>W niekt\u00f3rych przypadkach zast\u0119powa\u0142 Jacka Sorbiana w roli rozgrywaj\u0105cego. Pi\u0142karz o \u017celaznych p\u0142ucach i nienagannej technice. Takie komentarze s\u0142ysza\u0142o si\u0119 w Wa\u0142brzychu na jego temat. Wiosn\u0105 1998 r. zdoby\u0142  jedn\u0105 bramk\u0119 i wypracowa\u0142 kolegom trzy kolejne. Po latach posuchy wa\u0142brzyscy kibice mogli podziwia\u0107 w akcji naprawd\u0119 znakomitego grajka. <\/p>\n\n\n<div class=\"wp-block-image\">\n<figure class=\"aligncenter size-full\"><img loading=\"lazy\" decoding=\"async\" width=\"2048\" height=\"1402\" src=\"https:\/\/64.media.tumblr.com\/5b2024754f4ef410dab69ac65b8014ea\/fb307cb163be515c-49\/s2048x3072\/7189f5ee30abc87a83e2310de821d9a0cf444f54.jpg\" alt=\"\" class=\"wp-image-24405\"\/><figcaption class=\"wp-element-caption\">Emil Nowakowski w barwach G\u00f3rnika Wa\u0142brzych<\/figcaption><\/figure>\n<\/div>\n\n\n<p>Po udanej rundzie oczywi\u015bcie posypa\u0142y si\u0119 oferty, sam Emil by\u0142 sk\u0142onny wyjecha\u0107 do trzeciej ligi w\u0142oskiej, lecz za namow\u0105 trenera Grzegorza Kowalskiego trafi\u0142 za nim do wroc\u0142awskiego \u015al\u0105ska.<\/p>\n\n\n\n<p class=\"has-text-align-center\"><strong>\u015al\u0105sk Wroc\u0142aw<\/strong><\/p>\n\n\n\n<p>Jesie\u0144 1998 r. sp\u0119dzi\u0142 w \u015al\u0105sku Wroc\u0142aw i rozegra\u0142 10 spotka\u0144.<\/p>\n\n\n\n<p class=\"has-text-align-center\"><strong>Powr\u00f3t do Zag\u0142\u0119bia Lubin<\/strong><\/p>\n\n\n\n<p>Wiosn\u0119 i jesie\u0144 1999 r. Emil Nowakowski sp\u0119dza w Zag\u0142\u0119biu Lubin, gdzie wraca po kilku dobrych latach. Wiosn\u0105 1999 rozgrywa 11 spotka\u0144, a jesieni\u0105 kolejne 3 mecze. Powr\u00f3t do Zag\u0142\u0119bia nie uk\u0142ada si\u0119 po jego my\u015bli i zostaje nam\u00f3wiony na powr\u00f3t do \u015al\u0105ska Wroc\u0142aw, gdzie ma pom\u00f3c w powrocie do elity. <\/p>\n\n\n\n<p class=\"has-text-align-center\"><strong>Powr\u00f3t do<\/strong> <strong>\u015al\u0105ska Wroc\u0142aw <\/strong><\/p>\n\n\n\n<p>Wiosn\u0105 2000 r. Emil Nowakowski rozgrywa 18 spotka\u0144 i strzela dwie bramki, czym wydatnie przyczynia si\u0119 do awansu \u015al\u0105ska do pierwszej ligi. <\/p>\n\n\n<div class=\"wp-block-image\">\n<figure class=\"aligncenter size-full\"><img loading=\"lazy\" decoding=\"async\" width=\"2048\" height=\"1271\" src=\"https:\/\/64.media.tumblr.com\/31016cd9f955dc84ca55ba171cf2c258\/fb307cb163be515c-6f\/s2048x3072\/bc77035e6ca730462f31174c06a84a5dd63db634.jpg\" alt=\"\" class=\"wp-image-24407\"\/><figcaption class=\"wp-element-caption\">Emil Nowakowski w barwach \u015al\u0105ska Wroc\u0142aw.Plakat ze zbior\u00f3w Krzysztofa Mielczarka<\/figcaption><\/figure>\n<\/div>\n\n\n<p>Jesieni\u0105 2000 r. rozgrywa w pierwszej lidze 12 spotka\u0144. Ponadto notuje 4 mecze w Pucharze Polski i jeden w Pucharze Ligi. <\/p>\n\n\n\n<p class=\"has-text-align-center\"><strong>G\u00f3rnik Polkowice<\/strong><\/p>\n\n\n\n<p>Wiosn\u0105 2001 r. trafia do maj\u0105cego pierwszoligowe ambicje G\u00f3rnika Polkowice, w kt\u00f3rym gra do ko\u0144ca sezonu 2001\/2002. Pod koniec gra rzadziej i rozgl\u0105da si\u0119 za innym klubem. Mia\u0142 oferty z Polaru Wroc\u0142aw, ale transfer zablokowali dzia\u0142acze. P\u00f3\u017aniej spekulowano o grze we W\u0142\u00f3kniarzu Mirsk. Ostatecznie nie gra\u0142 przez p\u00f3\u0142 roku. <\/p>\n\n\n\n<p class=\"has-text-align-center\"><strong>Polonia Warszawa<\/strong><\/p>\n\n\n\n<p>Ku zaskoczeniu wielu os\u00f3b przechodzi testy w pierwszoligowej Polonii Warszawa i pomaga jej w utrzymaniu si\u0119 w lidze. Wiosn\u0105 2003 r. rozgrywa 14 spotka\u0144 i strzela jedn\u0105 bramk\u0119. W sezonie 2003\/2004 rozgrywa 9 spotka\u0144. Jesieni\u0105 2004 r. gra w rezerwach Polonii. Rozegra\u0142 te\u017c mecz w Pucharze Intertoto z Tobo\u0142em Kostanaj, gdzie na wyje\u017adzie Polonia uleg\u0142a 2-1. <\/p>\n\n\n<div class=\"wp-block-image\">\n<figure class=\"aligncenter size-full\"><img loading=\"lazy\" decoding=\"async\" width=\"2048\" height=\"1327\" src=\"https:\/\/64.media.tumblr.com\/d938a689119cb42447603a513e17f77d\/fb307cb163be515c-63\/s2048x3072\/def56e6ce70fd7ac0388191ef16b15926f791322.jpg\" alt=\"\" class=\"wp-image-24409\"\/><figcaption class=\"wp-element-caption\">Emil Nowakowski w barwach Polonii Warszawa<\/figcaption><\/figure>\n<\/div>\n\n\n<p class=\"has-text-align-center\"><strong>Greckie woja\u017ce: Olympiakos ASK Volou, MAS Pierikos Katerini, APO FostirasTavrou<\/strong><\/p>\n\n\n\n<p>Od wiosny 2005 do ko\u0144ca sezonu 2006\/2007 rozegra\u0142 53 mecze i strzeli\u0142 2 bramki w Olympiakos ASK Volou. Nast\u0119pnie przeni\u00f3s\u0142 si\u0119 do MAS Pierikos Katerini, gdzie wiosn\u0105 2007 r. rozgrywa 14 spotka\u0144 i strzela 4 bramki. Nie posiadam niestety statystyk z jesieni 2007 r. Wiosn\u0105 2008 r. gra ju\u017c w APO Fostiras Tavrou. <\/p>\n\n\n\n<p class=\"has-text-align-center\"><strong>FC Oberlausitz Neugersdorf<\/strong><\/p>\n\n\n\n<p>W sezonie 2008\/2009 reprezentuje ju\u017c niemiecki FC Oberlausitz Neugersdorf. Jest to jego ostatni zagraniczny klub w karierze. Decyduje si\u0119 na powr\u00f3t do kraju i gra jeszcze w kilku klubach z ni\u017cszych lig. <\/p>\n\n\n\n<p class=\"has-text-align-center\"><strong>Polskie ni\u017csze ligi<\/strong><\/p>\n\n\n\n<p>Sezon 2009\/2010 sp\u0119dza w Prochowiczance Prochowice, kt\u00f3ra gra w IV lidze. Na koniec sezonu zajmuje z ni\u0105 6 miejsce. <\/p>\n\n\n\n<p>Sezon p\u00f3\u017aniej gra ju\u017c w BKS-ie Boles\u0142awiec, gdzie przenosi si\u0119 razem z trenerem Marcinem Cili\u0144skim. BKS r\u00f3wnie\u017c gra w IV lidze. Niestety sezonu 2010\/2011 nie mo\u017ce zaliczy\u0107 do udanych, poniewa\u017c klub spada z ligi, a losy utrzymania wa\u017cy\u0142y si\u0119 do ostatniej kolejki. <\/p>\n\n\n<div class=\"wp-block-image\">\n<figure class=\"aligncenter size-full is-resized\"><img loading=\"lazy\" decoding=\"async\" width=\"426\" height=\"640\" src=\"https:\/\/64.media.tumblr.com\/c92c3d22432ea728b5d897446915166d\/fb307cb163be515c-f5\/s500x750\/40b35dce5344d3b71837b8dfb626916c3a41d678.jpg\" alt=\"\" class=\"wp-image-24415\" style=\"width:840px;height:auto\"\/><figcaption class=\"wp-element-caption\">Emil Nowakowski w barwach BKS-u Boles\u0142awiec. Fot. istotneinformacje.pl<\/figcaption><\/figure>\n<\/div>\n\n\n<p>Jesieni\u0105 2011 r. trafia do kolejnego czwartoligowca, Konfeksu Legnica, prowadzonego przez Wojciecha G\u00f3rskiego. W klubie z Legnicy sp\u0119dza tylko jedn\u0105 rund\u0119. <\/p>\n\n\n<div class=\"wp-block-image\">\n<figure class=\"aligncenter size-full\"><img loading=\"lazy\" decoding=\"async\" width=\"1024\" height=\"664\" src=\"https:\/\/64.media.tumblr.com\/1ead7b4e1ed7d4e379c042728eb4118d\/fb307cb163be515c-b8\/s1280x1920\/209665a1c7baf1ca7580537fcf43b86df8bd5ab7.jpg\" alt=\"\" class=\"wp-image-24413\"\/><figcaption class=\"wp-element-caption\">Emil Nowakowski w barwach Konfeksu Legnica<\/figcaption><\/figure>\n<\/div>\n\n\n<p>Karier\u0119 pi\u0142karsk\u0105 ko\u0144czy w Victorii Prochowice, gdzie gra w latach 2012-2014. Klub graj\u0105cy w A klasie z aspiracjami na awans. <\/p>\n\n\n\n<p class=\"has-text-align-center\"><strong>Kariera Trenerska<\/strong><\/p>\n\n\n\n<p>W Akademii Zag\u0142\u0119bia Lubin pracuje od 2013 r. Prowadzi\u0142 w dotychczasowej karierze dru\u017cyny od U-8 do U-15. Posiada licencj\u0119 trenersk\u0105 UEFA A.<\/p>\n\n\n<div class=\"wp-block-image\">\n<figure class=\"aligncenter size-full is-resized\"><img loading=\"lazy\" decoding=\"async\" width=\"330\" height=\"495\" src=\"https:\/\/64.media.tumblr.com\/be91048f83ff545f6c713a1a477312f8\/c74fed232c173bee-df\/s400x600\/8cf9e9fbd74c2c0c764662f0b8fc1441dd848098.jpg\" alt=\"\" class=\"wp-image-24422\" style=\"width:840px;height:auto\"\/><figcaption class=\"wp-element-caption\">Emil Nowakowski trener Akademii Zag\u0142\u0119bia Lubin<\/figcaption><\/figure>\n<\/div>\n\n\n<p>W okresie czerwiec-grudzie\u0144 2022 r. pe\u0142ni\u0142 funkcj\u0119 asystenta trenera Piotra Stokowca w Zag\u0142\u0119biu Lubin. <\/p>\n\n\n\n<p>Po tym okresie wr\u00f3ci\u0142 do pracy w Akademii Zag\u0142\u0119bia Lubin i obecnie prowadzi dru\u017cyn\u0119 U-12 Miedzian\u0105. <\/p>\n","protected":false},"excerpt":{"rendered":"<p>Emil Nowakowski urodzi\u0142 si\u0119 15 maja 1974 r. w Lubinie. Jest wychowankiem Zag\u0142\u0119bia Lubin. Reprezentowa\u0142 r\u00f3wnie\u017c G\u00f3rnik Polkowice, Chrobrego G\u0142og\u00f3w, G\u00f3rnik Wa\u0142brzych, \u015al\u0105sk Wroc\u0142aw, Poloni\u0119 Warszawa, Prochowiczank\u0119 Prochowice, BKS Boles\u0142awiec,&hellip; <\/p>\n","protected":false},"author":1,"featured_media":24420,"comment_status":"open","ping_status":"open","sticky":false,"template":"","format":"standard","meta":{"footnotes":""},"categories":[40,2171],"tags":[1451,453,472,782,1334,1415,1247,1894,90,2172,89],"class_list":["post-24418","post","type-post","status-publish","format-standard","has-post-thumbnail","hentry","category-biogramy","category-n","tag-bks-boleslawiec","tag-chrobry-glogow","tag-emil-nowakowski","tag-gornik-polkowice","tag-gornik-walbrzych","tag-konfeks-legnica","tag-polonia-warszawa","tag-prochowiczanka-prochowice","tag-slask-wroclaw","tag-viktoria-parchow","tag-zaglebie-lubin"],"_links":{"self":[{"href":"https:\/\/www.zaglebiak.com\/index.php\/wp-json\/wp\/v2\/posts\/24418","targetHints":{"allow":["GET"]}}],"collection":[{"href":"https:\/\/www.zaglebiak.com\/index.php\/wp-json\/wp\/v2\/posts"}],"about":[{"href":"https:\/\/www.zaglebiak.com\/index.php\/wp-json\/wp\/v2\/types\/post"}],"author":[{"embeddable":true,"href":"https:\/\/www.zaglebiak.com\/index.php\/wp-json\/wp\/v2\/users\/1"}],"replies":[{"embeddable":true,"href":"https:\/\/www.zaglebiak.com\/index.php\/wp-json\/wp\/v2\/comments?post=24418"}],"version-history":[{"count":9,"href":"https:\/\/www.zaglebiak.com\/index.php\/wp-json\/wp\/v2\/posts\/24418\/revisions"}],"predecessor-version":[{"id":24546,"href":"https:\/\/www.zaglebiak.com\/index.php\/wp-json\/wp\/v2\/posts\/24418\/revisions\/24546"}],"wp:featuredmedia":[{"embeddable":true,"href":"https:\/\/www.zaglebiak.com\/index.php\/wp-json\/wp\/v2\/media\/24420"}],"wp:attachment":[{"href":"https:\/\/www.zaglebiak.com\/index.php\/wp-json\/wp\/v2\/media?parent=24418"}],"wp:term":[{"taxonomy":"category","embeddable":true,"href":"https:\/\/www.zaglebiak.com\/index.php\/wp-json\/wp\/v2\/categories?post=24418"},{"taxonomy":"post_tag","embeddable":true,"href":"https:\/\/www.zaglebiak.com\/index.php\/wp-json\/wp\/v2\/tags?post=24418"}],"curies":[{"name":"wp","href":"https:\/\/api.w.org\/{rel}","templated":true}]}}