{"id":24007,"date":"2024-03-27T09:58:25","date_gmt":"2024-03-27T08:58:25","guid":{"rendered":"https:\/\/www.zaglebiak.com\/?p=24007"},"modified":"2024-03-27T09:58:27","modified_gmt":"2024-03-27T08:58:27","slug":"27-marca-urodzili-sie-leslaw-grech-vidas-alunderis-i-karol-fryzowicz-4","status":"publish","type":"post","link":"https:\/\/www.zaglebiak.com\/index.php\/2024\/03\/27\/27-marca-urodzili-sie-leslaw-grech-vidas-alunderis-i-karol-fryzowicz-4\/","title":{"rendered":"27 marca urodzili si\u0119 Les\u0142aw Grech, Vidas Alunderis i Karol Fryzowicz"},"content":{"rendered":"<div class=\"wp-block-image\">\n<figure class=\"aligncenter\"><img loading=\"lazy\" decoding=\"async\" width=\"1846\" height=\"2799\" src=\"https:\/\/64.media.tumblr.com\/5a7b70edfba518355056444b09c4e768\/8eea6aaa98cb376b-b7\/s2048x3072\/aa827572c45990a6da8c254bc39967fff014decc.jpg\" alt=\"\" class=\"wp-image-17814\"\/><figcaption class=\"wp-element-caption\">Les\u0142aw Grech. Fot. Jerzy Kosi\u0144ski<\/figcaption><\/figure>\n<\/div>\n\n\n<p>Les\u0142aw Grech urodzi\u0142 si\u0119 27 marca 1972 roku w Lubinie. Wychowanek Stali Chocian\u00f3w. W Zag\u0142\u0119biu Lubin w latach 1990-1992 rozegra\u0142 30 spotka\u0144 i strzeli\u0142 1 bramk\u0119. Mistrz Polski z 1991 roku. Z Zag\u0142\u0119bia odszed\u0142 do \u015al\u0105ska Wroc\u0142aw. Gra\u0142 jeszcze w Lechii Zielona G\u00f3ra, Chrobrym G\u0142og\u00f3w, G\u00f3rniku Polkowice, BKS-ie Boles\u0142awiec, Zamecie Przemk\u00f3w i P\u0142omieniu Radwanice.<\/p>\n\n\n<div class=\"wp-block-image\">\n<figure class=\"aligncenter\"><img loading=\"lazy\" decoding=\"async\" width=\"2048\" height=\"3046\" src=\"https:\/\/64.media.tumblr.com\/65bd3b808a99ed54651d2cc10c807b69\/8eea6aaa98cb376b-31\/s2048x3072\/7778586fc2643756da56d42d466c8e93121998b9.jpg\" alt=\"\" class=\"wp-image-17816\"\/><figcaption class=\"wp-element-caption\">Vidas Alunderis<\/figcaption><\/figure>\n<\/div>\n\n\n<p>Vidas Alunderis urodzi\u0142 si\u0119 27 marca 1979 roku w K\u0142ajpedzie. Litewski obro\u0144ca trafi\u0142 do Zag\u0142\u0119bia Lubin z Atlantasa K\u0142ajpeda. W latach 2005-2008 rozegra\u0142 53 spotkania i strzeli\u0142 3 bramki. Mistrz Polski z 2007 roku.<\/p>\n\n\n\n<figure class=\"wp-block-embed is-type-wp-embed is-provider-zag-biak wp-block-embed-zag-biak\"><div class=\"wp-block-embed__wrapper\">\n<blockquote class=\"wp-embedded-content\" data-secret=\"Zl5in9RSKV\"><a href=\"https:\/\/www.zaglebiak.com\/index.php\/2020\/10\/17\/vidas-alunderis\/\">Vidas Alunderis<\/a><\/blockquote><iframe loading=\"lazy\" class=\"wp-embedded-content\" sandbox=\"allow-scripts\" security=\"restricted\" style=\"position: absolute; clip: rect(1px, 1px, 1px, 1px);\" title=\"&#8222;Vidas Alunderis&#8221; &#8212; Zag\u0142\u0119biak\" src=\"https:\/\/www.zaglebiak.com\/index.php\/2020\/10\/17\/vidas-alunderis\/embed\/#?secret=dl3MSzy6Jt#?secret=Zl5in9RSKV\" data-secret=\"Zl5in9RSKV\" width=\"600\" height=\"338\" frameborder=\"0\" marginwidth=\"0\" marginheight=\"0\" scrolling=\"no\"><\/iframe>\n<\/div><\/figure>\n\n\n<div class=\"wp-block-image\">\n<figure class=\"aligncenter\"><img loading=\"lazy\" decoding=\"async\" width=\"319\" height=\"480\" src=\"https:\/\/64.media.tumblr.com\/268c428a1fb5c9f99a37a6fe0ae627b0\/8eea6aaa98cb376b-21\/s400x600\/218d3ffae6252a2b728a7b7f80450ccc57d9cbd7.jpg\" alt=\"\" class=\"wp-image-17812\"\/><figcaption class=\"wp-element-caption\">Karol Fryzowicz. Fot. lubin.pl<\/figcaption><\/figure>\n<\/div>\n\n\n<p>Karol Fryzowicz urodzi\u0142 si\u0119 27 marca 1991 roku w G\u0142ogowie. Do Zag\u0142\u0119bia Lubin trafi\u0142 z G\u00f3rnika Polkowice. W latach 2007-2011 reprezentowa\u0142 dru\u017cyny Zag\u0142\u0119bia Lubin. W Ekstraklasie rozegra\u0142 1 spotkanie. Mistrz M\u0142odej Ekstraklasy. Obecnie zawodnik G\u00f3rnika Polkowice.<\/p>\n","protected":false},"excerpt":{"rendered":"<p>Les\u0142aw Grech urodzi\u0142 si\u0119 27 marca 1972 roku w Lubinie. Wychowanek Stali Chocian\u00f3w. W Zag\u0142\u0119biu Lubin w latach 1990-1992 rozegra\u0142 30 spotka\u0144 i strzeli\u0142 1 bramk\u0119. Mistrz Polski z 1991&hellip; <\/p>\n","protected":false},"author":1,"featured_media":17810,"comment_status":"open","ping_status":"open","sticky":false,"template":"","format":"standard","meta":{"footnotes":""},"categories":[46],"tags":[571,101,570,89],"class_list":["post-24007","post","type-post","status-publish","format-standard","has-post-thumbnail","hentry","category-aktualnosci","tag-karol-fryzowicz","tag-leslaw-grech","tag-vidas-alunderis","tag-zaglebie-lubin"],"_links":{"self":[{"href":"https:\/\/www.zaglebiak.com\/index.php\/wp-json\/wp\/v2\/posts\/24007","targetHints":{"allow":["GET"]}}],"collection":[{"href":"https:\/\/www.zaglebiak.com\/index.php\/wp-json\/wp\/v2\/posts"}],"about":[{"href":"https:\/\/www.zaglebiak.com\/index.php\/wp-json\/wp\/v2\/types\/post"}],"author":[{"embeddable":true,"href":"https:\/\/www.zaglebiak.com\/index.php\/wp-json\/wp\/v2\/users\/1"}],"replies":[{"embeddable":true,"href":"https:\/\/www.zaglebiak.com\/index.php\/wp-json\/wp\/v2\/comments?post=24007"}],"version-history":[{"count":1,"href":"https:\/\/www.zaglebiak.com\/index.php\/wp-json\/wp\/v2\/posts\/24007\/revisions"}],"predecessor-version":[{"id":24008,"href":"https:\/\/www.zaglebiak.com\/index.php\/wp-json\/wp\/v2\/posts\/24007\/revisions\/24008"}],"wp:featuredmedia":[{"embeddable":true,"href":"https:\/\/www.zaglebiak.com\/index.php\/wp-json\/wp\/v2\/media\/17810"}],"wp:attachment":[{"href":"https:\/\/www.zaglebiak.com\/index.php\/wp-json\/wp\/v2\/media?parent=24007"}],"wp:term":[{"taxonomy":"category","embeddable":true,"href":"https:\/\/www.zaglebiak.com\/index.php\/wp-json\/wp\/v2\/categories?post=24007"},{"taxonomy":"post_tag","embeddable":true,"href":"https:\/\/www.zaglebiak.com\/index.php\/wp-json\/wp\/v2\/tags?post=24007"}],"curies":[{"name":"wp","href":"https:\/\/api.w.org\/{rel}","templated":true}]}}