{"id":23756,"date":"2024-03-03T06:02:00","date_gmt":"2024-03-03T05:02:00","guid":{"rendered":"https:\/\/www.zaglebiak.com\/?p=23756"},"modified":"2024-03-03T23:08:24","modified_gmt":"2024-03-03T22:08:24","slug":"3-marca-urodzili-sie-ben-van-dael-i-stefan-kiec","status":"publish","type":"post","link":"https:\/\/www.zaglebiak.com\/index.php\/2024\/03\/03\/3-marca-urodzili-sie-ben-van-dael-i-stefan-kiec\/","title":{"rendered":"3 marca urodzili si\u0119 Ben van Dael i Stefan Kie\u0107"},"content":{"rendered":"<div class=\"wp-block-image\">\n<figure class=\"aligncenter size-full is-resized\"><img loading=\"lazy\" decoding=\"async\" width=\"768\" height=\"920\" src=\"https:\/\/www.zaglebiak.com\/wp-content\/uploads\/2024\/03\/BvD.jpg\" alt=\"\" class=\"wp-image-23757\" style=\"width:840px;height:auto\" srcset=\"https:\/\/www.zaglebiak.com\/wp-content\/uploads\/2024\/03\/BvD.jpg 768w, https:\/\/www.zaglebiak.com\/wp-content\/uploads\/2024\/03\/BvD-250x300.jpg 250w\" sizes=\"auto, (max-width: 768px) 100vw, 768px\" \/><figcaption class=\"wp-element-caption\">Ben van Deal. Fot. zaglebie.com<\/figcaption><\/figure>\n<\/div>\n\n\n<p>Ben van Dael urodzi\u0142 si\u0119 3 marca 1965 roku w Swalmen. Holenderski trener najpierw zwi\u0105za\u0142 si\u0119 z lubi\u0144sk\u0105 Akademi\u0105, a nast\u0119pnie zosta\u0142 asystentem Mariusza Lewandowskiego. Po jego zwolnieniu obj\u0105\u0142 funkcj\u0119 pierwszego trenera Zag\u0142\u0119bia Lubin, kt\u00f3r\u0105 sprawowa\u0142 od pa\u017adziernika 2018 roku do sierpnia 2019.<\/p>\n\n\n<div class=\"wp-block-image\">\n<figure class=\"aligncenter size-full is-resized\"><img loading=\"lazy\" decoding=\"async\" width=\"303\" height=\"439\" src=\"https:\/\/www.zaglebiak.com\/wp-content\/uploads\/2024\/03\/kiec.jpg\" alt=\"\" class=\"wp-image-23758\" style=\"width:648px;height:auto\" srcset=\"https:\/\/www.zaglebiak.com\/wp-content\/uploads\/2024\/03\/kiec.jpg 303w, https:\/\/www.zaglebiak.com\/wp-content\/uploads\/2024\/03\/kiec-207x300.jpg 207w\" sizes=\"auto, (max-width: 303px) 100vw, 303px\" \/><figcaption class=\"wp-element-caption\">Stefan Kie\u0107<\/figcaption><\/figure>\n<\/div>\n\n\n<p>Stefan Kie\u0107 urodzi\u0142 si\u0119 3 marca 1917 roku. By\u0142 bramkarzem OMTUR Zawiszy i Gwardii Lubin. P\u00f3\u017aniej dzia\u0142a\u0142 przy klubie. Zmar\u0142 12 wrze\u015bnia 1988 roku.<\/p>\n","protected":false},"excerpt":{"rendered":"<p>Ben van Dael urodzi\u0142 si\u0119 3 marca 1965 roku w Swalmen. Holenderski trener najpierw zwi\u0105za\u0142 si\u0119 z lubi\u0144sk\u0105 Akademi\u0105, a nast\u0119pnie zosta\u0142 asystentem Mariusza Lewandowskiego. Po jego zwolnieniu obj\u0105\u0142 funkcj\u0119&hellip; <\/p>\n","protected":false},"author":1,"featured_media":23757,"comment_status":"open","ping_status":"open","sticky":false,"template":"","format":"standard","meta":{"footnotes":""},"categories":[46],"tags":[1782,448,89],"class_list":["post-23756","post","type-post","status-publish","format-standard","has-post-thumbnail","hentry","category-aktualnosci","tag-ben-van-dael","tag-stefan-kiec","tag-zaglebie-lubin"],"_links":{"self":[{"href":"https:\/\/www.zaglebiak.com\/index.php\/wp-json\/wp\/v2\/posts\/23756","targetHints":{"allow":["GET"]}}],"collection":[{"href":"https:\/\/www.zaglebiak.com\/index.php\/wp-json\/wp\/v2\/posts"}],"about":[{"href":"https:\/\/www.zaglebiak.com\/index.php\/wp-json\/wp\/v2\/types\/post"}],"author":[{"embeddable":true,"href":"https:\/\/www.zaglebiak.com\/index.php\/wp-json\/wp\/v2\/users\/1"}],"replies":[{"embeddable":true,"href":"https:\/\/www.zaglebiak.com\/index.php\/wp-json\/wp\/v2\/comments?post=23756"}],"version-history":[{"count":1,"href":"https:\/\/www.zaglebiak.com\/index.php\/wp-json\/wp\/v2\/posts\/23756\/revisions"}],"predecessor-version":[{"id":23759,"href":"https:\/\/www.zaglebiak.com\/index.php\/wp-json\/wp\/v2\/posts\/23756\/revisions\/23759"}],"wp:featuredmedia":[{"embeddable":true,"href":"https:\/\/www.zaglebiak.com\/index.php\/wp-json\/wp\/v2\/media\/23757"}],"wp:attachment":[{"href":"https:\/\/www.zaglebiak.com\/index.php\/wp-json\/wp\/v2\/media?parent=23756"}],"wp:term":[{"taxonomy":"category","embeddable":true,"href":"https:\/\/www.zaglebiak.com\/index.php\/wp-json\/wp\/v2\/categories?post=23756"},{"taxonomy":"post_tag","embeddable":true,"href":"https:\/\/www.zaglebiak.com\/index.php\/wp-json\/wp\/v2\/tags?post=23756"}],"curies":[{"name":"wp","href":"https:\/\/api.w.org\/{rel}","templated":true}]}}