{"id":23665,"date":"2024-02-25T10:54:47","date_gmt":"2024-02-25T09:54:47","guid":{"rendered":"https:\/\/www.zaglebiak.com\/?p=23665"},"modified":"2024-02-25T10:54:49","modified_gmt":"2024-02-25T09:54:49","slug":"25-lutego-urodzili-sie-dariusz-lewandowski-guram-giorbelidze-i-aleksander-kubacki","status":"publish","type":"post","link":"https:\/\/www.zaglebiak.com\/index.php\/2024\/02\/25\/25-lutego-urodzili-sie-dariusz-lewandowski-guram-giorbelidze-i-aleksander-kubacki\/","title":{"rendered":"25 lutego urodzili si\u0119 Dariusz Lewandowski, Guram Giorbelidze i Aleksander Kubacki"},"content":{"rendered":"<div class=\"wp-block-image\">\n<figure class=\"aligncenter size-full is-resized\"><img loading=\"lazy\" decoding=\"async\" width=\"540\" height=\"405\" src=\"https:\/\/64.media.tumblr.com\/ebd4f1eaf43963f4d125767eed78b055\/c2c39333bda2771f-c5\/s540x810\/e0a69ddfd52bccbca02718c21c07d6eb0eddc0b8.jpg\" alt=\"\" class=\"wp-image-23662\" style=\"width:840px;height:auto\"\/><figcaption class=\"wp-element-caption\">Dariusz Lewandowski<\/figcaption><\/figure>\n<\/div>\n\n\n<p>Dariusz Lewandowski urodzi\u0142 si\u0119 25 lutego 1965 roku w Kielcach. Do Zag\u0142\u0119bia Lubin trafi\u0142 wiosn\u0105 1990 roku z Chrobrego G\u0142og\u00f3w. W Zag\u0142\u0119biu Lubin gra\u0142 do 1997 roku i odszed\u0142 do Pogoni Szczecin.<\/p>\n\n\n\n<figure class=\"wp-block-embed is-type-wp-embed is-provider-zag-biak wp-block-embed-zag-biak\"><div class=\"wp-block-embed__wrapper\">\n<blockquote class=\"wp-embedded-content\" data-secret=\"CbtJqU9PaK\"><a href=\"https:\/\/www.zaglebiak.com\/index.php\/2020\/10\/13\/dariusz-lewandowski\/\">Dariusz Lewandowski<\/a><\/blockquote><iframe loading=\"lazy\" class=\"wp-embedded-content\" sandbox=\"allow-scripts\" security=\"restricted\" style=\"position: absolute; clip: rect(1px, 1px, 1px, 1px);\" title=\"&#8222;Dariusz Lewandowski&#8221; &#8212; Zag\u0142\u0119biak\" src=\"https:\/\/www.zaglebiak.com\/index.php\/2020\/10\/13\/dariusz-lewandowski\/embed\/#?secret=9vi2MYx0xD#?secret=CbtJqU9PaK\" data-secret=\"CbtJqU9PaK\" width=\"600\" height=\"338\" frameborder=\"0\" marginwidth=\"0\" marginheight=\"0\" scrolling=\"no\"><\/iframe>\n<\/div><\/figure>\n\n\n<div class=\"wp-block-image\">\n<figure class=\"aligncenter size-full is-resized\"><img loading=\"lazy\" decoding=\"async\" width=\"540\" height=\"405\" src=\"https:\/\/64.media.tumblr.com\/203842ac722c75a5198463316251a1e0\/c2c39333bda2771f-29\/s540x810\/820386e8dbd33e6e884c60532efff0278d889222.jpg\" alt=\"\" class=\"wp-image-23658\" style=\"width:840px;height:auto\"\/><figcaption class=\"wp-element-caption\">Guram Giorbelidze. Fot. zaglebie.com<\/figcaption><\/figure>\n<\/div>\n\n\n<p>Guram Giorbelidze urodzi\u0142 si\u0119 25 lutego 1996 roku w Bolnisi. Jesieni\u0105 2022 roku rozegra\u0142 w barwach Zag\u0142\u0119bia Lubin 15 spotka\u0144, a p\u00f3\u017cniej wypo\u017cyczony do Dinamo Batumi. Obecnie reprezentuje FK Vojvodina Nowy Sad.<\/p>\n\n\n<div class=\"wp-block-image\">\n<figure class=\"aligncenter size-full\"><img loading=\"lazy\" decoding=\"async\" width=\"500\" height=\"680\" src=\"https:\/\/64.media.tumblr.com\/0bc7ede3074b1da24a4047f544d9fafc\/c2c39333bda2771f-c6\/s500x750\/2b9cbd348400b16cb3def01b5a2a1e4e6141bb38.pnj\" alt=\"\" class=\"wp-image-23660\"\/><figcaption class=\"wp-element-caption\">Aleksander Kubacki. Fot. zaglebie.com<\/figcaption><\/figure>\n<\/div>\n\n\n<p>Aleksander Kubacki urodzi\u0142 si\u0119 25 lutego 2005 roku. Wychowanek FA Leszno. Do Zag\u0142ebia trafi\u0142 z FASE Szczecin w 2020 r. Obecnie zawodnik drugoligowych rezerw Zag\u0142\u0119bia Lubin. <\/p>\n","protected":false},"excerpt":{"rendered":"<p>Dariusz Lewandowski urodzi\u0142 si\u0119 25 lutego 1965 roku w Kielcach. Do Zag\u0142\u0119bia Lubin trafi\u0142 wiosn\u0105 1990 roku z Chrobrego G\u0142og\u00f3w. W Zag\u0142\u0119biu Lubin gra\u0142 do 1997 roku i odszed\u0142 do&hellip; <\/p>\n","protected":false},"author":1,"featured_media":23664,"comment_status":"open","ping_status":"open","sticky":false,"template":"","format":"standard","meta":{"footnotes":""},"categories":[46],"tags":[2085,96,1773,89],"class_list":["post-23665","post","type-post","status-publish","format-standard","has-post-thumbnail","hentry","category-aktualnosci","tag-aleksander-kubacki","tag-dariusz-lewandowski","tag-guram-giorbelidze","tag-zaglebie-lubin"],"_links":{"self":[{"href":"https:\/\/www.zaglebiak.com\/index.php\/wp-json\/wp\/v2\/posts\/23665","targetHints":{"allow":["GET"]}}],"collection":[{"href":"https:\/\/www.zaglebiak.com\/index.php\/wp-json\/wp\/v2\/posts"}],"about":[{"href":"https:\/\/www.zaglebiak.com\/index.php\/wp-json\/wp\/v2\/types\/post"}],"author":[{"embeddable":true,"href":"https:\/\/www.zaglebiak.com\/index.php\/wp-json\/wp\/v2\/users\/1"}],"replies":[{"embeddable":true,"href":"https:\/\/www.zaglebiak.com\/index.php\/wp-json\/wp\/v2\/comments?post=23665"}],"version-history":[{"count":1,"href":"https:\/\/www.zaglebiak.com\/index.php\/wp-json\/wp\/v2\/posts\/23665\/revisions"}],"predecessor-version":[{"id":23666,"href":"https:\/\/www.zaglebiak.com\/index.php\/wp-json\/wp\/v2\/posts\/23665\/revisions\/23666"}],"wp:featuredmedia":[{"embeddable":true,"href":"https:\/\/www.zaglebiak.com\/index.php\/wp-json\/wp\/v2\/media\/23664"}],"wp:attachment":[{"href":"https:\/\/www.zaglebiak.com\/index.php\/wp-json\/wp\/v2\/media?parent=23665"}],"wp:term":[{"taxonomy":"category","embeddable":true,"href":"https:\/\/www.zaglebiak.com\/index.php\/wp-json\/wp\/v2\/categories?post=23665"},{"taxonomy":"post_tag","embeddable":true,"href":"https:\/\/www.zaglebiak.com\/index.php\/wp-json\/wp\/v2\/tags?post=23665"}],"curies":[{"name":"wp","href":"https:\/\/api.w.org\/{rel}","templated":true}]}}