{"id":23632,"date":"2024-02-23T11:47:00","date_gmt":"2024-02-23T10:47:00","guid":{"rendered":"https:\/\/www.zaglebiak.com\/?p=23632"},"modified":"2024-02-21T22:01:34","modified_gmt":"2024-02-21T21:01:34","slug":"50-lat-zenskiego-szczypiorniaka-historia-juliana-krasinskiego-cz-2","status":"publish","type":"post","link":"https:\/\/www.zaglebiak.com\/index.php\/2024\/02\/23\/50-lat-zenskiego-szczypiorniaka-historia-juliana-krasinskiego-cz-2\/","title":{"rendered":"50 lat \u017ce\u0144skiego szczypiorniaka: Historia Juliana Krasi\u0144skiego cz.2"},"content":{"rendered":"\n<p><strong>Wracamy do wywiadu z Julianem Krasi\u0144skim. W drugiej, a tym samym ostatniej ods\u0142onie rozmowy z trenerem, dowiemy si\u0119 jak zako\u0144czy\u0142 przygod\u0119 z klubem, a tak\u017ce jak wygl\u0105da\u0142o \u017cycie jednego z pierwszych szkoleniowc\u00f3w \u017ce\u0144skiego szczypiorniaka w Lubinie w latach dziewi\u0119\u0107dziesi\u0105tych. W nast\u0119pnym wywiadzie poznamy histori\u0119 Sylwii Pociechy. Zapraszamy do lektury.<\/strong><\/p>\n\n\n\n<figure class=\"wp-block-image size-full\"><img loading=\"lazy\" decoding=\"async\" width=\"2048\" height=\"789\" src=\"https:\/\/64.media.tumblr.com\/035cd4ab5a5f91512748c424ceee1e20\/cb6697641ecdce01-66\/s2048x3072\/302a4d6570b5972a91a5b965571774cc45b01bec.jpg\" alt=\"\" class=\"wp-image-23608\"\/><\/figure>\n\n\n\n<p><strong>Spotkania z zawodniczkami z NRD<\/strong><\/p>\n\n\n\n<p><strong>Julian Krasi\u0144ski:<\/strong> W NRD w 1972 roku to pierwszy nasz mecz mi\u0119dzynarodowy. Jechali\u015bmy na list\u0119 og\u00f3lna, bo wtedy nie mo\u017cna by\u0142o dosta\u0107 paszportu, wi\u0119c tak to wygl\u0105da\u0142o. To wielkie prze\u017cycie w NRD, ale boiska by\u0142y takie same jak u nas, a wi\u0119c ten asfalt. Wygrali\u015bmy ten turniej. Ja by\u0142em na takim jednym. P\u00f3\u017aniej je\u017adzi\u0142 pan Hawrysz. Niemki przyje\u017cd\u017ca\u0142y do nas. Przede wszystkim by\u0142o ciekawe same spotkanie. Byli\u015bmy na takiej dyskotece, osobno dla dziewcz\u0105t, a osobno dla sztabu szkoleniowego. Tamte pytaj\u0105 czy mo\u017ce papieroska, a mo\u017ce piwko, a my nie kategorycznie nie! P\u00f3\u017aniej oczywi\u015bcie mia\u0142em takie rozmowy z moimi zawodniczkami typu: trenerze, jak to tam mo\u017cna? Jutro mecz, a zawodniczka, kt\u00f3ra tam b\u0119dzie przecie\u017c gra\u0142a pije piwko. M\u00f3wi\u0142em, \u017ce pewnie mia\u0142y zawodniczki z NRD taki zwyczaj, by\u0142y przyzwyczajone. Nie mia\u0142em na to odpowiedzi.<\/p>\n\n\n\n<figure class=\"wp-block-image size-full\"><img loading=\"lazy\" decoding=\"async\" width=\"1480\" height=\"2412\" src=\"https:\/\/64.media.tumblr.com\/6362e48ad41373eaf14befed04f858d5\/cb6697641ecdce01-ef\/s2048x3072\/99edc1ad28346f09afee6a91dcfcbcc351521746.jpg\" alt=\"\" class=\"wp-image-23606\"\/><\/figure>\n\n\n\n<p><strong>Warunki meczowe w konfrontacji z Niemkami r\u00f3wnie\u017c by\u0142y nietypowe. Niby jeden zesp\u00f3\u0142, a ka\u017cda dzia\u0142a\u0142a indywidualnie.<\/strong><\/p>\n\n\n\n<p><strong>Julian Krasi\u0144ski:<\/strong> My\u015bmy ograli te rywalki sprytem. Mniej mieli\u015bmy taktyki, a szli\u015bmy bardziej w kierunku og\u00f3lnorozwojowej. Robili\u015bmy tak, jak warunki pozwala\u0142y. Chwyty, podania, a taktyki na dziewi\u0119ciu metrach nie zrealizujemy jaki\u015b za\u0142o\u017ce\u0144 taktycznych. Dlatego zawodniczki z NRD by\u0142y bardzo atletyczne i by\u0142o to wida\u0107.<\/p>\n\n\n\n<p><strong>Ch\u0119\u0107 gry w pi\u0142k\u0119 r\u0119czna i mi\u0142o\u015b\u0107 do sportu przynosi\u0142a konkretne rezultaty.<\/strong><\/p>\n\n\n\n<figure class=\"wp-block-image size-full\"><img loading=\"lazy\" decoding=\"async\" width=\"2048\" height=\"1342\" src=\"https:\/\/64.media.tumblr.com\/472777b8b6d7c4b0be445d7ae26ee09e\/cb6697641ecdce01-40\/s2048x3072\/4a7bf6dca5ed8f35e221905ee57c524a2b713d1d.jpg\" alt=\"\" class=\"wp-image-23604\"\/><\/figure>\n\n\n\n<p><strong>Julian Krasi\u0144ski:<\/strong> Pomimo tak trudnych warunk\u00f3w szkoleniowych mieli\u015bmy spore sukcesy. Jako MKS Cuprum w roku 1972 do kadry Dolnego \u015al\u0105ska zakwalifikowa\u0142a si\u0119 Bo\u017cena Kazimierczak, Anna Langner, Jadwiga Gordziejewska czy &nbsp;Helena Mordarska. One w 1973 roku w Og\u00f3lnopolskiej Spartakiadzie M\u0142odzie\u017cy zdoby\u0142y srebrny medal. Tam nie by\u0142o tylko Joli Saracyn i Heleny Mordarskiej. Warto tu wspomnie\u0107 w\u0142a\u015bnie o Ani Langner, kt\u00f3ra by\u0142a doskona\u0142\u0105 zawodniczk\u0105. Nie wiem jak sko\u0144czy\u0142a, ale wiem, \u017ce p\u00f3\u017aniej mia\u0142a problemy zdrowotne. Bo\u017cena Kazimierczak. Wspania\u0142a dziewczyna, wyjecha\u0142a do Szwecji. Walczy\u0142em o ni\u0105. Wesz\u0142a do kadry Polski juniorek, a p\u00f3\u017aniej do kadry Polski B. Spotka\u0142em si\u0119 z ni\u0105 jakie\u015b pi\u0119tna\u015bcie lat temu. Dziewcz\u0119ta nie trzeba by\u0142o odci\u0105ga\u0107 od telewizora czy komputera, trenowa\u0142y nawet w deszczu. W 1973\/1974 w rozgrywkach uczestniczy\u0142y trzy zespo\u0142y. Seniorki zaj\u0119\u0142y drugie miejsce, m\u0142odziczki drugie miejsce i juniorki awansowa\u0142y do mistrzostw Polski, gdzie zaj\u0119\u0142y si\u00f3dme miejsce. Wtedy gra\u0142o si\u0119 dwa razy dwadzie\u015bcia minut. Chyba by\u0142 to mecz z Lublinem. Pierwsz\u0105 po\u0142ow\u0119 wygrywamy 7:2, a sko\u0144czy\u0142o si\u0119 8:11 dla naszych rywalek. Dziewczyny odczuwa\u0142y dodatkow\u0105 motywacj\u0119 po tym, jak je zgani\u0142em. Tutaj by\u0142em po pierwszej po\u0142owie bardzo spokojny i poszed\u0142em na papierosa. W przerwie dziewczyny mia\u0142y porozmawia\u0107 mi\u0119dzy sob\u0105. To by\u0142 m\u00f3j b\u0142\u0105d. Trzeba by\u0142o z nimi porozmawia\u0107. Przegrali\u015bmy mecz.<\/p>\n\n\n\n<p><strong>Mecz i rewan\u017c w jeden weekend.<\/strong><\/p>\n\n\n\n<figure class=\"wp-block-image size-full\"><img loading=\"lazy\" decoding=\"async\" width=\"2048\" height=\"1464\" src=\"https:\/\/64.media.tumblr.com\/8587eeda723d26aa611f940f9b866aed\/cb6697641ecdce01-88\/s2048x3072\/1b350ae4cbf8578408f57bdaaf26c1405308bd50.jpg\" alt=\"\" class=\"wp-image-23618\"\/><\/figure>\n\n\n\n<p><strong>Julian Krasi\u0144ski:<\/strong> Pomimo tak trudnych warunk\u00f3w szkoleniowych mieli\u015bmy spore sukcesy. Jako MKS Cuprum w roku 1972 do kadry Dolnego \u015al\u0105ska zakwalifikowa\u0142a si\u0119 Bo\u017cena Kazimierczak, Anna Langner, Jadwiga Gordziejewska czy &nbsp;Helena Mordarska. One w 1973 roku w Og\u00f3lnopolskiej Spartakiadzie M\u0142odzie\u017cy zdoby\u0142y srebrny medal. Tam nie by\u0142o tylko Joli Saracyn i Heleny Mordarskiej. Warto tu wspomnie\u0107 w\u0142a\u015bnie o Ani Langner, kt\u00f3ra by\u0142a doskona\u0142\u0105 zawodniczk\u0105. Nie wiem jak sko\u0144czy\u0142a, ale wiem, \u017ce p\u00f3\u017aniej mia\u0142a problemy zdrowotne. Bo\u017cena Kazimierczak. Wspania\u0142a dziewczyna, wyjecha\u0142a do Szwecji. Walczy\u0142em o ni\u0105. Wesz\u0142a do kadry Polski juniorek, a p\u00f3\u017aniej do kadry Polski B. Spotka\u0142em si\u0119 z ni\u0105 jakie\u015b pi\u0119tna\u015bcie lat temu. Dziewcz\u0119ta nie trzeba by\u0142o odci\u0105ga\u0107 od telewizora czy komputera, trenowa\u0142y nawet w deszczu. W 1973\/1974 w rozgrywkach uczestniczy\u0142y trzy zespo\u0142y. Seniorki zaj\u0119\u0142y drugie miejsce, m\u0142odziczki drugie miejsce i juniorki awansowa\u0142y do mistrzostw Polski, gdzie zaj\u0119\u0142y si\u00f3dme miejsce. Wtedy gra\u0142o si\u0119 dwa razy dwadzie\u015bcia minut. Chyba by\u0142 to mecz z Lublinem. Pierwsz\u0105 po\u0142ow\u0119 wygrywamy 7:2, a sko\u0144czy\u0142o si\u0119 8:11 dla naszych rywalek. Dziewczyny odczuwa\u0142y dodatkow\u0105 motywacj\u0119 po tym, jak je zgani\u0142em. Tutaj by\u0142em po pierwszej po\u0142owie bardzo spokojny i poszed\u0142em na papierosa. W przerwie dziewczyny mia\u0142y porozmawia\u0107 mi\u0119dzy sob\u0105. To by\u0142 m\u00f3j b\u0142\u0105d. Trzeba by\u0142o z nimi porozmawia\u0107. Przegrali\u015bmy mecz.<\/p>\n\n\n\n<p><strong>Mecz i rewan\u017c w jeden weekend.<\/strong><\/p>\n\n\n\n<figure class=\"wp-block-image size-full\"><img loading=\"lazy\" decoding=\"async\" width=\"2048\" height=\"1446\" src=\"https:\/\/64.media.tumblr.com\/69508df607809005d9da4d936f86688b\/cb6697641ecdce01-a3\/s2048x3072\/f291e576be0a3e5e22678c9a17418e64c59042f3.jpg\" alt=\"\" class=\"wp-image-23616\"\/><\/figure>\n\n\n\n<p><strong>Mocna kadra lat siedemdziesi\u0105tych.<\/strong><\/p>\n\n\n\n<p><strong>Julian Krasi\u0144ski:<\/strong> Trzon zespo\u0142u w latach 1970 do 1979 stanowi\u0142y u mnie Jadwiga Gordziejewska, Kazimierczak, Stasia \u017bywicka, Ewa Soswa, Anna Langner, Joasia Zieli\u0144ska, Ho\u0142owata Ma\u0142gosia, &nbsp;Janka Kulesza, Ewa Siarkowska, Helena Mordarska, Gabriela Zinkowiec, Krystyna Augustyn, Gra\u017cyna Marekwia, Ela Janaszek, Miros\u0142awa Kaczanowska, Basia W\u00f3jcik.<\/p>\n\n\n\n<p><strong>Jak pozna\u0142 pan Romana Jezierskiego?<\/strong><\/p>\n\n\n\n<figure class=\"wp-block-image size-full\"><img loading=\"lazy\" decoding=\"async\" width=\"2048\" height=\"1368\" src=\"https:\/\/64.media.tumblr.com\/46b563f8b1e68f94ffed832b69cf04c5\/cb6697641ecdce01-5d\/s2048x3072\/e595f576970bd52aab0f0b3f8ebb34eddefae700.jpg\" alt=\"\" class=\"wp-image-23620\"\/><\/figure>\n\n\n\n<p><strong>Julian Krasi\u0144ski:<\/strong> Prowadzi\u0142em grup\u0119 juniorek m\u0142odszych w latach 1983 i p\u00f3\u017aniej. Nale\u017ca\u0142y do zespo\u0142u Ela Kruk, Ela Krzy\u017canowska, Justyna Gul, Anna G\u0119ga\u0142o, El\u017cbieta Pelc, Barbara Stanis\u0142awczyk, Beata Nawrocik. Uczestniczyli\u015bmy w jedenastych Og\u00f3lnopolskich Igrzyskach M\u0142odzie\u017cy w Poznaniu. To by\u0142 tok 1984. Ela Kruk podczas tego turnieju zdoby\u0142a tytu\u0142 kr\u00f3la strzelc\u00f3w i na tych mistrzostwach pozna\u0142em Romana Jezierskiego, kt\u00f3ry wtedy prowadzi\u0142 Gda\u0144sk. Wspania\u0142y cz\u0142owiek. Us\u0142ysza\u0142em od niego takie powiedzenie, kt\u00f3re skierowa\u0142 do bramkarki: S\u0142uchaj, zaczniesz broni\u0107 czy nie, bo powiesz\u0119 tam r\u0119cznik i b\u0119dzie tak samo broni\u0142 lub jeszcze gorzej, powiesz\u0119 trampki. Dziewczyna wesz\u0142a na parkiet z g\u0142ow\u0105 spuszczon\u0105. Wygra\u0142 wtedy turniej. W tych latach dwukrotnie zast\u0105pi\u0142em trenera Jezierskiego na przygotowaniach w g\u00f3rach. Przyjechali po mnie. Ja, bardzo lubi\u0142em g\u00f3ry. Kiedy sam trenowa\u0142em dziewczyny to biega\u0142em razem z nimi. Za Romana ju\u017c wytycza\u0142em kierunek zawodniczkom i z piecz\u0105tk\u0105 mia\u0142y wr\u00f3ci\u0107 do mnie.<\/p>\n\n\n\n<figure class=\"wp-block-image size-full\"><img loading=\"lazy\" decoding=\"async\" width=\"2048\" height=\"1612\" src=\"https:\/\/64.media.tumblr.com\/42f8d1ca829ab3468f80cc49ec71b3d9\/cb6697641ecdce01-bb\/s2048x3072\/2f53fd852163c028a5deaa1c13b2c8799a723960.jpg\" alt=\"\" class=\"wp-image-23610\"\/><\/figure>\n\n\n\n<p><strong>Po\u017cegnanie z dru\u017cyn\u0105.<\/strong><\/p>\n\n\n\n<p><strong>Julian Krasi\u0144ski:<\/strong> Wchodzimy do drugiej ligi w 1985 roku. Dwa zwyci\u0119stwa na pocz\u0105tku nad Kielcami 21:19 i pora\u017cka z Konstalem Chorz\u00f3w 22:28 i zwyci\u0119stwo nad Resovi\u0105 22:20. Z Konstalem mieli\u015bmy trzeci mecz i wiedzieli\u015bmy, \u017ce wygra\u0142 z Kielcami i nic nam nie grozi. Mieli\u015bmy w tym okresie spore przygotowanie. Ob\u00f3z sportowy w Raciborzu czy Obornikach \u015al\u0105skich. Zagrali\u015bmy wtedy trzy spotkania i p\u00f3\u017aniej spotkali\u015bmy si\u0119 ChKS \u0141odzi\u0105. Przegrali\u015bmy 18:20, a nast\u0119pnie wygrali\u015bmy 20:18. Prowadzili\u015bmy zesp\u00f3\u0142 z Wie\u015bkiem Jureckim on prowadzi\u0142 ch\u0142opc\u00f3w, ale p\u00f3\u017aniej ju\u017c zesp\u00f3\u0142 dziewczyn. Pod drugim meczu z \u0141odzi\u0105 zosta\u0142em zdymisjonowany. Po mnie poprowadzi\u0142 zesp\u00f3\u0142 w\u0142a\u015bnie ju\u017c tylko on, ale nie d\u0142ugo, bo zaraz po nim Manikowski S\u0142awomir i Soko\u0142owski Stanis\u0142aw. Szkoda, \u017ce nie zostawili mnie o miesi\u0105c d\u0142u\u017cej. Zna\u0142em ten zesp\u00f3\u0142 i prawdopodobnie inaczej bym to wszystko ustawi\u0142. Taktycznie byli\u015bmy nie dograni. Od tego momentu nie interesowa\u0142em si\u0119 dalej tak mocno szkoleniem zawodniczek.<\/p>\n\n\n\n<p><strong>Powr\u00f3t do trening\u00f3w w szkole.<\/strong><\/p>\n\n\n\n<figure class=\"wp-block-image size-full\"><img loading=\"lazy\" decoding=\"async\" width=\"2048\" height=\"1490\" src=\"https:\/\/64.media.tumblr.com\/ea68d187d41fda8b57c5595c92d78bdc\/cb6697641ecdce01-22\/s2048x3072\/6160f0d919637f3f6a286fe67f52a6b74755550f.jpg\" alt=\"\" class=\"wp-image-23612\"\/><\/figure>\n\n\n\n<p><strong>Julian Krasi\u0144ski:<\/strong> W 1981 roku wr\u00f3ci\u0142em do szkolnictwa. Mia\u0142em wr\u00f3ci\u0107 do Liceum Ekonomicznego, bo stamt\u0105d mnie oddelegowano, ale ostatecznie wr\u00f3ci\u0142em do szko\u0142y podstawowej. Zaproponowano mi lepsze warunki. Dyrektorem by\u0142a wtedy pani Sikorska. Tam powstawa\u0142a hala sportowa, a ja jedn\u0105 dodatkowo zrobi\u0142em z \u0142\u0105cznika. Poszed\u0142em tam do pracy i zacz\u0119\u0142o si\u0119 szkolenie m\u0142odzie\u017cy. Przy ulicy Szpakowej utworzy\u0142em boisko do pi\u0142ki r\u0119cznej, teraz jest tam parking. Wszystko robili\u015bmy sami. Zaj\u0119cia zaczynali\u015bmy ju\u017c na boisku. Mieli\u015bmy nawet SKS i kibic\u00f3w z okien. Po dw\u00f3ch latach oddano nam boisko asfaltowe do pi\u0142ki r\u0119cznej. Obok by\u0142a pi\u0142ka no\u017cna. Pan Wac\u0142aw Sroka by\u0142 trenerem Zag\u0142\u0119bia m\u0142odzik\u00f3w, r\u00f3wnie\u017c Zygmunt Wo\u017aniczka przyszed\u0142 do nas. Przysporzy\u0142 nam du\u017co chwa\u0142y, bo na jedenastce zdobywali co roku medal na igrzyskach m\u0142odzie\u017cy. Lata osiemdziesi\u0105te i dziewi\u0119\u0107dziesi\u0105te zacz\u0119\u0142y powstawa\u0107 klasy sportowe. Ze mn\u0105 wsp\u00f3\u0142pracowa\u0142a pani Zosia Janusz, Barbara Kazimierczak, pan Sroka jest oddelegowany do ch\u0142opc\u00f3w i Andrzej Firt, kt\u00f3ry wtedy by\u0142 zainteresowany siatk\u00f3wk\u0105, lecz pan Wo\u017aniczka przekona\u0142 go w kierunku pi\u0142ki r\u0119cznej. Czyli ca\u0142a szko\u0142a podstawowa numer jedena\u015bcie ch\u0142on\u0119\u0142a ca\u0142o\u015bciowo pi\u0142k\u0119 r\u0119czn\u0105. By\u0142y tez sukcesy. W 1989 roku zdobywamy br\u0105zowy medal na Og\u00f3lnopolskiej Olimpiadzie M\u0142odzie\u017cy w P\u0142ocku. Zremisowali\u015bmy z K\u0119trzynem 19:19, ale to nam wystarczy\u0142o do medalu. Niesamowita by\u0142a walka.<\/p>\n\n\n\n<p><strong>MKS Parasol.<\/strong><\/p>\n\n\n\n<figure class=\"wp-block-image size-full\"><img loading=\"lazy\" decoding=\"async\" width=\"2048\" height=\"1296\" src=\"https:\/\/64.media.tumblr.com\/13f88d56a544aa94d668c7db0a0857e6\/cb6697641ecdce01-bc\/s2048x3072\/888dcedd53865f58750389429fb2859ec7969afb.jpg\" alt=\"\" class=\"wp-image-23614\"\/><\/figure>\n\n\n\n<p><strong>Julian Krasi\u0144ski:<\/strong> W 1983 roku w Cuprum zosta\u0142o wcielone do Zag\u0142\u0119bia. W maju 1991 powo\u0142ujemy klub MKS Parasol, a Krzysiek Szczepaniak powo\u0142uje MKS Bax. Wsp\u00f3\u0142pracowali\u015bmy ze sob\u0105. W Parasolu, opr\u00f3cz pani Zosi Janusz, Basi Kazimierczak i mnie, przy\u0142\u0105czy\u0142 si\u0119 do nas Witek Nieradko. Warto podkre\u015bli\u0107, \u017ce w latach od 1990 do 2000 roku, jak grzyby po deszczu powstaj\u0105 Uczniowskie Kluby Sportowe. Wtedy nast\u0105pi\u0142a reorganizacja. Powsta\u0142 te\u017c w\u0142a\u015bnie nasz MKS Parasol, kt\u00f3rego prezesem zosta\u0142a pani Maria Krasi\u0144ska. By\u0142y trudne czasy. Ludzie bali si\u0119 bra\u0107 za jakie\u015b tam sprawy spo\u0142eczne. Efektem naszego szkolenia by\u0142o powo\u0142anie do kadry Polski Joanny Wi\u015bniewskiej, Ali Grygorowicz do kadry Polski juniorek i Pauliny Szczygie\u0142 (prywatnie \u017cona Grzegorza Gowina, przyp. red.) do kadry Polski. \u017bal mi jednego rocznika, mianowicie 1974, kt\u00f3re zdoby\u0142y br\u0105zowy medal na igrzyskach m\u0142odzie\u017cy. \u017badna z nich nie trafi\u0142a do Zag\u0142\u0119bia Lubin.<\/p>\n\n\n\n<figure class=\"wp-block-image size-full\"><img loading=\"lazy\" decoding=\"async\" width=\"2048\" height=\"1421\" src=\"https:\/\/64.media.tumblr.com\/85b9a572e819fc3e6ac4a31b3a7467bf\/cb6697641ecdce01-06\/s2048x3072\/b33f93749708825a0e4bf572cae9b8f3c7908eb8.jpg\" alt=\"\" class=\"wp-image-23622\"\/><\/figure>\n\n\n\n<p>W 2000 roku zdoby\u0142em mistrzostwo Dolnego \u015al\u0105ska. Po reorganizacji szk\u00f3\u0142 i powsta\u0142y gimnazja. Tytu\u0142 zdobyli\u015bmy w Obornikach \u015al\u0105skich w klasach sz\u00f3stych dziewcz\u0105t. Otrzyma\u0142em nagrod\u0119 od ministra. Prowadzi\u0142em dalej klas\u0119 sportow\u0105, b\u0119d\u0105c dyrektorem szko\u0142y. Wtedy nie pracowa\u0142em w Parasolu, bo tam by\u0142em tylko do 1992 roku. Brak \u015brodk\u00f3w spowodowa\u0142, \u017ce zwolniono wszystkich pr\u00f3cz Witolda Nieradki. Pracowa\u0142em r\u00f3wnie\u017c w Zag\u0142\u0119biu od 1999 roku do 2002 roku. Prowadzi\u0142em jedn\u0105 klas\u0119 sportow\u0105. Wtedy, dyrektor Jurek Szafraniec zafundowa\u0142 mi wyjazd do K\u0119pna na pi\u0119kny og\u00f3lnopolski turniej. Zaj\u0119li\u015bmy \u00f3sme miejsce na dwadzie\u015bcia cztery zespo\u0142y, ale nie to by\u0142o istotne. Je\u015bli chodzi o turnieje to objecha\u0142em ca\u0142\u0105 Polsk\u0119. Szczecin czterokrotnie, sze\u015bciokrotnie Elbl\u0105g, a w Lublinie raz. Lubi\u0144skich i wojew\u00f3dzkich by\u0142o bardzo du\u017co. Byli\u015bmy w Opolu, tak naprawd\u0119 chyba wsz\u0119dzie. Pami\u0119tam Tychy. Jechali\u015bmy tam na turniej mi\u0119dzywojew\u00f3dzki tak\u0105 stonk\u0105, autobusem Starem przykrytym blach\u0105. On nam si\u0119 rozlecia\u0142 po drodze. Dojechali\u015bmy autostopem. Rozegrali\u015bmy mecz, nawet wygrali\u015bmy. Pami\u0119tam te\u017c, jechali\u015bmy do Elbl\u0105ga, a okaza\u0142o si\u0119 na miejscu, \u017ce odezwa\u0142y si\u0119 u zawodniczek kobiece sprawy. Pobieg\u0142em wi\u0119c do apteki i poprosi\u0142em o co trzeba to prawie ca\u0142y worek dosta\u0142em tych rzeczy, a wtedy \u0142atwo o to nie by\u0142o. Takie by\u0142y nasze podr\u00f3\u017ce i przygody. W 2005 roku poszed\u0142em na emerytur\u0119. Z b\u00f3lem serca, ale musz\u0119 powiedzie\u0107, \u017ce mog\u0142em p\u00f3j\u015b\u0107 ju\u017c wcze\u015bniej i wtedy, gdyby kto\u015b mnie potrzebowa\u0142 do pomocy w jakim\u015b klubie to skorzysta\u0142bym z tego.<\/p>\n","protected":false},"excerpt":{"rendered":"<p>Wracamy do wywiadu z Julianem Krasi\u0144skim. W drugiej, a tym samym ostatniej ods\u0142onie rozmowy z trenerem, dowiemy si\u0119 jak zako\u0144czy\u0142 przygod\u0119 z klubem, a tak\u017ce jak wygl\u0105da\u0142o \u017cycie jednego z&hellip; <\/p>\n","protected":false},"author":1,"featured_media":23618,"comment_status":"open","ping_status":"open","sticky":false,"template":"","format":"standard","meta":{"footnotes":""},"categories":[2081,6],"tags":[2084,2013,89],"class_list":["post-23632","post","type-post","status-publish","format-standard","has-post-thumbnail","hentry","category-sekcja-szczypiorniaka","category-wywiady","tag-julian-krasinski","tag-sekcja-pilki-recznej","tag-zaglebie-lubin"],"_links":{"self":[{"href":"https:\/\/www.zaglebiak.com\/index.php\/wp-json\/wp\/v2\/posts\/23632","targetHints":{"allow":["GET"]}}],"collection":[{"href":"https:\/\/www.zaglebiak.com\/index.php\/wp-json\/wp\/v2\/posts"}],"about":[{"href":"https:\/\/www.zaglebiak.com\/index.php\/wp-json\/wp\/v2\/types\/post"}],"author":[{"embeddable":true,"href":"https:\/\/www.zaglebiak.com\/index.php\/wp-json\/wp\/v2\/users\/1"}],"replies":[{"embeddable":true,"href":"https:\/\/www.zaglebiak.com\/index.php\/wp-json\/wp\/v2\/comments?post=23632"}],"version-history":[{"count":1,"href":"https:\/\/www.zaglebiak.com\/index.php\/wp-json\/wp\/v2\/posts\/23632\/revisions"}],"predecessor-version":[{"id":23633,"href":"https:\/\/www.zaglebiak.com\/index.php\/wp-json\/wp\/v2\/posts\/23632\/revisions\/23633"}],"wp:featuredmedia":[{"embeddable":true,"href":"https:\/\/www.zaglebiak.com\/index.php\/wp-json\/wp\/v2\/media\/23618"}],"wp:attachment":[{"href":"https:\/\/www.zaglebiak.com\/index.php\/wp-json\/wp\/v2\/media?parent=23632"}],"wp:term":[{"taxonomy":"category","embeddable":true,"href":"https:\/\/www.zaglebiak.com\/index.php\/wp-json\/wp\/v2\/categories?post=23632"},{"taxonomy":"post_tag","embeddable":true,"href":"https:\/\/www.zaglebiak.com\/index.php\/wp-json\/wp\/v2\/tags?post=23632"}],"curies":[{"name":"wp","href":"https:\/\/api.w.org\/{rel}","templated":true}]}}