{"id":23508,"date":"2024-02-17T17:02:00","date_gmt":"2024-02-17T16:02:00","guid":{"rendered":"https:\/\/www.zaglebiak.com\/?p=23508"},"modified":"2024-02-17T17:02:04","modified_gmt":"2024-02-17T16:02:04","slug":"17-lutego-urodzili-sie-jaroslaw-jach-i-lukasz-szukielowicz-4","status":"publish","type":"post","link":"https:\/\/www.zaglebiak.com\/index.php\/2024\/02\/17\/17-lutego-urodzili-sie-jaroslaw-jach-i-lukasz-szukielowicz-4\/","title":{"rendered":"17 lutego urodzili si\u0119 Jaros\u0142aw Jach i \u0141ukasz Szukie\u0142owicz"},"content":{"rendered":"<div class=\"wp-block-image\">\n<figure class=\"aligncenter size-full is-resized\"><img loading=\"lazy\" decoding=\"async\" width=\"330\" height=\"495\" src=\"https:\/\/64.media.tumblr.com\/3b6264a6876b51811e85df6123eb4fbb\/c8093fe87c7bf97e-49\/s400x600\/21aafd3b81a379ce48c37c99515da1b28ad44ed1.jpg\" alt=\"\" class=\"wp-image-23480\" style=\"width:478px;height:auto\"\/><figcaption class=\"wp-element-caption\">Jaros\u0142aw Jach. Fot. zaglebie.com<\/figcaption><\/figure>\n<\/div>\n\n\n<p>Jaros\u0142aw Jach urodzi\u0142 si\u0119 17 lutego 1994 roku w Bielawie. Wychowanek Pogoni Pieszyce do Zag\u0142\u0119bia Lubin trafi\u0142 z Lechii Dzier\u017coni\u00f3w. W lubi\u0144skim klubie w latach 2013-2017. Sprzedany do Crystal Palace FC. Wr\u00f3ci\u0142 do Zag\u0142\u0119bia Lubin w 2022 r. Obecnie jest wypo\u017cyczony do Wis\u0142y P\u0142ock.<\/p>\n\n\n<div class=\"wp-block-image\">\n<figure class=\"aligncenter size-full is-resized\"><img loading=\"lazy\" decoding=\"async\" width=\"300\" height=\"359\" src=\"https:\/\/64.media.tumblr.com\/5480206448f8e9786a2adcff705d1480\/c8093fe87c7bf97e-b8\/s400x600\/c9f4cce0ec7eb560afc226a2e330d2a131ea0669.jpg\" alt=\"\" class=\"wp-image-23482\" style=\"width:435px;height:auto\"\/><figcaption class=\"wp-element-caption\">\u0141ukasz Szukie\u0142owicz. Fot. ukslechiadzierzoniow1998.futbolowo.pl<\/figcaption><\/figure>\n<\/div>\n\n\n<p>\u0141ukasz Szukie\u0142owicz urodzi\u0142 si\u0119 17 lutego 1999 roku w Dusznikach Zdroju. Do Zag\u0142\u0119bia Lubin trafi\u0142 z Lechii Dzier\u017coni\u00f3w. W rezerwach naszego klubu gra\u0142 w latach 2015-2018. Obecnie zawodnik Piasta Nowa Ruda.<\/p>\n","protected":false},"excerpt":{"rendered":"<p>Jaros\u0142aw Jach urodzi\u0142 si\u0119 17 lutego 1994 roku w Bielawie. Wychowanek Pogoni Pieszyce do Zag\u0142\u0119bia Lubin trafi\u0142 z Lechii Dzier\u017coni\u00f3w. W lubi\u0144skim klubie w latach 2013-2017. Sprzedany do Crystal Palace&hellip; <\/p>\n","protected":false},"author":1,"featured_media":23478,"comment_status":"open","ping_status":"open","sticky":false,"template":"","format":"standard","meta":{"footnotes":""},"categories":[46],"tags":[417,418,89],"class_list":["post-23508","post","type-post","status-publish","format-standard","has-post-thumbnail","hentry","category-aktualnosci","tag-jaroslaw-jach","tag-lukasz-szukielowicz","tag-zaglebie-lubin"],"_links":{"self":[{"href":"https:\/\/www.zaglebiak.com\/index.php\/wp-json\/wp\/v2\/posts\/23508","targetHints":{"allow":["GET"]}}],"collection":[{"href":"https:\/\/www.zaglebiak.com\/index.php\/wp-json\/wp\/v2\/posts"}],"about":[{"href":"https:\/\/www.zaglebiak.com\/index.php\/wp-json\/wp\/v2\/types\/post"}],"author":[{"embeddable":true,"href":"https:\/\/www.zaglebiak.com\/index.php\/wp-json\/wp\/v2\/users\/1"}],"replies":[{"embeddable":true,"href":"https:\/\/www.zaglebiak.com\/index.php\/wp-json\/wp\/v2\/comments?post=23508"}],"version-history":[{"count":1,"href":"https:\/\/www.zaglebiak.com\/index.php\/wp-json\/wp\/v2\/posts\/23508\/revisions"}],"predecessor-version":[{"id":23509,"href":"https:\/\/www.zaglebiak.com\/index.php\/wp-json\/wp\/v2\/posts\/23508\/revisions\/23509"}],"wp:featuredmedia":[{"embeddable":true,"href":"https:\/\/www.zaglebiak.com\/index.php\/wp-json\/wp\/v2\/media\/23478"}],"wp:attachment":[{"href":"https:\/\/www.zaglebiak.com\/index.php\/wp-json\/wp\/v2\/media?parent=23508"}],"wp:term":[{"taxonomy":"category","embeddable":true,"href":"https:\/\/www.zaglebiak.com\/index.php\/wp-json\/wp\/v2\/categories?post=23508"},{"taxonomy":"post_tag","embeddable":true,"href":"https:\/\/www.zaglebiak.com\/index.php\/wp-json\/wp\/v2\/tags?post=23508"}],"curies":[{"name":"wp","href":"https:\/\/api.w.org\/{rel}","templated":true}]}}