{"id":23250,"date":"2024-01-29T17:14:12","date_gmt":"2024-01-29T16:14:12","guid":{"rendered":"https:\/\/www.zaglebiak.com\/?p=23250"},"modified":"2024-01-29T17:14:14","modified_gmt":"2024-01-29T16:14:14","slug":"29-stycznia-urodzili-sie-sasa-balic-witold-kulesza-pawel-pytlarz-i-dominik-szostak-2","status":"publish","type":"post","link":"https:\/\/www.zaglebiak.com\/index.php\/2024\/01\/29\/29-stycznia-urodzili-sie-sasa-balic-witold-kulesza-pawel-pytlarz-i-dominik-szostak-2\/","title":{"rendered":"29 stycznia urodzili si\u0119 Sasa Bali\u0107, Witold Kulesza, Pawe\u0142 Pytlarz i Dominik Szostak"},"content":{"rendered":"<div class=\"wp-block-image\">\n<figure class=\"aligncenter size-full\"><img loading=\"lazy\" decoding=\"async\" width=\"2048\" height=\"1152\" src=\"https:\/\/64.media.tumblr.com\/2b4638951bd613ffb9a9a6b0bc9d51f2\/435fdc501ef5ff59-56\/s2048x3072\/cd66c4ac34aaa4ad1cf1430168bde997e4de0b28.jpg\" alt=\"\" class=\"wp-image-23220\"\/><figcaption class=\"wp-element-caption\">Sasa Bali\u0107. Fot. zaglebie.com<\/figcaption><\/figure>\n<\/div>\n\n\n<p>Sasa Bali\u0107 urodzi\u0142 si\u0119 29 stycznia 1990 roku w miejscowo\u015bci Kotor. Do Zag\u0142\u0119bia Lubin przyszed\u0142 z FK Sarajewo w 2017 roku. W Zag\u0142\u0119biu Lubin rozegra\u0142 130 spotka\u0144 i strzeli\u0142 6 bramek. Odszed\u0142 do Korony Kielce, Nast\u0119pnie \u015bwi\u0119towa\u0142 mistrzostwo z Dinamo Batumi, a obecnie reprezentuje FK De\u010di\u0107 (Tuzi).<\/p>\n\n\n<div class=\"wp-block-image\">\n<figure class=\"aligncenter size-full\"><img loading=\"lazy\" decoding=\"async\" width=\"797\" height=\"876\" src=\"https:\/\/64.media.tumblr.com\/1a2fb284a6fdbae133c2ead1be045b3b\/435fdc501ef5ff59-8f\/s1280x1920\/a8ebcb1e38f1cf4f015294d8a41c79371caba3d6.jpg\" alt=\"\" class=\"wp-image-23222\"\/><figcaption class=\"wp-element-caption\">Witold Kulesza<\/figcaption><\/figure>\n<\/div>\n\n\n<p>Witold Kulesza urodzi\u0142 si\u0119 29 stycznia 1958 roku w Przemkowie. Od 2004 do dzi\u015b pe\u0142ni funkcj\u0119 Prezesa MKS Zag\u0142\u0119bie Lubin. W okresie od 21.04.2011 do 29.10.2019 by\u0142 cz\u0142onkiem Rady Nadzorczej w Zag\u0142\u0119biu Lubin S. A. Je\u015bli chcecie pozna\u0107 posta\u0107 Pana Witolda bli\u017cej to odsy\u0142am do wywiadu:<\/p>\n\n\n\n<figure class=\"wp-block-embed is-type-wp-embed is-provider-zag-biak wp-block-embed-zag-biak\"><div class=\"wp-block-embed__wrapper\">\n<blockquote class=\"wp-embedded-content\" data-secret=\"imziuq52fK\"><a href=\"https:\/\/www.zaglebiak.com\/index.php\/2020\/10\/16\/witold-kulesza\/\">Witold Kulesza<\/a><\/blockquote><iframe loading=\"lazy\" class=\"wp-embedded-content\" sandbox=\"allow-scripts\" security=\"restricted\" style=\"position: absolute; clip: rect(1px, 1px, 1px, 1px);\" title=\"&#8222;Witold Kulesza&#8221; &#8212; Zag\u0142\u0119biak\" src=\"https:\/\/www.zaglebiak.com\/index.php\/2020\/10\/16\/witold-kulesza\/embed\/#?secret=vK45Rgz1Va#?secret=imziuq52fK\" data-secret=\"imziuq52fK\" width=\"600\" height=\"338\" frameborder=\"0\" marginwidth=\"0\" marginheight=\"0\" scrolling=\"no\"><\/iframe>\n<\/div><\/figure>\n\n\n<div class=\"wp-block-image\">\n<figure class=\"aligncenter size-full\"><img loading=\"lazy\" decoding=\"async\" width=\"1326\" height=\"826\" src=\"https:\/\/64.media.tumblr.com\/f78461062f0a6636e411ea1897dbda8e\/435fdc501ef5ff59-75\/s2048x3072\/1ad8a9e2dc4a60b03cf27ceaf58a012aba00de77.jpg\" alt=\"\" class=\"wp-image-23218\"\/><figcaption class=\"wp-element-caption\">Dominik Szostak stoi 3 od prawej. Fot. Jerzy Kosi\u0144ski<\/figcaption><\/figure>\n<\/div>\n\n\n<p>Dominik Szostak urodzi\u0142 si\u0119 29 stycznia 1976 roku. Wychowanek Zag\u0142\u0119bia Lubin. W lubi\u0144skim klubie do wiosny 1994 roku. Rozegra\u0142 w pierwszej dru\u017cynie 4 mecze.<\/p>\n\n\n\n<p>Pawe\u0142 Pytlarz urodzi\u0142 si\u0119 29 stycznia 1986 roku w Jaworze. Z Zag\u0142\u0119biem Lubin zwi\u0105zany w latach 2003-2008. Jesieni\u0105 2008 roku odszed\u0142 do \u0141KS \u0141\u00f3d\u017a. Brat Piotra, kt\u00f3ry r\u00f3wnie\u017c reprezentowa\u0142 barwy naszego Zag\u0142\u0119bia.<\/p>\n","protected":false},"excerpt":{"rendered":"<p>Sasa Bali\u0107 urodzi\u0142 si\u0119 29 stycznia 1990 roku w miejscowo\u015bci Kotor. Do Zag\u0142\u0119bia Lubin przyszed\u0142 z FK Sarajewo w 2017 roku. W Zag\u0142\u0119biu Lubin rozegra\u0142 130 spotka\u0144 i strzeli\u0142 6&hellip; <\/p>\n","protected":false},"author":1,"featured_media":23220,"comment_status":"open","ping_status":"open","sticky":false,"template":"","format":"standard","meta":{"footnotes":""},"categories":[46],"tags":[335,333,334,332,89],"class_list":["post-23250","post","type-post","status-publish","format-standard","has-post-thumbnail","hentry","category-aktualnosci","tag-dominik-szostak","tag-pawel-pytlarz","tag-sasa-balic","tag-witold-kulesza","tag-zaglebie-lubin"],"_links":{"self":[{"href":"https:\/\/www.zaglebiak.com\/index.php\/wp-json\/wp\/v2\/posts\/23250","targetHints":{"allow":["GET"]}}],"collection":[{"href":"https:\/\/www.zaglebiak.com\/index.php\/wp-json\/wp\/v2\/posts"}],"about":[{"href":"https:\/\/www.zaglebiak.com\/index.php\/wp-json\/wp\/v2\/types\/post"}],"author":[{"embeddable":true,"href":"https:\/\/www.zaglebiak.com\/index.php\/wp-json\/wp\/v2\/users\/1"}],"replies":[{"embeddable":true,"href":"https:\/\/www.zaglebiak.com\/index.php\/wp-json\/wp\/v2\/comments?post=23250"}],"version-history":[{"count":1,"href":"https:\/\/www.zaglebiak.com\/index.php\/wp-json\/wp\/v2\/posts\/23250\/revisions"}],"predecessor-version":[{"id":23251,"href":"https:\/\/www.zaglebiak.com\/index.php\/wp-json\/wp\/v2\/posts\/23250\/revisions\/23251"}],"wp:featuredmedia":[{"embeddable":true,"href":"https:\/\/www.zaglebiak.com\/index.php\/wp-json\/wp\/v2\/media\/23220"}],"wp:attachment":[{"href":"https:\/\/www.zaglebiak.com\/index.php\/wp-json\/wp\/v2\/media?parent=23250"}],"wp:term":[{"taxonomy":"category","embeddable":true,"href":"https:\/\/www.zaglebiak.com\/index.php\/wp-json\/wp\/v2\/categories?post=23250"},{"taxonomy":"post_tag","embeddable":true,"href":"https:\/\/www.zaglebiak.com\/index.php\/wp-json\/wp\/v2\/tags?post=23250"}],"curies":[{"name":"wp","href":"https:\/\/api.w.org\/{rel}","templated":true}]}}