{"id":23212,"date":"2024-01-27T00:18:26","date_gmt":"2024-01-26T23:18:26","guid":{"rendered":"https:\/\/www.zaglebiak.com\/?p=23212"},"modified":"2024-01-27T00:18:28","modified_gmt":"2024-01-26T23:18:28","slug":"27-stycznia-urodzili-sie-patryk-rachwal-i-tomasz-bielas-4","status":"publish","type":"post","link":"https:\/\/www.zaglebiak.com\/index.php\/2024\/01\/27\/27-stycznia-urodzili-sie-patryk-rachwal-i-tomasz-bielas-4\/","title":{"rendered":"27 stycznia urodzili si\u0119 Patryk Rachwa\u0142 i Tomasz Biela\u015b"},"content":{"rendered":"<div class=\"wp-block-image\">\n<figure class=\"aligncenter size-full is-resized\"><img loading=\"lazy\" decoding=\"async\" width=\"540\" height=\"810\" src=\"https:\/\/64.media.tumblr.com\/6b1a97d1b4bec1c8e182b5698ffb17c4\/345678215e86c088-2e\/s540x810\/ce6300ea1e18bba0f8ed12448bd4c35280fb95ef.jpg\" alt=\"\" class=\"wp-image-23203\" style=\"width:840px;height:auto\"\/><figcaption class=\"wp-element-caption\">Patryk Rachwa\u0142. Fot. zaglebie.com<\/figcaption><\/figure>\n<\/div>\n\n\n<p>Patryk Rachwa\u0142 urodzi\u0142 si\u0119 27 stycznia 1981 roku w Zabrzu. Do Zag\u0142\u0119bia Lubin trafi\u0142 z Polonii Warszawa. Rozegra\u0142 u nas sezon 2011\/2012, a dok\u0142adniej 18 mecz\u00f3w i 1 bramka. Z Zag\u0142\u0119bia odszed\u0142 do GKS Be\u0142chat\u00f3w.<\/p>\n\n\n\n<p>Tomasz Biela\u015b urodzi\u0142 si\u0119 27 stycznia 1972 roku. Wychowanek Zag\u0142\u0119bia Lubin.<\/p>\n","protected":false},"excerpt":{"rendered":"<p>Patryk Rachwa\u0142 urodzi\u0142 si\u0119 27 stycznia 1981 roku w Zabrzu. Do Zag\u0142\u0119bia Lubin trafi\u0142 z Polonii Warszawa. Rozegra\u0142 u nas sezon 2011\/2012, a dok\u0142adniej 18 mecz\u00f3w i 1 bramka. Z&hellip; <\/p>\n","protected":false},"author":1,"featured_media":23201,"comment_status":"open","ping_status":"open","sticky":false,"template":"","format":"standard","meta":{"footnotes":""},"categories":[46],"tags":[325,326,89],"class_list":["post-23212","post","type-post","status-publish","format-standard","has-post-thumbnail","hentry","category-aktualnosci","tag-patryk-rachwal","tag-tomasz-bielas","tag-zaglebie-lubin"],"_links":{"self":[{"href":"https:\/\/www.zaglebiak.com\/index.php\/wp-json\/wp\/v2\/posts\/23212","targetHints":{"allow":["GET"]}}],"collection":[{"href":"https:\/\/www.zaglebiak.com\/index.php\/wp-json\/wp\/v2\/posts"}],"about":[{"href":"https:\/\/www.zaglebiak.com\/index.php\/wp-json\/wp\/v2\/types\/post"}],"author":[{"embeddable":true,"href":"https:\/\/www.zaglebiak.com\/index.php\/wp-json\/wp\/v2\/users\/1"}],"replies":[{"embeddable":true,"href":"https:\/\/www.zaglebiak.com\/index.php\/wp-json\/wp\/v2\/comments?post=23212"}],"version-history":[{"count":1,"href":"https:\/\/www.zaglebiak.com\/index.php\/wp-json\/wp\/v2\/posts\/23212\/revisions"}],"predecessor-version":[{"id":23213,"href":"https:\/\/www.zaglebiak.com\/index.php\/wp-json\/wp\/v2\/posts\/23212\/revisions\/23213"}],"wp:featuredmedia":[{"embeddable":true,"href":"https:\/\/www.zaglebiak.com\/index.php\/wp-json\/wp\/v2\/media\/23201"}],"wp:attachment":[{"href":"https:\/\/www.zaglebiak.com\/index.php\/wp-json\/wp\/v2\/media?parent=23212"}],"wp:term":[{"taxonomy":"category","embeddable":true,"href":"https:\/\/www.zaglebiak.com\/index.php\/wp-json\/wp\/v2\/categories?post=23212"},{"taxonomy":"post_tag","embeddable":true,"href":"https:\/\/www.zaglebiak.com\/index.php\/wp-json\/wp\/v2\/tags?post=23212"}],"curies":[{"name":"wp","href":"https:\/\/api.w.org\/{rel}","templated":true}]}}