{"id":22923,"date":"2024-01-13T14:28:58","date_gmt":"2024-01-13T13:28:58","guid":{"rendered":"https:\/\/www.zaglebiak.com\/?p=22923"},"modified":"2024-01-13T14:28:59","modified_gmt":"2024-01-13T13:28:59","slug":"13-stycznia-urodzili-sie-aleksander-kwiek-jozef-zborowski-i-marcin-golebiowski","status":"publish","type":"post","link":"https:\/\/www.zaglebiak.com\/index.php\/2024\/01\/13\/13-stycznia-urodzili-sie-aleksander-kwiek-jozef-zborowski-i-marcin-golebiowski\/","title":{"rendered":"13 stycznia urodzili si\u0119 Aleksander Kwiek, J\u00f3zef Zborowski i Marcin Go\u0142\u0119biowski"},"content":{"rendered":"<div class=\"wp-block-image\">\n<figure class=\"aligncenter size-full\"><img loading=\"lazy\" decoding=\"async\" width=\"770\" height=\"1155\" src=\"https:\/\/64.media.tumblr.com\/1126a3d3f09846e81825774e81fca744\/428bba7215bde2dd-c6\/s1280x1920\/b8a74ff2b59c5aebdb89a7f947c3899c567936c8.jpg\" alt=\"\" class=\"wp-image-22918\"\/><figcaption class=\"wp-element-caption\">Aleksander Kwiek. Fot. zaglebie.com<\/figcaption><\/figure>\n<\/div>\n\n\n<p>Aleksander Kwiek urodzi\u0142 si\u0119 13 stycznia 1983 roku w Wodzis\u0142awiu \u015al\u0105skim. Do Zag\u0142\u0119bia Lubin trafi\u0142 z G\u00f3rnika Zabrze. Gra\u0142 w naszym klubie w latach 2013-2015. W ESA rozegra\u0142 33 spotkania i strzeli\u0142 3 bramki dla Zag\u0142\u0119bia. Ostatnim klubem w jakim gra\u0142 by\u0142a Silesia Lubomia.<\/p>\n\n\n<div class=\"wp-block-image\">\n<figure class=\"aligncenter size-full\"><img loading=\"lazy\" decoding=\"async\" width=\"540\" height=\"724\" src=\"https:\/\/64.media.tumblr.com\/dc3d38edeae855d5a0d2ff4751efee7f\/b0c10947f42a98ba-0b\/s540x810\/866d083245abcf693c1519a2a66917d18d1a4a88.jpg\" alt=\"\" class=\"wp-image-22922\"\/><figcaption class=\"wp-element-caption\">J\u00f3zef Zborowski<\/figcaption><\/figure>\n<\/div>\n\n\n<p>J\u00f3zef Edward Zborowski urodzi\u0142 si\u0119 13 stycznia 1952 roku w Z\u0142ocie\u0144cu, syn Stanis\u0142awa i Natalii. Wychowanek KS Olimp Z\u0142ocieniec, nast\u0119pnie trafi\u0142 do Pogoni Szczecin. Na Dolnym \u015al\u0105sku pojawi\u0142 si\u0119 najpierw w Zag\u0142\u0119biu Wa\u0142brzych i nast\u0119pnie trafi\u0142 do lubi\u0144skiego Zag\u0142\u0119bia. W Lubinie wyst\u0119puj\u0105cy na pozycji \u015brodkowego napastnika. Wywalczy\u0142 z dru\u017cyn\u0105 awans do drugiej ligi w sezonie 1974\/1975.<\/p>\n\n\n\n<figure class=\"wp-block-embed is-type-wp-embed is-provider-zag-biak wp-block-embed-zag-biak\"><div class=\"wp-block-embed__wrapper\">\n<blockquote class=\"wp-embedded-content\" data-secret=\"4xIfawe048\"><a href=\"https:\/\/www.zaglebiak.com\/index.php\/2023\/03\/03\/jozef-edward-zborowski\/\">J\u00f3zef Edward Zborowski<\/a><\/blockquote><iframe loading=\"lazy\" class=\"wp-embedded-content\" sandbox=\"allow-scripts\" security=\"restricted\" style=\"position: absolute; clip: rect(1px, 1px, 1px, 1px);\" title=\"&#8222;&lt;strong&gt;J\u00f3zef Edward Zborowski&lt;\/strong&gt;&#8221; &#8212; Zag\u0142\u0119biak\" src=\"https:\/\/www.zaglebiak.com\/index.php\/2023\/03\/03\/jozef-edward-zborowski\/embed\/#?secret=iZ9Q2sTIe8#?secret=4xIfawe048\" data-secret=\"4xIfawe048\" width=\"600\" height=\"338\" frameborder=\"0\" marginwidth=\"0\" marginheight=\"0\" scrolling=\"no\"><\/iframe>\n<\/div><\/figure>\n\n\n<div class=\"wp-block-image\">\n<figure class=\"aligncenter size-full is-resized\"><img loading=\"lazy\" decoding=\"async\" width=\"436\" height=\"564\" src=\"https:\/\/64.media.tumblr.com\/429b474dd03ec1a1fdf2e3a14ade6903\/428bba7215bde2dd-d4\/s500x750\/31bc8f41129ec77dee61ce3db2d2f438da11cffa.jpg\" alt=\"\" class=\"wp-image-22920\" style=\"width:563px;height:auto\"\/><figcaption class=\"wp-element-caption\">Marcin Go\u0142\u0119biowski. Fot. zaglebie.com<\/figcaption><\/figure>\n<\/div>\n\n\n<p>Marcin Go\u0142\u0119biowski urodzi\u0142 si\u0119 13 stycznia 1997 roku w Lubinie. Obro\u0144ca reprezentowa\u0142 dru\u017cyny juniorskie oraz rezerwy Zag\u0142\u0119bia Lubin do 2020 roku. Od jesieni 2020 jest zawodnikiem Piasta \u017bmigr\u00f3d.<\/p>\n","protected":false},"excerpt":{"rendered":"<p>Aleksander Kwiek urodzi\u0142 si\u0119 13 stycznia 1983 roku w Wodzis\u0142awiu \u015al\u0105skim. Do Zag\u0142\u0119bia Lubin trafi\u0142 z G\u00f3rnika Zabrze. Gra\u0142 w naszym klubie w latach 2013-2015. W ESA rozegra\u0142 33 spotkania&hellip; <\/p>\n","protected":false},"author":1,"featured_media":22916,"comment_status":"open","ping_status":"open","sticky":false,"template":"","format":"standard","meta":{"footnotes":""},"categories":[46],"tags":[247,1778,248,89],"class_list":["post-22923","post","type-post","status-publish","format-standard","has-post-thumbnail","hentry","category-aktualnosci","tag-aleksander-kwiek","tag-jozef-zborowski","tag-marcin-golebiowski","tag-zaglebie-lubin"],"_links":{"self":[{"href":"https:\/\/www.zaglebiak.com\/index.php\/wp-json\/wp\/v2\/posts\/22923","targetHints":{"allow":["GET"]}}],"collection":[{"href":"https:\/\/www.zaglebiak.com\/index.php\/wp-json\/wp\/v2\/posts"}],"about":[{"href":"https:\/\/www.zaglebiak.com\/index.php\/wp-json\/wp\/v2\/types\/post"}],"author":[{"embeddable":true,"href":"https:\/\/www.zaglebiak.com\/index.php\/wp-json\/wp\/v2\/users\/1"}],"replies":[{"embeddable":true,"href":"https:\/\/www.zaglebiak.com\/index.php\/wp-json\/wp\/v2\/comments?post=22923"}],"version-history":[{"count":1,"href":"https:\/\/www.zaglebiak.com\/index.php\/wp-json\/wp\/v2\/posts\/22923\/revisions"}],"predecessor-version":[{"id":22924,"href":"https:\/\/www.zaglebiak.com\/index.php\/wp-json\/wp\/v2\/posts\/22923\/revisions\/22924"}],"wp:featuredmedia":[{"embeddable":true,"href":"https:\/\/www.zaglebiak.com\/index.php\/wp-json\/wp\/v2\/media\/22916"}],"wp:attachment":[{"href":"https:\/\/www.zaglebiak.com\/index.php\/wp-json\/wp\/v2\/media?parent=22923"}],"wp:term":[{"taxonomy":"category","embeddable":true,"href":"https:\/\/www.zaglebiak.com\/index.php\/wp-json\/wp\/v2\/categories?post=22923"},{"taxonomy":"post_tag","embeddable":true,"href":"https:\/\/www.zaglebiak.com\/index.php\/wp-json\/wp\/v2\/tags?post=22923"}],"curies":[{"name":"wp","href":"https:\/\/api.w.org\/{rel}","templated":true}]}}