{"id":22778,"date":"2024-01-09T08:59:59","date_gmt":"2024-01-09T07:59:59","guid":{"rendered":"https:\/\/www.zaglebiak.com\/?p=22778"},"modified":"2024-01-09T09:00:01","modified_gmt":"2024-01-09T08:00:01","slug":"pawel-primel-nowym-trenerem-bramkarzy-zaglebia-lubin","status":"publish","type":"post","link":"https:\/\/www.zaglebiak.com\/index.php\/2024\/01\/09\/pawel-primel-nowym-trenerem-bramkarzy-zaglebia-lubin\/","title":{"rendered":"Pawe\u0142 Primel nowym trenerem bramkarzy Zag\u0142\u0119bia Lubin"},"content":{"rendered":"\n<figure class=\"wp-block-image size-full is-resized\"><img loading=\"lazy\" decoding=\"async\" width=\"449\" height=\"600\" src=\"https:\/\/64.media.tumblr.com\/06f8948df11eb57e6e312c289da6176e\/4e79bd63ffc931f9-6d\/s500x750\/de8bacddf01afe9897b8ae810b61086f12f5340a.jpg\" alt=\"\" class=\"wp-image-22777\" style=\"width:840px;height:auto\"\/><\/figure>\n\n\n\n<p>Pawe\u0142 Primel zast\u0105pi\u0142 na stanowisku trenera bramkarzy Jaros\u0142awa Bako, kt\u00f3ry b\u0119dzie pracowa\u0142 z bramkarzami w Akademii. <\/p>\n\n\n\n<p>Wychowanek Zag\u0142\u0119bia Lubin jako trener bramkarzy pracowa\u0142\u00a0w Miedzi Legnica, Odrze Wodzis\u0142aw, Lechu Pozna\u0144, dwukrotnie w Wi\u015ble Krak\u00f3w, Motorze Lublin, Jagiellonii Bia\u0142ystok, Zag\u0142\u0119biu Sosnowiec i\u00a0Lechii Gda\u0144sk, a przez ostatnie p\u00f3\u0142 roku nale\u017ca\u0142 do sztabu szkoleniowego Czes\u0142awa Michniewicza w saudyjskim Abha Club. Jest to jego powr\u00f3t na trenersk\u0105 \u0142awk\u0119 w Zag\u0142\u0119biu Lubin. <\/p>\n","protected":false},"excerpt":{"rendered":"<p>Pawe\u0142 Primel zast\u0105pi\u0142 na stanowisku trenera bramkarzy Jaros\u0142awa Bako, kt\u00f3ry b\u0119dzie pracowa\u0142 z bramkarzami w Akademii. Wychowanek Zag\u0142\u0119bia Lubin jako trener bramkarzy pracowa\u0142\u00a0w Miedzi Legnica, Odrze Wodzis\u0142aw, Lechu Pozna\u0144, dwukrotnie&hellip; <\/p>\n","protected":false},"author":1,"featured_media":22775,"comment_status":"open","ping_status":"open","sticky":false,"template":"","format":"standard","meta":{"footnotes":""},"categories":[46],"tags":[1167,2063,89],"class_list":["post-22778","post","type-post","status-publish","format-standard","has-post-thumbnail","hentry","category-aktualnosci","tag-pawel-primel","tag-trener-bramkarzy","tag-zaglebie-lubin"],"_links":{"self":[{"href":"https:\/\/www.zaglebiak.com\/index.php\/wp-json\/wp\/v2\/posts\/22778","targetHints":{"allow":["GET"]}}],"collection":[{"href":"https:\/\/www.zaglebiak.com\/index.php\/wp-json\/wp\/v2\/posts"}],"about":[{"href":"https:\/\/www.zaglebiak.com\/index.php\/wp-json\/wp\/v2\/types\/post"}],"author":[{"embeddable":true,"href":"https:\/\/www.zaglebiak.com\/index.php\/wp-json\/wp\/v2\/users\/1"}],"replies":[{"embeddable":true,"href":"https:\/\/www.zaglebiak.com\/index.php\/wp-json\/wp\/v2\/comments?post=22778"}],"version-history":[{"count":1,"href":"https:\/\/www.zaglebiak.com\/index.php\/wp-json\/wp\/v2\/posts\/22778\/revisions"}],"predecessor-version":[{"id":22779,"href":"https:\/\/www.zaglebiak.com\/index.php\/wp-json\/wp\/v2\/posts\/22778\/revisions\/22779"}],"wp:featuredmedia":[{"embeddable":true,"href":"https:\/\/www.zaglebiak.com\/index.php\/wp-json\/wp\/v2\/media\/22775"}],"wp:attachment":[{"href":"https:\/\/www.zaglebiak.com\/index.php\/wp-json\/wp\/v2\/media?parent=22778"}],"wp:term":[{"taxonomy":"category","embeddable":true,"href":"https:\/\/www.zaglebiak.com\/index.php\/wp-json\/wp\/v2\/categories?post=22778"},{"taxonomy":"post_tag","embeddable":true,"href":"https:\/\/www.zaglebiak.com\/index.php\/wp-json\/wp\/v2\/tags?post=22778"}],"curies":[{"name":"wp","href":"https:\/\/api.w.org\/{rel}","templated":true}]}}