{"id":22665,"date":"2024-01-08T09:03:44","date_gmt":"2024-01-08T08:03:44","guid":{"rendered":"https:\/\/www.zaglebiak.com\/?p=22665"},"modified":"2024-01-08T09:03:46","modified_gmt":"2024-01-08T08:03:46","slug":"8-stycznia-urodzili-sie-pawel-vidanov-i-fabian-sowiecki-2","status":"publish","type":"post","link":"https:\/\/www.zaglebiak.com\/index.php\/2024\/01\/08\/8-stycznia-urodzili-sie-pawel-vidanov-i-fabian-sowiecki-2\/","title":{"rendered":"8 stycznia urodzili si\u0119 Pawel Vidanov i Fabian Sowiecki."},"content":{"rendered":"\n<figure class=\"wp-block-image size-full\"><img loading=\"lazy\" decoding=\"async\" width=\"2048\" height=\"3002\" src=\"https:\/\/64.media.tumblr.com\/1ed0d930eb7d670c8fd09a43e4c74e15\/0101bc47f41c8e17-52\/s2048x3072\/7fd4b8d23645c97ad69ff468f823ba07bd7c9c3b.jpg\" alt=\"\" class=\"wp-image-22659\"\/><\/figure>\n\n\n\n<p>Pavel Vidanov urodzi\u0142 si\u0119 8 stycznia 1988 roku w Sofii. Zawodnik Zag\u0142\u0119bia Lubin w latach 2012-2014. W tym czasie rozegra\u0142 55 mecz\u00f3w i nie strzeli\u0142 \u017cadnej bramki.<\/p>\n\n\n<div class=\"wp-block-image\">\n<figure class=\"aligncenter size-full is-resized\"><img loading=\"lazy\" decoding=\"async\" width=\"393\" height=\"607\" src=\"https:\/\/64.media.tumblr.com\/a058082b165a96e22c3aa56e049654e0\/0101bc47f41c8e17-88\/s500x750\/cfddd1594af956599c43e475ed7f61b71cf81790.jpg\" alt=\"\" class=\"wp-image-22657\" style=\"width:840px;height:auto\"\/><figcaption class=\"wp-element-caption\">Fabian Sowiecki. Fot. z fb Fabiana<\/figcaption><\/figure>\n<\/div>\n\n\n<p>Fabian Sowiecki urodzi\u0142 si\u0119 8 stycznia 2006. Wychowanek Zag\u0142\u0119bia Lubin i obecnie zawodnik U-19 Akademii.<\/p>\n","protected":false},"excerpt":{"rendered":"<p>Pavel Vidanov urodzi\u0142 si\u0119 8 stycznia 1988 roku w Sofii. Zawodnik Zag\u0142\u0119bia Lubin w latach 2012-2014. W tym czasie rozegra\u0142 55 mecz\u00f3w i nie strzeli\u0142 \u017cadnej bramki. Fabian Sowiecki urodzi\u0142&hellip; <\/p>\n","protected":false},"author":1,"featured_media":22655,"comment_status":"open","ping_status":"open","sticky":false,"template":"","format":"standard","meta":{"footnotes":""},"categories":[46],"tags":[231,230,89],"class_list":["post-22665","post","type-post","status-publish","format-standard","has-post-thumbnail","hentry","category-aktualnosci","tag-fabian-sowiecki","tag-pavel-vidanov","tag-zaglebie-lubin"],"_links":{"self":[{"href":"https:\/\/www.zaglebiak.com\/index.php\/wp-json\/wp\/v2\/posts\/22665","targetHints":{"allow":["GET"]}}],"collection":[{"href":"https:\/\/www.zaglebiak.com\/index.php\/wp-json\/wp\/v2\/posts"}],"about":[{"href":"https:\/\/www.zaglebiak.com\/index.php\/wp-json\/wp\/v2\/types\/post"}],"author":[{"embeddable":true,"href":"https:\/\/www.zaglebiak.com\/index.php\/wp-json\/wp\/v2\/users\/1"}],"replies":[{"embeddable":true,"href":"https:\/\/www.zaglebiak.com\/index.php\/wp-json\/wp\/v2\/comments?post=22665"}],"version-history":[{"count":1,"href":"https:\/\/www.zaglebiak.com\/index.php\/wp-json\/wp\/v2\/posts\/22665\/revisions"}],"predecessor-version":[{"id":22666,"href":"https:\/\/www.zaglebiak.com\/index.php\/wp-json\/wp\/v2\/posts\/22665\/revisions\/22666"}],"wp:featuredmedia":[{"embeddable":true,"href":"https:\/\/www.zaglebiak.com\/index.php\/wp-json\/wp\/v2\/media\/22655"}],"wp:attachment":[{"href":"https:\/\/www.zaglebiak.com\/index.php\/wp-json\/wp\/v2\/media?parent=22665"}],"wp:term":[{"taxonomy":"category","embeddable":true,"href":"https:\/\/www.zaglebiak.com\/index.php\/wp-json\/wp\/v2\/categories?post=22665"},{"taxonomy":"post_tag","embeddable":true,"href":"https:\/\/www.zaglebiak.com\/index.php\/wp-json\/wp\/v2\/tags?post=22665"}],"curies":[{"name":"wp","href":"https:\/\/api.w.org\/{rel}","templated":true}]}}