{"id":22591,"date":"2024-01-04T00:43:00","date_gmt":"2024-01-03T23:43:00","guid":{"rendered":"https:\/\/www.zaglebiak.com\/?p=22591"},"modified":"2024-01-03T23:46:31","modified_gmt":"2024-01-03T22:46:31","slug":"4-stycznia-2022-r-zmarl-andrzej-brzezowski","status":"publish","type":"post","link":"https:\/\/www.zaglebiak.com\/index.php\/2024\/01\/04\/4-stycznia-2022-r-zmarl-andrzej-brzezowski\/","title":{"rendered":"4 stycznia 2022 r. zmar\u0142 Andrzej Brze\u017cowski"},"content":{"rendered":"<div class=\"wp-block-image\">\n<figure class=\"aligncenter size-full\"><img loading=\"lazy\" decoding=\"async\" width=\"1500\" height=\"2000\" src=\"https:\/\/64.media.tumblr.com\/c6ef837191772e3587dc6e0481a78d79\/8a80dffd5572481e-23\/s2048x3072\/de39fb818ba8369af0dc821c02d298ec9067f409.jpg\" alt=\"\" class=\"wp-image-22590\"\/><figcaption class=\"wp-element-caption\">Nagrobek Andrzeja Brze\u017cowskiego<\/figcaption><\/figure>\n<\/div>\n\n\n<p>Andrzej Brze\u017cowski zmar\u0142 4 stycznia 2022 roku w Gorzowie Wielkopolskim. Urodzi\u0142 si\u0119 10 maja 1973 roku w Gorzowie Wielkopolskim. Pracowa\u0142 w Zag\u0142\u0119biu Lubin w latach 2012-2016. Odpowiada\u0142 za boiska i zaplecze akademii. By\u0142 r\u00f3wnie\u017c trenerem i prezesem UKS Impuls Wawr\u00f3w. To on wypatrzy\u0142 Kamila Kruka, kt\u00f3ry razem z jego synem, Kub\u0105, trafi\u0142 do lubi\u0144skiej akademii. Pochowany jest na Cmentarzu Komunalnym w Gorzowie Wielkopolskim Kwatera:\u00a0<strong>Dz.7,\u00a0<\/strong>Numer rz\u0119du:\u00a0<strong>18,\u00a0<\/strong>Numer miejsca poch\u00f3wku:\u00a0<strong>30<\/strong><\/p>\n","protected":false},"excerpt":{"rendered":"<p>Andrzej Brze\u017cowski zmar\u0142 4 stycznia 2022 roku w Gorzowie Wielkopolskim. Urodzi\u0142 si\u0119 10 maja 1973 roku w Gorzowie Wielkopolskim. Pracowa\u0142 w Zag\u0142\u0119biu Lubin w latach 2012-2016. Odpowiada\u0142 za boiska i&hellip; <\/p>\n","protected":false},"author":1,"featured_media":22590,"comment_status":"open","ping_status":"open","sticky":false,"template":"","format":"standard","meta":{"footnotes":""},"categories":[46],"tags":[1735,89],"class_list":["post-22591","post","type-post","status-publish","format-standard","has-post-thumbnail","hentry","category-aktualnosci","tag-andrzej-brzezowski","tag-zaglebie-lubin"],"_links":{"self":[{"href":"https:\/\/www.zaglebiak.com\/index.php\/wp-json\/wp\/v2\/posts\/22591","targetHints":{"allow":["GET"]}}],"collection":[{"href":"https:\/\/www.zaglebiak.com\/index.php\/wp-json\/wp\/v2\/posts"}],"about":[{"href":"https:\/\/www.zaglebiak.com\/index.php\/wp-json\/wp\/v2\/types\/post"}],"author":[{"embeddable":true,"href":"https:\/\/www.zaglebiak.com\/index.php\/wp-json\/wp\/v2\/users\/1"}],"replies":[{"embeddable":true,"href":"https:\/\/www.zaglebiak.com\/index.php\/wp-json\/wp\/v2\/comments?post=22591"}],"version-history":[{"count":1,"href":"https:\/\/www.zaglebiak.com\/index.php\/wp-json\/wp\/v2\/posts\/22591\/revisions"}],"predecessor-version":[{"id":22592,"href":"https:\/\/www.zaglebiak.com\/index.php\/wp-json\/wp\/v2\/posts\/22591\/revisions\/22592"}],"wp:featuredmedia":[{"embeddable":true,"href":"https:\/\/www.zaglebiak.com\/index.php\/wp-json\/wp\/v2\/media\/22590"}],"wp:attachment":[{"href":"https:\/\/www.zaglebiak.com\/index.php\/wp-json\/wp\/v2\/media?parent=22591"}],"wp:term":[{"taxonomy":"category","embeddable":true,"href":"https:\/\/www.zaglebiak.com\/index.php\/wp-json\/wp\/v2\/categories?post=22591"},{"taxonomy":"post_tag","embeddable":true,"href":"https:\/\/www.zaglebiak.com\/index.php\/wp-json\/wp\/v2\/tags?post=22591"}],"curies":[{"name":"wp","href":"https:\/\/api.w.org\/{rel}","templated":true}]}}