{"id":22447,"date":"2024-01-02T00:10:20","date_gmt":"2024-01-01T23:10:20","guid":{"rendered":"https:\/\/www.zaglebiak.com\/?p=22447"},"modified":"2024-01-02T00:10:22","modified_gmt":"2024-01-01T23:10:22","slug":"2-stycznia-urodzili-sie-jhon-chancellor-tadeusz-sadowski-jakub-bednarczyk-i-milosz-przybecki","status":"publish","type":"post","link":"https:\/\/www.zaglebiak.com\/index.php\/2024\/01\/02\/2-stycznia-urodzili-sie-jhon-chancellor-tadeusz-sadowski-jakub-bednarczyk-i-milosz-przybecki\/","title":{"rendered":"2 stycznia urodzili si\u0119 Jhon Chancellor, Tadeusz Sadowski, Jakub Bednarczyk i Mi\u0142osz Przybecki"},"content":{"rendered":"<div class=\"wp-block-image\">\n<figure class=\"aligncenter size-full\"><img loading=\"lazy\" decoding=\"async\" width=\"852\" height=\"568\" src=\"https:\/\/64.media.tumblr.com\/26f96d9c8373ef858697989e82b23348\/7e2d10ec835e670e-6b\/s1280x1920\/ba6949825a46d123eabb7db856e1a4a4f574119a.jpg\" alt=\"\" class=\"wp-image-22442\"\/><figcaption class=\"wp-element-caption\">Jhon Chancellor. Fot. zaglebie.com<\/figcaption><\/figure>\n<\/div>\n\n\n<p>Jhon Chancellor urodzi\u0142 si\u0119 2 stycznia 1992 w Ciudad Guayana w Wenezueli. Do Zag\u0142\u0119bia Lubin trafi\u0142 z Brescia Calcio. Wiosn\u0105 2022 roku rozegra\u0142 7 spotka\u0144. Reprezentant Wenezueli ostatnio gra\u0142 w Coritiba FC. Obecnie reprezentuje Club Necaxa.<\/p>\n\n\n<div class=\"wp-block-image\">\n<figure class=\"aligncenter size-full\"><img loading=\"lazy\" decoding=\"async\" width=\"1989\" height=\"1340\" src=\"https:\/\/64.media.tumblr.com\/4e2c2af479201d6cac56777469034eb1\/7e2d10ec835e670e-85\/s2048x3072\/225262b97ef0a7509bf057d7ef88338f5a4bf34f.jpg\" alt=\"\" class=\"wp-image-22444\"\/><figcaption class=\"wp-element-caption\">Tadeusz Sadowski kuca 2 od lewej<\/figcaption><\/figure>\n<\/div>\n\n\n<p>Tadeusz Sadowski urodzi\u0142 si\u0119 2 stycznia 1948 roku. By\u0142 zawodnikiem Zag\u0142\u0119bia Lubin i G\u00f3rnika Polkowice. Zmar\u0142 27 listopada 2011 roku w Lubinie.<\/p>\n\n\n<div class=\"wp-block-image\">\n<figure class=\"aligncenter size-full\"><img loading=\"lazy\" decoding=\"async\" width=\"600\" height=\"760\" src=\"https:\/\/64.media.tumblr.com\/2afec7ddfb65574a22a507c9944faf04\/7e2d10ec835e670e-46\/s640x960\/0f1dae9535e4916f5e260d2fed0819c7bd90170f.pnj\" alt=\"\" class=\"wp-image-22440\"\/><figcaption class=\"wp-element-caption\">Jakub Bednarczyk. Fot. zaglebie.com<\/figcaption><\/figure>\n<\/div>\n\n\n<p>Jakub Bednarczyk urodzi\u0142 si\u0119 2 stycznia 1999 roku w Tarnowskich G\u00f3rach. Zosta\u0142 wypo\u017cyczony z St. Pauli do Zag\u0142\u0119bia Lubin. W sezonie 2020\/2021 rozegra\u0142 8 spotka\u0144.\u00a0Obecnie reprezentuje G\u00f3rnik \u0141\u0119czna. <\/p>\n\n\n<div class=\"wp-block-image\">\n<figure class=\"aligncenter size-full is-resized\"><img loading=\"lazy\" decoding=\"async\" width=\"200\" height=\"268\" src=\"https:\/\/64.media.tumblr.com\/e387277ecf626b446fa0d0a22ce95086\/7e2d10ec835e670e-37\/s250x400\/650b44a4057b3c298a1fd1951ebc7d05ae6a5354.jpg\" alt=\"\" class=\"wp-image-22446\" style=\"width:491px;height:auto\"\/><figcaption class=\"wp-element-caption\">Mi\u0142osz Przybecki<\/figcaption><\/figure>\n<\/div>\n\n\n<p>Mi\u0142osz Przybecki urodzi\u0142 si\u0119 2 stycznia 1991 roku w \u015aremie. W Zag\u0142\u0119biu Lubin gra\u0142 w latach 2013-2015. Rozegra\u0142 46 mecz\u00f3w i strzeli\u0142 5 bramek. Obecnie jest zawodnikiem Mazovii Mi\u0144sk Mazowiecki. <\/p>\n","protected":false},"excerpt":{"rendered":"<p>Jhon Chancellor urodzi\u0142 si\u0119 2 stycznia 1992 w Ciudad Guayana w Wenezueli. Do Zag\u0142\u0119bia Lubin trafi\u0142 z Brescia Calcio. Wiosn\u0105 2022 roku rozegra\u0142 7 spotka\u0144. Reprezentant Wenezueli ostatnio gra\u0142 w&hellip; <\/p>\n","protected":false},"author":1,"featured_media":22442,"comment_status":"open","ping_status":"open","sticky":false,"template":"","format":"standard","meta":{"footnotes":""},"categories":[46],"tags":[835,1525,201,200,89],"class_list":["post-22447","post","type-post","status-publish","format-standard","has-post-thumbnail","hentry","category-aktualnosci","tag-jakub-bednarczyk","tag-jhon-chancellor","tag-milosz-przybecki","tag-tadeusz-sadowski","tag-zaglebie-lubin"],"_links":{"self":[{"href":"https:\/\/www.zaglebiak.com\/index.php\/wp-json\/wp\/v2\/posts\/22447","targetHints":{"allow":["GET"]}}],"collection":[{"href":"https:\/\/www.zaglebiak.com\/index.php\/wp-json\/wp\/v2\/posts"}],"about":[{"href":"https:\/\/www.zaglebiak.com\/index.php\/wp-json\/wp\/v2\/types\/post"}],"author":[{"embeddable":true,"href":"https:\/\/www.zaglebiak.com\/index.php\/wp-json\/wp\/v2\/users\/1"}],"replies":[{"embeddable":true,"href":"https:\/\/www.zaglebiak.com\/index.php\/wp-json\/wp\/v2\/comments?post=22447"}],"version-history":[{"count":1,"href":"https:\/\/www.zaglebiak.com\/index.php\/wp-json\/wp\/v2\/posts\/22447\/revisions"}],"predecessor-version":[{"id":22448,"href":"https:\/\/www.zaglebiak.com\/index.php\/wp-json\/wp\/v2\/posts\/22447\/revisions\/22448"}],"wp:featuredmedia":[{"embeddable":true,"href":"https:\/\/www.zaglebiak.com\/index.php\/wp-json\/wp\/v2\/media\/22442"}],"wp:attachment":[{"href":"https:\/\/www.zaglebiak.com\/index.php\/wp-json\/wp\/v2\/media?parent=22447"}],"wp:term":[{"taxonomy":"category","embeddable":true,"href":"https:\/\/www.zaglebiak.com\/index.php\/wp-json\/wp\/v2\/categories?post=22447"},{"taxonomy":"post_tag","embeddable":true,"href":"https:\/\/www.zaglebiak.com\/index.php\/wp-json\/wp\/v2\/tags?post=22447"}],"curies":[{"name":"wp","href":"https:\/\/api.w.org\/{rel}","templated":true}]}}