{"id":22399,"date":"2023-12-31T15:42:02","date_gmt":"2023-12-31T14:42:02","guid":{"rendered":"https:\/\/www.zaglebiak.com\/?p=22399"},"modified":"2023-12-31T15:42:04","modified_gmt":"2023-12-31T14:42:04","slug":"zaglebie-lubin-wiosna-1985-r","status":"publish","type":"post","link":"https:\/\/www.zaglebiak.com\/index.php\/2023\/12\/31\/zaglebie-lubin-wiosna-1985-r\/","title":{"rendered":"Zag\u0142\u0119bie Lubin wiosna 1985 r."},"content":{"rendered":"\n<figure class=\"wp-block-image size-full\"><img loading=\"lazy\" decoding=\"async\" width=\"2048\" height=\"1430\" src=\"https:\/\/64.media.tumblr.com\/92d8490faed98f49ac82a48f5cf9ce9c\/c49c56a5aba4efc6-ed\/s2048x3072\/2950351437c3c061079c02ee98899fb1fb249887.jpg\" alt=\"\" class=\"wp-image-22396\"\/><\/figure>\n\n\n\n<p>Plakat nadgryziony z\u0119bem czasu ale dla mnie cenny jak ka\u017cda zachowana pami\u0105tka Zag\u0142\u0119bia Lubin. <\/p>\n\n\n\n<p>Stoj\u0105 od lewej: Wies\u0142aw Sta\u0144ko, Eugeniusz Ptak, Janisz Kubot, Tadeusz Wi\u015bniewski, Andrzej Turkowski, Miros\u0142aw Dragan, Benedykt Bylicki. Kucaj\u0105 od lewej: Waldemar Sysiak, S\u0142awomir Kurant, Jerzy Wich\u0142acz, Roman M\u0105drochowski.<\/p>\n\n\n\n<p>Jako ciekawostk\u0119 podaj\u0119, \u017ce rocznikpilkarski.pl wyda\u0142 seri\u0119 widok\u00f3wek ze sk\u0142adami dru\u017cyn pi\u0142karskich. W\u0142a\u015bnie to zdj\u0119cie znalaz\u0142o si\u0119 na jednej z poczt\u00f3wek i nosi numer 69, a prezentuje si\u0119 nast\u0119puj\u0105co:<\/p>\n\n\n\n<figure class=\"wp-block-image size-full\"><img loading=\"lazy\" decoding=\"async\" width=\"2048\" height=\"1466\" src=\"https:\/\/64.media.tumblr.com\/96af71ccf2471f766ba43ff20856a472\/c49c56a5aba4efc6-ba\/s2048x3072\/822d25af4984d93db224a0357b8cce95d2b94693.jpg\" alt=\"\" class=\"wp-image-22398\"\/><\/figure>\n\n\n\n<p>Samo zdj\u0119cie zosta\u0142o wykonane przez pani\u0105 Maj\u0119 Soko\u0142owsk\u0105 Michalsk\u0105 i prezentuje, jak to opisano powy\u017cej, jedenastk\u0119, kt\u00f3ra mia\u0142a najwi\u0119kszy udzia\u0142 w ostatnich decyduj\u0105cych o awansie meczach. Do awansu dru\u017cyn\u0119 poprowadzi\u0142 trener Eugeniusz R\u00f3\u017ca\u0144ski wraz ze swoim asystentem Andrzejem Wojciechowskim. <\/p>\n","protected":false},"excerpt":{"rendered":"<p>Plakat nadgryziony z\u0119bem czasu ale dla mnie cenny jak ka\u017cda zachowana pami\u0105tka Zag\u0142\u0119bia Lubin. Stoj\u0105 od lewej: Wies\u0142aw Sta\u0144ko, Eugeniusz Ptak, Janisz Kubot, Tadeusz Wi\u015bniewski, Andrzej Turkowski, Miros\u0142aw Dragan, Benedykt&hellip; <\/p>\n","protected":false},"author":1,"featured_media":22398,"comment_status":"open","ping_status":"open","sticky":false,"template":"","format":"standard","meta":{"footnotes":""},"categories":[26,24,69],"tags":[1900,2049,89],"class_list":["post-22399","post","type-post","status-publish","format-standard","has-post-thumbnail","hentry","category-1985-1989","category-historia","category-plakaty","tag-plakaty","tag-wiosna-1985","tag-zaglebie-lubin"],"_links":{"self":[{"href":"https:\/\/www.zaglebiak.com\/index.php\/wp-json\/wp\/v2\/posts\/22399","targetHints":{"allow":["GET"]}}],"collection":[{"href":"https:\/\/www.zaglebiak.com\/index.php\/wp-json\/wp\/v2\/posts"}],"about":[{"href":"https:\/\/www.zaglebiak.com\/index.php\/wp-json\/wp\/v2\/types\/post"}],"author":[{"embeddable":true,"href":"https:\/\/www.zaglebiak.com\/index.php\/wp-json\/wp\/v2\/users\/1"}],"replies":[{"embeddable":true,"href":"https:\/\/www.zaglebiak.com\/index.php\/wp-json\/wp\/v2\/comments?post=22399"}],"version-history":[{"count":1,"href":"https:\/\/www.zaglebiak.com\/index.php\/wp-json\/wp\/v2\/posts\/22399\/revisions"}],"predecessor-version":[{"id":22400,"href":"https:\/\/www.zaglebiak.com\/index.php\/wp-json\/wp\/v2\/posts\/22399\/revisions\/22400"}],"wp:featuredmedia":[{"embeddable":true,"href":"https:\/\/www.zaglebiak.com\/index.php\/wp-json\/wp\/v2\/media\/22398"}],"wp:attachment":[{"href":"https:\/\/www.zaglebiak.com\/index.php\/wp-json\/wp\/v2\/media?parent=22399"}],"wp:term":[{"taxonomy":"category","embeddable":true,"href":"https:\/\/www.zaglebiak.com\/index.php\/wp-json\/wp\/v2\/categories?post=22399"},{"taxonomy":"post_tag","embeddable":true,"href":"https:\/\/www.zaglebiak.com\/index.php\/wp-json\/wp\/v2\/tags?post=22399"}],"curies":[{"name":"wp","href":"https:\/\/api.w.org\/{rel}","templated":true}]}}