{"id":21918,"date":"2023-12-12T06:30:00","date_gmt":"2023-12-12T05:30:00","guid":{"rendered":"https:\/\/www.zaglebiak.com\/?p=21918"},"modified":"2023-12-10T22:37:29","modified_gmt":"2023-12-10T21:37:29","slug":"12-grudnia-urodzili-sie-marcin-lachodiak-mieczyslaw-stulin-tadeusz-rogus-i-piotr-jaczewski-2","status":"publish","type":"post","link":"https:\/\/www.zaglebiak.com\/index.php\/2023\/12\/12\/12-grudnia-urodzili-sie-marcin-lachodiak-mieczyslaw-stulin-tadeusz-rogus-i-piotr-jaczewski-2\/","title":{"rendered":"12 grudnia urodzili si\u0119 Marcin \u0141achodiak, Mieczys\u0142aw Stulin, Tadeusz Rogus i Piotr Jaczewski"},"content":{"rendered":"<div class=\"wp-block-image\">\n<figure class=\"aligncenter size-full\"><img loading=\"lazy\" decoding=\"async\" width=\"540\" height=\"720\" src=\"https:\/\/www.zaglebiak.com\/wp-content\/uploads\/2023\/12\/Lachodiak.jpg\" alt=\"\" class=\"wp-image-21920\" srcset=\"https:\/\/www.zaglebiak.com\/wp-content\/uploads\/2023\/12\/Lachodiak.jpg 540w, https:\/\/www.zaglebiak.com\/wp-content\/uploads\/2023\/12\/Lachodiak-225x300.jpg 225w\" sizes=\"auto, (max-width: 540px) 100vw, 540px\" \/><figcaption class=\"wp-element-caption\">Marcin \u0141achodiak<\/figcaption><\/figure>\n<\/div>\n\n\n<p>Marcin \u0141achodiak urodzi\u0142 si\u0119 12 grudnia 1938 roku w Storo\u017cy\u0144cu. By\u0142 zawodnikiem takich dru\u017cyn jak: BKS Boles\u0142awiec czy \u0141u\u017cyce Luba\u0144. Reprezentant kadr wojew\u00f3dzkich. By\u0142 tak\u017ce trenerem BKS Boles\u0142awiec, a nast\u0119pnie dzia\u0142aczem Zag\u0142\u0119bia Lubin. Wprowadza\u0142 Zag\u0142\u0119bie Lubin do I ligi jako kierownik dru\u017cyny. Zmar\u0142 5 marca 2020 roku.<\/p>\n\n\n<div class=\"wp-block-image\">\n<figure class=\"aligncenter size-full\"><img loading=\"lazy\" decoding=\"async\" width=\"540\" height=\"675\" src=\"https:\/\/www.zaglebiak.com\/wp-content\/uploads\/2023\/12\/Stulin.jpg\" alt=\"\" class=\"wp-image-21921\" srcset=\"https:\/\/www.zaglebiak.com\/wp-content\/uploads\/2023\/12\/Stulin.jpg 540w, https:\/\/www.zaglebiak.com\/wp-content\/uploads\/2023\/12\/Stulin-240x300.jpg 240w\" sizes=\"auto, (max-width: 540px) 100vw, 540px\" \/><figcaption class=\"wp-element-caption\">Mieczys\u0142aw Stulin<\/figcaption><\/figure>\n<\/div>\n\n\n<p>Mieczys\u0142aw Stulin urodzi\u0142 si\u0119 12 grudnia 1939 roku. By\u0142 zawodnikiem BKS Boles\u0142awiec i w czasie s\u0142u\u017cby wojskowej gra\u0142 w \u015al\u0105sku Wroc\u0142aw. P\u00f3\u017aniejszy dzia\u0142acz i prezes BKS Boles\u0142awiec. Zwi\u0105zany by\u0142 r\u00f3wnie\u017c z Zag\u0142\u0119biem Lubin po tym jak dyrektorem ZG Lubin zosta\u0142 J\u00f3zef Szczerba. Dzia\u0142acz OZPN. Zmar\u0142 24 pa\u017adziernika 2020 roku.<\/p>\n\n\n\n<p>Tadeusz Rogus urodzi\u0142 si\u0119 12 grudnia 1938 roku. By\u0142 kierownikiem sekcji G\u00f3rnika i Zag\u0142\u0119bia Lubin. Zmar\u0142 13 maja 1991 roku.<\/p>\n\n\n<div class=\"wp-block-image\">\n<figure class=\"aligncenter size-full\"><img loading=\"lazy\" decoding=\"async\" width=\"423\" height=\"580\" src=\"https:\/\/www.zaglebiak.com\/wp-content\/uploads\/2023\/12\/Jaczewski.jpg\" alt=\"\" class=\"wp-image-21919\" srcset=\"https:\/\/www.zaglebiak.com\/wp-content\/uploads\/2023\/12\/Jaczewski.jpg 423w, https:\/\/www.zaglebiak.com\/wp-content\/uploads\/2023\/12\/Jaczewski-219x300.jpg 219w\" sizes=\"auto, (max-width: 423px) 100vw, 423px\" \/><\/figure>\n<\/div>\n\n\n<p>Piotr Jaczewski urodzi\u0142 si\u0119 12 grudnia 1977 roku w Warszawie, zwi\u0105zany praktycznie przez ca\u0142a swoj\u0105 karier\u0119 z Mazowszem. Wiosn\u0105 2001 roku by\u0142 w kadrze Zag\u0142\u0119bia Lubin.<\/p>\n\n\n\n<p><\/p>\n","protected":false},"excerpt":{"rendered":"<p>Marcin \u0141achodiak urodzi\u0142 si\u0119 12 grudnia 1938 roku w Storo\u017cy\u0144cu. By\u0142 zawodnikiem takich dru\u017cyn jak: BKS Boles\u0142awiec czy \u0141u\u017cyce Luba\u0144. Reprezentant kadr wojew\u00f3dzkich. By\u0142 tak\u017ce trenerem BKS Boles\u0142awiec, a nast\u0119pnie&hellip; <\/p>\n","protected":false},"author":1,"featured_media":21920,"comment_status":"open","ping_status":"open","sticky":false,"template":"","format":"standard","meta":{"footnotes":""},"categories":[46],"tags":[1238,1237,1239,768,89],"class_list":["post-21918","post","type-post","status-publish","format-standard","has-post-thumbnail","hentry","category-aktualnosci","tag-marcin-lachodiak","tag-mieczyslaw-stulin","tag-piotr-jaczewski","tag-tadeusz-rogus","tag-zaglebie-lubin"],"_links":{"self":[{"href":"https:\/\/www.zaglebiak.com\/index.php\/wp-json\/wp\/v2\/posts\/21918","targetHints":{"allow":["GET"]}}],"collection":[{"href":"https:\/\/www.zaglebiak.com\/index.php\/wp-json\/wp\/v2\/posts"}],"about":[{"href":"https:\/\/www.zaglebiak.com\/index.php\/wp-json\/wp\/v2\/types\/post"}],"author":[{"embeddable":true,"href":"https:\/\/www.zaglebiak.com\/index.php\/wp-json\/wp\/v2\/users\/1"}],"replies":[{"embeddable":true,"href":"https:\/\/www.zaglebiak.com\/index.php\/wp-json\/wp\/v2\/comments?post=21918"}],"version-history":[{"count":1,"href":"https:\/\/www.zaglebiak.com\/index.php\/wp-json\/wp\/v2\/posts\/21918\/revisions"}],"predecessor-version":[{"id":21922,"href":"https:\/\/www.zaglebiak.com\/index.php\/wp-json\/wp\/v2\/posts\/21918\/revisions\/21922"}],"wp:featuredmedia":[{"embeddable":true,"href":"https:\/\/www.zaglebiak.com\/index.php\/wp-json\/wp\/v2\/media\/21920"}],"wp:attachment":[{"href":"https:\/\/www.zaglebiak.com\/index.php\/wp-json\/wp\/v2\/media?parent=21918"}],"wp:term":[{"taxonomy":"category","embeddable":true,"href":"https:\/\/www.zaglebiak.com\/index.php\/wp-json\/wp\/v2\/categories?post=21918"},{"taxonomy":"post_tag","embeddable":true,"href":"https:\/\/www.zaglebiak.com\/index.php\/wp-json\/wp\/v2\/tags?post=21918"}],"curies":[{"name":"wp","href":"https:\/\/api.w.org\/{rel}","templated":true}]}}