{"id":21879,"date":"2023-12-08T08:56:52","date_gmt":"2023-12-08T07:56:52","guid":{"rendered":"https:\/\/www.zaglebiak.com\/?p=21879"},"modified":"2023-12-08T08:56:54","modified_gmt":"2023-12-08T07:56:54","slug":"8-grudnia-urodzili-sie-jacek-manuszewski-i-wojciech-blad-3","status":"publish","type":"post","link":"https:\/\/www.zaglebiak.com\/index.php\/2023\/12\/08\/8-grudnia-urodzili-sie-jacek-manuszewski-i-wojciech-blad-3\/","title":{"rendered":"8 grudnia urodzili si\u0119 Jacek Manuszewski i Wojciech B\u0142\u0105d"},"content":{"rendered":"<div class=\"wp-block-image\">\n<figure class=\"aligncenter size-full\"><img loading=\"lazy\" decoding=\"async\" width=\"768\" height=\"920\" src=\"https:\/\/64.media.tumblr.com\/53cfd8f2dcef264e7dd036fd6649b3ac\/ccc83ee02a2b2e3d-0e\/s1280x1920\/584b2e81218173429f7181f5a6ce0b16c79ae533.jpg\" alt=\"\" class=\"wp-image-21874\"\/><figcaption class=\"wp-element-caption\">Jacek Manuszewski<\/figcaption><\/figure>\n<\/div>\n\n\n<p>Jacek Manuszewski urodzi\u0142 si\u0119 8 grudnia 1973 roku w Sk\u00f3rczu. Zaczyna\u0142 w Pogoni Sm\u0119towo. Do Zag\u0142\u0119bia Lubin trafi\u0142 z Pomezanii Malbork. W Zag\u0142\u0119biu Lubin gra\u0142 w latach 1997-2004. Odszed\u0142 do G\u00f3rnika Polkowice.<\/p>\n\n\n<div class=\"wp-block-image\">\n<figure class=\"aligncenter size-full\"><img loading=\"lazy\" decoding=\"async\" width=\"916\" height=\"861\" src=\"https:\/\/64.media.tumblr.com\/80a4b6ee391045cc6541643f9ce5f921\/ccc83ee02a2b2e3d-bf\/s1280x1920\/86cab0eecb56a71e99e3f053a01ddf2c5de879bc.jpg\" alt=\"\" class=\"wp-image-21876\"\/><figcaption class=\"wp-element-caption\">Wojciech B\u0142\u0105d<\/figcaption><\/figure>\n<\/div>\n\n\n<p>Wojciech B\u0142\u0105d urodzi\u0142 si\u0119 8 grudnia 1997 roku we Wroc\u0142awiu. Wychowanek Zag\u0142\u0119bia Lubin, kt\u00f3ry przeszed\u0142 szkolenie od juniora do rezerw. W 2016 roku odszed\u0142 do Unii Szklary G\u00f3rne. Obecnie reprezentuje G\u00f3rnika Lubin. Obro\u0144ca jest bratem Adriana.<\/p>\n","protected":false},"excerpt":{"rendered":"<p>Jacek Manuszewski urodzi\u0142 si\u0119 8 grudnia 1973 roku w Sk\u00f3rczu. Zaczyna\u0142 w Pogoni Sm\u0119towo. Do Zag\u0142\u0119bia Lubin trafi\u0142 z Pomezanii Malbork. W Zag\u0142\u0119biu Lubin gra\u0142 w latach 1997-2004. Odszed\u0142 do&hellip; <\/p>\n","protected":false},"author":1,"featured_media":21872,"comment_status":"open","ping_status":"open","sticky":false,"template":"","format":"standard","meta":{"footnotes":""},"categories":[46],"tags":[1224,1225,89],"class_list":["post-21879","post","type-post","status-publish","format-standard","has-post-thumbnail","hentry","category-aktualnosci","tag-jacek-manuszewski","tag-wojciech-blad","tag-zaglebie-lubin"],"_links":{"self":[{"href":"https:\/\/www.zaglebiak.com\/index.php\/wp-json\/wp\/v2\/posts\/21879","targetHints":{"allow":["GET"]}}],"collection":[{"href":"https:\/\/www.zaglebiak.com\/index.php\/wp-json\/wp\/v2\/posts"}],"about":[{"href":"https:\/\/www.zaglebiak.com\/index.php\/wp-json\/wp\/v2\/types\/post"}],"author":[{"embeddable":true,"href":"https:\/\/www.zaglebiak.com\/index.php\/wp-json\/wp\/v2\/users\/1"}],"replies":[{"embeddable":true,"href":"https:\/\/www.zaglebiak.com\/index.php\/wp-json\/wp\/v2\/comments?post=21879"}],"version-history":[{"count":1,"href":"https:\/\/www.zaglebiak.com\/index.php\/wp-json\/wp\/v2\/posts\/21879\/revisions"}],"predecessor-version":[{"id":21880,"href":"https:\/\/www.zaglebiak.com\/index.php\/wp-json\/wp\/v2\/posts\/21879\/revisions\/21880"}],"wp:featuredmedia":[{"embeddable":true,"href":"https:\/\/www.zaglebiak.com\/index.php\/wp-json\/wp\/v2\/media\/21872"}],"wp:attachment":[{"href":"https:\/\/www.zaglebiak.com\/index.php\/wp-json\/wp\/v2\/media?parent=21879"}],"wp:term":[{"taxonomy":"category","embeddable":true,"href":"https:\/\/www.zaglebiak.com\/index.php\/wp-json\/wp\/v2\/categories?post=21879"},{"taxonomy":"post_tag","embeddable":true,"href":"https:\/\/www.zaglebiak.com\/index.php\/wp-json\/wp\/v2\/tags?post=21879"}],"curies":[{"name":"wp","href":"https:\/\/api.w.org\/{rel}","templated":true}]}}