{"id":21393,"date":"2023-11-08T15:57:00","date_gmt":"2023-11-08T14:57:00","guid":{"rendered":"https:\/\/www.zaglebiak.com\/?p=21393"},"modified":"2023-11-07T19:39:48","modified_gmt":"2023-11-07T18:39:48","slug":"podsumowanie-akcji-miedziowyznicz","status":"publish","type":"post","link":"https:\/\/www.zaglebiak.com\/index.php\/2023\/11\/08\/podsumowanie-akcji-miedziowyznicz\/","title":{"rendered":"Podsumowanie akcji #miedziowyznicz"},"content":{"rendered":"\n<p>Powoli, ma\u0142ymi krokami akcja #miedziowyznicz dobiega ko\u0144ca i jestem Wam winny podsumowanie tego co zrobiono, ile zebrano i jak przebieg\u0142a pierwsza edycja akcji, bo na pewno nie jest ostatni\u0105. B\u0119d\u0119 chcia\u0142 teraz ka\u017cdego roku przed Wszystkimi \u015awi\u0119tymi cyklicznie organizowa\u0107 #miedziowyznicz. <\/p>\n\n\n\n<p>Jak zapewne wielu z Was wie zorganizowa\u0142em zrzutk\u0119. Celem by\u0142o 3000 z\u0142. Kwota w ca\u0142o\u015bci mia\u0142a pokry\u0107 zakup zniczy, wk\u0142ad\u00f3w, vlepek z logiem klubu oraz pokrycie koszt\u00f3w transportu oraz wysy\u0142ki zniczy do ludzi w ca\u0142ej Polsce, kt\u00f3rzy mieli zapali\u0107 znicze na grobach. Zebrano 1545 z\u0142, wi\u0119c lekko ponad po\u0142ow\u0119. <\/p>\n\n\n<div class=\"wp-block-image\">\n<figure class=\"aligncenter size-large\"><img loading=\"lazy\" decoding=\"async\" width=\"610\" height=\"1024\" src=\"https:\/\/www.zaglebiak.com\/wp-content\/uploads\/2023\/11\/Zrzutka-610x1024.jpg\" alt=\"\" class=\"wp-image-21399\" srcset=\"https:\/\/www.zaglebiak.com\/wp-content\/uploads\/2023\/11\/Zrzutka-610x1024.jpg 610w, https:\/\/www.zaglebiak.com\/wp-content\/uploads\/2023\/11\/Zrzutka-179x300.jpg 179w, https:\/\/www.zaglebiak.com\/wp-content\/uploads\/2023\/11\/Zrzutka-768x1289.jpg 768w, https:\/\/www.zaglebiak.com\/wp-content\/uploads\/2023\/11\/Zrzutka-915x1536.jpg 915w, https:\/\/www.zaglebiak.com\/wp-content\/uploads\/2023\/11\/Zrzutka.jpg 1079w\" sizes=\"auto, (max-width: 610px) 100vw, 610px\" \/><\/figure>\n<\/div>\n\n\n<p>Dzi\u0119kuj\u0119 tym 45 osobom, kt\u00f3re uwierzy\u0142y w t\u0105 akcj\u0119 i wspar\u0142y j\u0105 finansowo. Pami\u0119tajcie, \u017ce to dzi\u0119ki Wam na wielu grobach pojawi\u0142y si\u0119 znicze. B\u0105d\u017acie dumni z tego faktu!!!<\/p>\n\n\n\n<p>Zanim za\u0142o\u017cy\u0142em zrzutk\u0119 to wybra\u0142em model znicza-kapliczki i szuka\u0142em mo\u017cliwo\u015bci zakupu u producenta lub w hurtowni \u017ceby ograniczy\u0107 koszty. W mi\u0119dzyczasie Projekty Graficzne-2023 przygotowa\u0142 mi czarny herb na przezroczystym tle, kt\u00f3ry mia\u0142 idealnie si\u0119 skomponowa\u0107 ze zniczem. Dzi\u0119ki wielkie za wsparcie akcji i zrobienie projektu non profit. Jednocze\u015bnie polecam je\u015bli macie jakie\u015b kibicowskie plany projektowe. Poni\u017cej efekt ko\u0144cowy znicza. <\/p>\n\n\n<div class=\"wp-block-image\">\n<figure class=\"aligncenter size-full\"><img loading=\"lazy\" decoding=\"async\" width=\"823\" height=\"1172\" src=\"https:\/\/64.media.tumblr.com\/1af461974862e7417eed57f146e96ea1\/330c29160b5befb5-c3\/s1280x1920\/d008691672267dfe75a1e1d5df651a7564842d4d.jpg\" alt=\"\" class=\"wp-image-21392\"\/><\/figure>\n<\/div>\n\n\n<p>Zam\u00f3wi\u0142em vlepki w ilo\u015bci 200 sztuk, gdyby w razie w zabrak\u0142o lub cz\u0119\u015b\u0107 uleg\u0142a rozdarciu czy innemu technicznemu zniszczeniu. Koszt tych vlepek wraz z dostaw\u0105 to 246 z\u0142. Poni\u017cej screen od producenta.<\/p>\n\n\n<div class=\"wp-block-image\">\n<figure class=\"aligncenter size-full\"><img loading=\"lazy\" decoding=\"async\" width=\"712\" height=\"862\" src=\"https:\/\/www.zaglebiak.com\/wp-content\/uploads\/2023\/11\/Vlepki.jpg\" alt=\"\" class=\"wp-image-21400\" srcset=\"https:\/\/www.zaglebiak.com\/wp-content\/uploads\/2023\/11\/Vlepki.jpg 712w, https:\/\/www.zaglebiak.com\/wp-content\/uploads\/2023\/11\/Vlepki-248x300.jpg 248w\" sizes=\"auto, (max-width: 712px) 100vw, 712px\" \/><\/figure>\n<\/div>\n\n\n<p>Na pocz\u0105tku planowa\u0142em zakup 100 zniczy, ale jak przygotowa\u0142em list\u0119 i sp\u0142ywa\u0142y do mnie informacje o kolejnych osobach to liczba ta zatrzyma\u0142a si\u0119 na 130 zniczach. Niestety nie maj\u0105c wystarczaj\u0105cej kwoty zdecydowa\u0142em, \u017ce pozosta\u0142e brakuj\u0105ce koszty wezm\u0119 na siebie i wtedy otrzyma\u0142em informacj\u0119 od Paw\u0142a Szyndrowskiego, wychowanka Zag\u0142\u0119bia Lubin z rocznika 1969. Po pierwsze zaproponowa\u0142, \u017ce w dobrej cenie za\u0142atwi mi znicze i wk\u0142ady, a po drugie zasponsorowa\u0142 50 kapliczek wraz ze wk\u0142adami. Ten gest pozwoli\u0142 mi dopi\u0105\u0107 akcj\u0119 i odwiedzi\u0107 wszystkie groby, kt\u00f3re zaplanowa\u0142em. Wielki szacunek i czapki z g\u0142\u00f3w!!!<\/p>\n\n\n\n<p>Przygotowa\u0142em r\u00f3wnie\u017c tekst, kt\u00f3ry mia\u0142 zosta\u0107 za\u0142\u0105czony do zniczy przeznaczonych dla by\u0142ych zawodnik\u00f3w, trener\u00f3w i dzia\u0142aczy. Wiadomo, \u017ce listopadowa pogoda jest ju\u017c niepewna, wi\u0119c pomy\u015bla\u0142em, \u017ce najlepszym rozwi\u0105zaniem b\u0119dzie zalaminowanie tekstu. Tutaj znowu pojawi\u0142y si\u0119 dodatkowe koszty i dzi\u0119ki pomocy Krzysztofa R\u0119bilasa i mojego brata Grze\u015bka uda\u0142o si\u0119 pokona\u0107 i t\u0105 przeszkod\u0119. Dzi\u0119ki wielkie ch\u0142opaki. <\/p>\n\n\n<div class=\"wp-block-image\">\n<figure class=\"aligncenter size-large\"><img loading=\"lazy\" decoding=\"async\" width=\"1024\" height=\"682\" src=\"https:\/\/www.zaglebiak.com\/wp-content\/uploads\/2023\/11\/tekst-1024x682.jpg\" alt=\"\" class=\"wp-image-21401\" srcset=\"https:\/\/www.zaglebiak.com\/wp-content\/uploads\/2023\/11\/tekst-1024x682.jpg 1024w, https:\/\/www.zaglebiak.com\/wp-content\/uploads\/2023\/11\/tekst-300x200.jpg 300w, https:\/\/www.zaglebiak.com\/wp-content\/uploads\/2023\/11\/tekst-768x511.jpg 768w, https:\/\/www.zaglebiak.com\/wp-content\/uploads\/2023\/11\/tekst-1536x1022.jpg 1536w, https:\/\/www.zaglebiak.com\/wp-content\/uploads\/2023\/11\/tekst.jpg 2046w\" sizes=\"auto, (max-width: 1024px) 100vw, 1024px\" \/><\/figure>\n<\/div>\n\n\n<p> W po\u0142owie pa\u017adziernika znicze by\u0142y gotowe i czeka\u0142y w magazynie we Wroc\u0142awiu. Pojawi\u0142 si\u0119 problem logistyczny jak je przewie\u017a\u0107, bo do auta osobowego nie by\u0142o szans \u017ceby si\u0119 zmie\u015bci\u0142y. Jak to bywa w takich sytuacjach z nieba spad\u0142 mi Adam Pytlarz, kt\u00f3ry zaoferowa\u0142 mi pomoc w transporcie. Oczywi\u015bcie Adam nie by\u0142by sob\u0105 gdyby nie wywin\u0105\u0142 mi numeru, w tym pozytywnym znaczeniu i koszty transportu wzi\u0105\u0142 na swoje barki i osobi\u015bcie ze mn\u0105 pojecha\u0142 odebra\u0107 znicze.  Ada\u015b ogromny szacunek, \u017ce zawsze na Ciebie mog\u0119 liczy\u0107!!!<\/p>\n\n\n\n<p>Maj\u0105c wszystko ju\u017c na miejscu ruszy\u0142a domowa akcja oklejania zniczy, pakowania i dzielenia ich, kt\u00f3re gdzie maj\u0105 trafi\u0107. Kilkana\u015bcie zniczy trzeba by\u0142o wys\u0142a\u0107. Cz\u0119\u015b\u0107 zosta\u0142a odebrana osobi\u015bcie, a cz\u0119\u015b\u0107 podrzuci\u0142em osobom w okolicy, aby wybieraj\u0105c si\u0119 na wskazane cmentarze zapali\u0142y znicze. W tym miejscu chcia\u0142bym podzi\u0119kowa\u0107 Stowarzyszeniu Zag\u0142\u0119bie Fanatyk\u00f3w, kibicom z FC i grup, kt\u00f3rzy pomogli rozwie\u017a\u0107 i zapali\u0107 znicze u zmar\u0142ych kibic\u00f3w i wybranych os\u00f3b zwi\u0105zanych z Zag\u0142\u0119biem Lubin. Podzi\u0119kowania dla kibic\u00f3w innych dru\u017cyn, kt\u00f3rzy ch\u0119tnie ruszyli mi z pomoc\u0105 przy grobach rozsianych po ca\u0142ej Polsce. Osobne podzi\u0119kowania dla bliskich i rodzin zmar\u0142ych, kt\u00f3rzy w odleg\u0142e zak\u0105tki Polski zabrali ze sob\u0105 znicz i zapalili go w tym szczeg\u00f3lnym dniu na grobach swoich bliskich. Podzi\u0119kowania r\u00f3wnie\u017c dla Mariusza Babicza, kt\u00f3ry wsp\u00f3lnie ze mn\u0105 odwiedzi\u0142 kilkadziesi\u0105t grob\u00f3w na cmentarzach w Lubinie i Oborze. <\/p>\n\n\n\n<p>\u017beby logistycznie si\u0119 wyrobi\u0107 z rozwiezieniem pozosta\u0142ych zniczy wykorzysta\u0142em tygodniowy urlop oraz delegacje z pracy, kt\u00f3re pozwoli\u0142y mi dostarczy\u0107 znicze na nast\u0119puj\u0105ce cmentarze: Brzeg, O\u0142awa, cztery cmentarze we Wroc\u0142awiu, Legnica, Z\u0142otoryja, Boles\u0142awiec, Warta Boles\u0142awiecka, Lipiny, Chocian\u00f3w, Polkowice, Lubin, Obora i Szczecin. <\/p>\n\n\n\n<p>Akcja ta by\u0142a dla mnie spor\u0105 nauk\u0105. Organizacyjnie i logistycznie trzeba by\u0142o ogarn\u0105\u0107 wiele rzeczy, kt\u00f3re wychodzi\u0142y w praniu, ale dzi\u0119ki dobrym ludziom i pomocy wielu os\u00f3b uda\u0142o si\u0119 dopi\u0105\u0107 wszystko na ostatni guzik. W przysz\u0142ym roku b\u0119d\u0119 m\u0105drzejszy w wielu aspektach. <\/p>\n\n\n\n<p>\u017beby nie by\u0107 go\u0142os\u0142ownym obieca\u0142em wszystkim wspieraj\u0105cym zrzutk\u0119, \u017ce przedstawi\u0119 wszystkie koszty, a prezentowa\u0142y si\u0119 one nast\u0119puj\u0105co:<\/p>\n\n\n\n<p>Zakup 82 zniczy z wk\u0142adami &#8211; <strong>1200 z\u0142<\/strong><\/p>\n\n\n\n<p>Vlepki 200 sztuk &#8211; <strong>246 z\u0142<\/strong><\/p>\n\n\n\n<p>Wys\u0142ane paczki ze zniczami 10 sztuk &#8211; <strong>190 z\u0142<\/strong><\/p>\n\n\n\n<p>Razem: <strong>1636 z\u0142<\/strong><\/p>\n\n\n\n<p>Pozosta\u0142e koszty i wsparcie, o kt\u00f3rym pisa\u0142em wy\u017cej:<\/p>\n\n\n\n<p>50 zniczy &#8211; 600 z\u0142<\/p>\n\n\n\n<p>50 wk\u0142ad\u00f3w &#8211; 150 z\u0142<\/p>\n\n\n\n<p>projekt vlepki<\/p>\n\n\n\n<p>transport zniczy z Wroc\u0142awia do Polkowic<\/p>\n\n\n\n<p>zalaminowanie 150 sztuk tekstu<\/p>\n\n\n\n<p>koszty przejazd\u00f3w na nast\u0119puj\u0105ce cmentarze: Brzeg, O\u0142awa, cztery cmentarze we Wroc\u0142awiu, Legnica, Z\u0142otoryja, Boles\u0142awiec, Warta Boles\u0142awiecka, Lipiny, Chocian\u00f3w, Polkowice, Lubin, Obora i Szczecin. <\/p>\n\n\n\n<p>Jeszcze raz serdecznie dzi\u0119kuj\u0119 ka\u017cdemu kto dokona\u0142 wp\u0142aty, zg\u0142osi\u0142 si\u0119 do rozwiezienia\/roznoszenia zniczy czy pom\u00f3g\u0142 w nag\u0142o\u015bnieniu akcji udost\u0119pniaj\u0105c informacj\u0119 na r\u00f3\u017cnych social mediach i lokalnych serwisach. <\/p>\n\n\n\n<p>A teraz chcia\u0142bym podzieli\u0107 si\u0119 z Wami tym co najlepsze w tej akcji, czyli odzewem wielu os\u00f3b, kt\u00f3re napisa\u0142y do mnie maile, smsy czy zadzwoni\u0142y. Podzi\u0119kowa\u0142y nam wszystkim za oddanie szacunku i ho\u0142du zmar\u0142ym, kt\u00f3rzy przez pokolenia tworzyli nasz ukochany klub. By\u0142y \u0142zy wzruszenia, cudowne opowie\u015bci o tacie, m\u0119\u017cu, bracie, dziadku czy wujku. Dzi\u0119ki tym kontaktom powstanie wiele biogram\u00f3w i nowych materia\u0142\u00f3w dotycz\u0105cej naszej klubowej historii, a w szczeg\u00f3lno\u015bci b\u0119d\u0119 mia\u0142 okazj\u0119 upami\u0119tni\u0107 te osoby. Chcia\u0142bym odda\u0107 Wam to w s\u0142owach i chyba najlepsze b\u0119d\u0105 te, kt\u00f3re ju\u017c cytowa\u0142em na twitterze: &#8222;M\u00f3j ojciec do ko\u0144ca \u017cycia by\u0142 dumny, \u017ce gra\u0142 w Zag\u0142\u0119biu&#8221; I tym puentuje ca\u0142\u0105 akcj\u0119. Zag\u0142\u0119biaku b\u0105d\u017a dumnym kibicem i szanuj histori\u0119 i pokolenia, kt\u00f3re tworzy\u0142y ten klub i by\u0142y przed Tob\u0105!!!<\/p>\n\n\n\n<p> <\/p>\n","protected":false},"excerpt":{"rendered":"<p>Powoli, ma\u0142ymi krokami akcja #miedziowyznicz dobiega ko\u0144ca i jestem Wam winny podsumowanie tego co zrobiono, ile zebrano i jak przebieg\u0142a pierwsza edycja akcji, bo na pewno nie jest ostatni\u0105. B\u0119d\u0119&hellip; <\/p>\n","protected":false},"author":1,"featured_media":21388,"comment_status":"open","ping_status":"open","sticky":false,"template":"","format":"standard","meta":{"footnotes":""},"categories":[46],"tags":[1974,1884,1978,1977,366,460,1976,1157],"class_list":["post-21393","post","type-post","status-publish","format-standard","has-post-thumbnail","hentry","category-aktualnosci","tag-miedziowyznicz","tag-adam-pytlarz","tag-grzegorz-kostka","tag-krzysztof-rebilas","tag-mariusz-babicz","tag-pawel-szyndrowski","tag-projekty-graficzne-2023","tag-wszystkich-swietych"],"_links":{"self":[{"href":"https:\/\/www.zaglebiak.com\/index.php\/wp-json\/wp\/v2\/posts\/21393","targetHints":{"allow":["GET"]}}],"collection":[{"href":"https:\/\/www.zaglebiak.com\/index.php\/wp-json\/wp\/v2\/posts"}],"about":[{"href":"https:\/\/www.zaglebiak.com\/index.php\/wp-json\/wp\/v2\/types\/post"}],"author":[{"embeddable":true,"href":"https:\/\/www.zaglebiak.com\/index.php\/wp-json\/wp\/v2\/users\/1"}],"replies":[{"embeddable":true,"href":"https:\/\/www.zaglebiak.com\/index.php\/wp-json\/wp\/v2\/comments?post=21393"}],"version-history":[{"count":2,"href":"https:\/\/www.zaglebiak.com\/index.php\/wp-json\/wp\/v2\/posts\/21393\/revisions"}],"predecessor-version":[{"id":21402,"href":"https:\/\/www.zaglebiak.com\/index.php\/wp-json\/wp\/v2\/posts\/21393\/revisions\/21402"}],"wp:featuredmedia":[{"embeddable":true,"href":"https:\/\/www.zaglebiak.com\/index.php\/wp-json\/wp\/v2\/media\/21388"}],"wp:attachment":[{"href":"https:\/\/www.zaglebiak.com\/index.php\/wp-json\/wp\/v2\/media?parent=21393"}],"wp:term":[{"taxonomy":"category","embeddable":true,"href":"https:\/\/www.zaglebiak.com\/index.php\/wp-json\/wp\/v2\/categories?post=21393"},{"taxonomy":"post_tag","embeddable":true,"href":"https:\/\/www.zaglebiak.com\/index.php\/wp-json\/wp\/v2\/tags?post=21393"}],"curies":[{"name":"wp","href":"https:\/\/api.w.org\/{rel}","templated":true}]}}