{"id":20751,"date":"2023-09-19T12:59:06","date_gmt":"2023-09-19T10:59:06","guid":{"rendered":"https:\/\/www.zaglebiak.com\/?p=20751"},"modified":"2023-09-19T12:59:08","modified_gmt":"2023-09-19T10:59:08","slug":"19-wrzesnia-urodzili-sie-marian-putyra-zenon-trzonkowski-marcin-kucharski-i-szymon-czajor-2","status":"publish","type":"post","link":"https:\/\/www.zaglebiak.com\/index.php\/2023\/09\/19\/19-wrzesnia-urodzili-sie-marian-putyra-zenon-trzonkowski-marcin-kucharski-i-szymon-czajor-2\/","title":{"rendered":"19 wrze\u015bnia urodzili si\u0119 Marian Putyra, Zenon Trzonkowski, Marcin Kucharski i Szymon Czajor"},"content":{"rendered":"<div class=\"wp-block-image\">\n<figure class=\"aligncenter size-full\"><img loading=\"lazy\" decoding=\"async\" width=\"1817\" height=\"2780\" src=\"https:\/\/64.media.tumblr.com\/02b0dc8cfa3921dece7532448a1c5a66\/ea4f4056a5a48bd3-86\/s2048x3072\/8f0bc55a229542c2eea328a8792d32156d91be7b.jpg\" alt=\"\" class=\"wp-image-20748\"\/><figcaption class=\"wp-element-caption\">Marian Putyra. Fot. Jerzy Kosi\u0144ski<\/figcaption><\/figure>\n<\/div>\n\n\n<p>Marian Putyra urodzi\u0142 si\u0119 19 wrze\u015bnia 1957 roku w Lubinie. By\u0142y zawodnik i p\u00f3\u017aniejszy trener. W Zag\u0142\u0119biu Lubin zaczynam od prowadzenie dru\u017cyn juniorskich, z kt\u00f3rymi \u015bwi\u0119ci\u0142 sukcesy. Nast\u0119pnie 25 pa\u017adziernika 1990 roku przej\u0105\u0142 pierwsz\u0105 dru\u017cyn\u0119 Zag\u0142\u0119bia po Stanis\u0142awie \u015awierku. W 1991 roku zdoby\u0142 z lubi\u0144sk\u0105 dru\u017cyn\u0105 pierwsze w historii mistrzostwo Polski. W Zag\u0142\u0119biu pracowa\u0142 do 1992 roku. By\u0142 r\u00f3wnie\u017c szkoleniowcem G\u00f3rnika Polkowice, Miedzi Legnica, \u015al\u0105ska Wroc\u0142aw, Polaru Wroc\u0142aw i Polonii S\u0142ubice.<\/p>\n\n\n<div class=\"wp-block-image\">\n<figure class=\"aligncenter size-full\"><img loading=\"lazy\" decoding=\"async\" width=\"423\" height=\"584\" src=\"https:\/\/64.media.tumblr.com\/f41745599126a05d9f010794ef37461f\/ea4f4056a5a48bd3-a7\/s500x750\/fee54f7385d3b98decc23bd4c90ebcfb561b9221.jpg\" alt=\"\" class=\"wp-image-20744\"\/><figcaption class=\"wp-element-caption\">Zenon Trzonkowski. Ze zbior\u00f3w Krzysztofa Mielczarka<\/figcaption><\/figure>\n<\/div>\n\n\n<p>Zenon Trzonkowski urodzi\u0142 si\u0119 19 wrze\u015bnia 1957 roku w Brzegu. Wychowanek Stali Brzeg w 1977 roku przeszed\u0142 do \u015al\u0105ska Wroc\u0142aw. Z wroc\u0142awsk\u0105 dru\u017cyn\u0105 zdoby\u0142 wicemistrzostwo Polski i rozegra\u0142 34 spotkania w pierwszej lidze. Obro\u0144ca gra\u0142 w Zag\u0142\u0119biu Lubin w latach 1982-1983. W 1983 roku z powodu kontuzji kolana zako\u0144czy\u0142 karier\u0119 pi\u0142karsk\u0105. Rozbrat z pi\u0142k\u0105 trwa\u0142 kr\u00f3tko, bo ju\u017c latem 1983 roku zosta\u0142 trenerem junior\u00f3w \u015al\u0105ska Wroc\u0142aw, a rok p\u00f3\u017aniej obj\u0105\u0142 rezerwy klubu, z kt\u00f3rymi w 1985 roku awansowa\u0142 do 3 ligi. Prowadzi\u0142 r\u00f3wnie\u017c Odr\u0119 Opol\u0119 i BTP Brzeg, kt\u00f3rego by\u0142 r\u00f3wnie\u017c prezesem. Zmar\u0142 17 listopada 2021 roku w Opolu.<\/p>\n\n\n<div class=\"wp-block-image\">\n<figure class=\"aligncenter size-full is-resized\"><img loading=\"lazy\" decoding=\"async\" src=\"https:\/\/64.media.tumblr.com\/bb8893464cbec0e39f5aa1eb4a695209\/ea4f4056a5a48bd3-3b\/s400x600\/c14791f3143dc1f35fb13aeca8299792d5f0280f.jpg\" alt=\"\" class=\"wp-image-20750\" style=\"width:506px;height:427px\" width=\"506\" height=\"427\"\/><figcaption class=\"wp-element-caption\">Marcin Kucharski. Fot. fb<\/figcaption><\/figure>\n<\/div>\n\n\n<p>Marcin Kucharski urodzi\u0142 si\u0119 19 wrze\u015bnia 1975 roku. Reprezentowa\u0142 dru\u017cyny m\u0142odzie\u017cowe oraz by\u0142 w kadrze pierwszej dru\u017cyny Zag\u0142\u0119bia Lubin.<\/p>\n\n\n<div class=\"wp-block-image\">\n<figure class=\"aligncenter size-full is-resized\"><img loading=\"lazy\" decoding=\"async\" src=\"https:\/\/64.media.tumblr.com\/5eccd0000a121e52e4a9bf907392f0ed\/ea4f4056a5a48bd3-77\/s250x400\/d211555ba145c332e54f66bc432fe31c420ed5db.jpg\" alt=\"\" class=\"wp-image-20742\" style=\"width:339px;height:415px\" width=\"339\" height=\"415\"\/><figcaption class=\"wp-element-caption\">Szymon Czajor. Fot. zaglebie.com<\/figcaption><\/figure>\n<\/div>\n\n\n<p>Szymon Czajor urodzi\u0142 si\u0119 19 wrze\u015bnia 2001 roku w Poznaniu. Karier\u0119 zaczyna\u0142 w Warcie Pozna\u0144. Bramkarz reprezentowa\u0142 dru\u017cyny juniorskie i rezerwy Zag\u0142\u0119bia Lubin w latach 2014-2019. Obecnie jest zawodnikiem Stilonu Gorz\u00f3w Wlkp.<\/p>\n","protected":false},"excerpt":{"rendered":"<p>Marian Putyra urodzi\u0142 si\u0119 19 wrze\u015bnia 1957 roku w Lubinie. By\u0142y zawodnik i p\u00f3\u017aniejszy trener. W Zag\u0142\u0119biu Lubin zaczynam od prowadzenie dru\u017cyn juniorskich, z kt\u00f3rymi \u015bwi\u0119ci\u0142 sukcesy. Nast\u0119pnie 25 pa\u017adziernika&hellip; <\/p>\n","protected":false},"author":1,"featured_media":20746,"comment_status":"open","ping_status":"open","sticky":false,"template":"","format":"standard","meta":{"footnotes":""},"categories":[46],"tags":[475,886,1086,89,1085],"class_list":["post-20751","post","type-post","status-publish","format-standard","has-post-thumbnail","hentry","category-aktualnosci","tag-marcin-kucharski","tag-marian-putyra","tag-szymon-czajor","tag-zaglebie-lubin","tag-zenon-trzonkowski"],"_links":{"self":[{"href":"https:\/\/www.zaglebiak.com\/index.php\/wp-json\/wp\/v2\/posts\/20751","targetHints":{"allow":["GET"]}}],"collection":[{"href":"https:\/\/www.zaglebiak.com\/index.php\/wp-json\/wp\/v2\/posts"}],"about":[{"href":"https:\/\/www.zaglebiak.com\/index.php\/wp-json\/wp\/v2\/types\/post"}],"author":[{"embeddable":true,"href":"https:\/\/www.zaglebiak.com\/index.php\/wp-json\/wp\/v2\/users\/1"}],"replies":[{"embeddable":true,"href":"https:\/\/www.zaglebiak.com\/index.php\/wp-json\/wp\/v2\/comments?post=20751"}],"version-history":[{"count":1,"href":"https:\/\/www.zaglebiak.com\/index.php\/wp-json\/wp\/v2\/posts\/20751\/revisions"}],"predecessor-version":[{"id":20752,"href":"https:\/\/www.zaglebiak.com\/index.php\/wp-json\/wp\/v2\/posts\/20751\/revisions\/20752"}],"wp:featuredmedia":[{"embeddable":true,"href":"https:\/\/www.zaglebiak.com\/index.php\/wp-json\/wp\/v2\/media\/20746"}],"wp:attachment":[{"href":"https:\/\/www.zaglebiak.com\/index.php\/wp-json\/wp\/v2\/media?parent=20751"}],"wp:term":[{"taxonomy":"category","embeddable":true,"href":"https:\/\/www.zaglebiak.com\/index.php\/wp-json\/wp\/v2\/categories?post=20751"},{"taxonomy":"post_tag","embeddable":true,"href":"https:\/\/www.zaglebiak.com\/index.php\/wp-json\/wp\/v2\/tags?post=20751"}],"curies":[{"name":"wp","href":"https:\/\/api.w.org\/{rel}","templated":true}]}}