{"id":20600,"date":"2023-09-07T13:22:32","date_gmt":"2023-09-07T11:22:32","guid":{"rendered":"https:\/\/www.zaglebiak.com\/?p=20600"},"modified":"2023-09-07T13:47:22","modified_gmt":"2023-09-07T11:47:22","slug":"pilka-nozna-i-las-dokad-to-wszystko-zaprowadzi-nas","status":"publish","type":"post","link":"https:\/\/www.zaglebiak.com\/index.php\/2023\/09\/07\/pilka-nozna-i-las-dokad-to-wszystko-zaprowadzi-nas\/","title":{"rendered":"Pi\u0142ka no\u017cna i las, dok\u0105d to wszystko zaprowadzi nas?"},"content":{"rendered":"\n<p>Raz, dwa, trzy za siebie, wracamy! Pierwsza przerwa w rozgrywkach, koniec transfer\u00f3w, Zag\u0142\u0119bie na 3. pozycji w lidze, rekord frekwencji, mo\u017cna pokusi\u0107 si\u0119 o pierwsze m\u0105dro\u015bci, tym bardziej, \u017ce ju\u017c kilka razy byli\u015bmy wywo\u0142ywani do tablicy. Bardziej do podzielenia si\u0119 przemy\u015bleniami sk\u0142onili nas jednak koledzy po szalu, kt\u00f3rych zdanie cenimy i z kt\u00f3rymi rozmawiamy o naszym klubie. <\/p>\n\n\n\n<p>Powoli dobiega czas Micha\u0142a Kielana w klubie, ko\u0144czy si\u0119 jego blisko dwuletnia kadencja, naznaczona g\u0142\u00f3wnie obietnicami. Prezes odejdzie zanim rusz\u0105 te wszystkie inwestycje? Prawdopodobnie tak, wszystko jednak zale\u017ca\u0142o b\u0119dzie od w\u0142a\u015bcicielskich decyzji. Dzi\u015b mo\u017cemy powiedzie\u0107, \u017ce najwi\u0119kszym sukcesem ale i sytuacj\u0105, kt\u00f3ra obna\u017cy\u0142a dotychczasowe malkontenctwo decydent\u00f3w i specjalist\u00f3w zatrudnionych w klubie, jest wyprzedanie wszystkich miejsc na mecz ligowy. Da\u0142o si\u0119, brawo! Oczywi\u015bcie nieprzypadkowo uda\u0142o si\u0119 tego dokona\u0107 podczas meczu z Lechem Pozna\u0144 i kibice rywali r\u00f3wnie\u017c do tego si\u0119 przyczynili. Klub jednak wykona\u0142 pewne dzia\u0142ania, kt\u00f3re pozwoli\u0142y osi\u0105gn\u0105\u0107 rekord frekwencji. Dzi\u015b pytamy: dlaczego wi\u0119kszo\u015b\u0107 spotka\u0144 nie jest tak nakr\u0119cana, dlaczego nie walczy si\u0119 o tego kibica regularnie, tylko na wybrane mecze?! Praktycznie nie s\u0142yszeli\u015bmy o meczu z Niepo\u0142omicami\u2026 Wracaj\u0105c do zapowiadanych inwestycji, skoro potwierdzi\u0142 je KGHM, to wierzymy w ich sukcesywne urzeczywistnianie. Cho\u0107 podejrzewamy, \u017ce zaawansowanie prac czy zabezpieczenie \u015brodk\u00f3w na ich realizacj\u0119 jest na nieco innym etapie, ni\u017c zapewnia\u0142 prezes na przedsezonowej konferencji, to o rozbudowie centrum treningowego m\u00f3wili ju\u017c powa\u017cniejsi ludzie, wi\u0119c zmierza ku dobremu! <\/p>\n\n\n\n<p>Obecnie Zag\u0142\u0119bie plasuje si\u0119 na 3. pozycji w ligowej tabeli, kolejne brawa z naszej strony, jednak\u017ce uwa\u017camy ten wynik ponad stan i realnie patrze\u0107 to sk\u0142ad, jaki do dyspozycji ma obecnie trener Fornalik uprawnia go raczej do walki o miejsca od 5-10. P\u00f3ki co nie mamy lidera \u015brodka pola, obrona dalej gra poni\u017cej oczekiwa\u0144, dru\u017cyna nie ma przyw\u00f3dcy. Obecne miejsce na podium to efekt falstartu w wykonaniu kilku potencjalnie mocniejszych rywali, wa\u017cne \u017ce punktujemy, niestety mecze z Cracovi\u0105 i Koron\u0105 obna\u017cy\u0142y pewne bol\u0105czki. Pojawi\u0142y si\u0119 te\u017c urazy, a z samego klubu dochodz\u0105 do kibic\u00f3w g\u0142osy, \u017ce ich cz\u0119stotliwo\u015b\u0107 to efekt pracy pi\u0142karzy z trenerem Leszkiem Dyj\u0105\u2026 Ciekawa teza, wszak ten szkoleniowiec nale\u017cy do grona najbardziej zaufanych ludzi Waldemara Fornalika, panowie od lat ze sob\u0105 wsp\u00f3\u0142pracuj\u0105. <\/p>\n\n\n\n<p>Niedawno zn\u00f3w wspominali\u015bmy zbrodni\u0119 lubi\u0144sk\u0105 z roku 1982, tym razem nie przygotowano \u017cadnych specjalnych koszulek, ani meczowych, ani dla kibic\u00f3w (cho\u0107 te sprzed roku wzbudzi\u0142y sporo kontrowersji). Mamy wra\u017cenie, \u017ce og\u00f3lnie klub mniej zaanga\u017cowa\u0142 si\u0119 w same obchody, c\u00f3\u017c taki wyb\u00f3r decydent\u00f3w. <\/p>\n\n\n\n<p>Od 1 wrze\u015bnia nie pracuje w klubie rzeczniczka Angelika K\u0142os, kilka miesi\u0119cy temu wspominali\u015bmy o tym odej\u015bciu. R\u00f3\u017cnie si\u0119 to wszystko uk\u0142ada\u0142o, dostali\u015bmy kilka informacji, na temat warunk\u00f3w jej pracy, pewne kwestie zrozumieli\u015bmy, z innymi si\u0119 nigdy nie zgodzimy. Nast\u0119pczyni czeka ju\u017c w blokach, realizuje wa\u017cne tematy zwi\u0105zane z kampani\u0105 jednego z polityk\u00f3w z regionu. Praca w Zag\u0142\u0119biu ma by\u0107 form\u0105 nagrody za zaanga\u017cowanie, cho\u0107 mo\u017ce si\u0119 w perspektywie okaza\u0107 wilcz\u0105 przys\u0142ug\u0105, bo wywo\u0142ywana pani o pi\u0142ce nie ma bladego poj\u0119cia. Wcze\u015bniej by\u0142y lasy, puszcze czy knieje\u2026 dobra, czekamy. <\/p>\n\n\n\n<p>Temat naj\u015bwie\u017cszy to wczorajszy sparing w Dzier\u017coniowie. W otwarciu stadionu udzia\u0142 wzi\u0119\u0142o w\u0142a\u015bnie nasze Zag\u0142\u0119bie, klub odwiedzi\u0142 miasteczko, kt\u00f3re sympatyzuje z Ruchem Chorz\u00f3w, niestety nadal nie znajduje czasu, by przyje\u017cd\u017ca\u0107 do miejscowo\u015bci fanklubowych. Druga sprawa, to dlaczego nie dano zagra\u0107 w tym spotkaniu Jarkowi Jachowi, ch\u0142opakowi wychowanemu w tym klubie i w okolicy. My\u015blimy, \u017ce to by\u0142aby mi\u0142a chwila i dla Jarka i dla kibic\u00f3w z Dzier\u017coniowa. S\u0142abe to\u2026 Wiele m\u00f3wi\u0142o si\u0119 o wznowieniu wsp\u00f3\u0142pracy, a okazuje si\u0119, \u017ce to zn\u00f3w tylko pi\u0119kne deklaracje. <\/p>\n\n\n\n<p>W ostatnich dniach wielu koleg\u00f3w po szalu grzmi dlaczego mecze reprezentacji m\u0142odzie\u017cowych nie odbywaj\u0105 si\u0119 w Lubinie, a np. 11 wrze\u015bnia taki mecz b\u0119dzie w Legnicy. Zada\u0107 sobie trzeba pytanie dlaczego klub odrzuca takie propozycje? Dla jednych os\u00f3b to jest presti\u017c i wyr\u00f3\u017cnienie, a dla innych problem. My\u015bl\u0119, \u017ce wielu m\u0142odych reprezentant\u00f3w, kt\u00f3rych mamy w akademii z ch\u0119ci\u0105 zagra\u0142o by z orze\u0142kiem na piersi na lubi\u0144skim obiekcie, a logo czy materia\u0142y z przysz\u0142ej KGHM Arena dobrze prezentowa\u0142y by si\u0119 w mediach. Z drugiej strony czego wymaga\u0107 od ludzi, kt\u00f3rzy maj\u0105 problemy z organizacj\u0105 treningu dla kadry. <\/p>\n\n\n\n<p>Na pierwszy raz to tyle, w perspektywie chcemy poruszy\u0107 temat odpalonego Jacha, kt\u00f3ry nie wydaje si\u0119 s\u0142abszy od Nalepy. Og\u00f3lnie odniesiemy si\u0119 do transfer\u00f3w, wp\u0142ywu nowych zawodnik\u00f3w na poziom sportowy naszej dru\u017cyny, co\u015b te\u017c us\u0142yszeli\u015bmy o ga\u017cach, na jakie kilku zawodnik\u00f3w mo\u017ce liczy\u0107. Troch\u0119 si\u0119 wyspokoili\u015bmy, na urlopie i dzi\u015b nie by\u0142o \u015bmieszkowania, mo\u017ce zmienimy retoryk\u0119 na powa\u017cniejsz\u0105, jak koledzy od roso\u0142ku u prezesa <img loading=\"lazy\" decoding=\"async\" width=\"16\" height=\"16\" src=\"https:\/\/static.xx.fbcdn.net\/images\/emoji.php\/v9\/t4c\/1\/16\/1f642.png\" alt=\"\ud83d\ude42\"> Jak wolicie? <\/p>\n\n\n<div class=\"wp-block-image\">\n<figure class=\"aligncenter size-full\"><img loading=\"lazy\" decoding=\"async\" width=\"540\" height=\"720\" src=\"https:\/\/64.media.tumblr.com\/a48c2c960382de200c7e4c5a02b57fdd\/1f0307e21729ad23-1b\/s540x810\/b06773050d1f61e52b3aa7da77f3eb53ca9f2acc.jpg\" alt=\"\" class=\"wp-image-17007\"\/><figcaption class=\"wp-element-caption\">Fot. Micha\u0142 Kielan<\/figcaption><\/figure>\n<\/div>\n\n\n<p class=\"has-text-align-center\"><strong>Pysznej kawusi!!!<\/strong><\/p>\n","protected":false},"excerpt":{"rendered":"<p>Raz, dwa, trzy za siebie, wracamy! Pierwsza przerwa w rozgrywkach, koniec transfer\u00f3w, Zag\u0142\u0119bie na 3. pozycji w lidze, rekord frekwencji, mo\u017cna pokusi\u0107 si\u0119 o pierwsze m\u0105dro\u015bci, tym bardziej, \u017ce ju\u017c&hellip; <\/p>\n","protected":false},"author":11,"featured_media":17007,"comment_status":"open","ping_status":"open","sticky":false,"template":"","format":"standard","meta":{"footnotes":""},"categories":[7],"tags":[1929,417,1184,783,1102,89,1930],"class_list":["post-20600","post","type-post","status-publish","format-standard","has-post-thumbnail","hentry","category-felietony","tag-inwestycje","tag-jaroslaw-jach","tag-kghm","tag-lechia-dzierzoniow","tag-michal-kielan","tag-zaglebie-lubin","tag-zbrodnia-lubinska"],"_links":{"self":[{"href":"https:\/\/www.zaglebiak.com\/index.php\/wp-json\/wp\/v2\/posts\/20600","targetHints":{"allow":["GET"]}}],"collection":[{"href":"https:\/\/www.zaglebiak.com\/index.php\/wp-json\/wp\/v2\/posts"}],"about":[{"href":"https:\/\/www.zaglebiak.com\/index.php\/wp-json\/wp\/v2\/types\/post"}],"author":[{"embeddable":true,"href":"https:\/\/www.zaglebiak.com\/index.php\/wp-json\/wp\/v2\/users\/11"}],"replies":[{"embeddable":true,"href":"https:\/\/www.zaglebiak.com\/index.php\/wp-json\/wp\/v2\/comments?post=20600"}],"version-history":[{"count":2,"href":"https:\/\/www.zaglebiak.com\/index.php\/wp-json\/wp\/v2\/posts\/20600\/revisions"}],"predecessor-version":[{"id":20603,"href":"https:\/\/www.zaglebiak.com\/index.php\/wp-json\/wp\/v2\/posts\/20600\/revisions\/20603"}],"wp:featuredmedia":[{"embeddable":true,"href":"https:\/\/www.zaglebiak.com\/index.php\/wp-json\/wp\/v2\/media\/17007"}],"wp:attachment":[{"href":"https:\/\/www.zaglebiak.com\/index.php\/wp-json\/wp\/v2\/media?parent=20600"}],"wp:term":[{"taxonomy":"category","embeddable":true,"href":"https:\/\/www.zaglebiak.com\/index.php\/wp-json\/wp\/v2\/categories?post=20600"},{"taxonomy":"post_tag","embeddable":true,"href":"https:\/\/www.zaglebiak.com\/index.php\/wp-json\/wp\/v2\/tags?post=20600"}],"curies":[{"name":"wp","href":"https:\/\/api.w.org\/{rel}","templated":true}]}}