{"id":20567,"date":"2023-09-01T10:06:36","date_gmt":"2023-09-01T08:06:36","guid":{"rendered":"https:\/\/www.zaglebiak.com\/?p=20567"},"modified":"2023-09-03T10:10:36","modified_gmt":"2023-09-03T08:10:36","slug":"angelika-klos-nie-jest-juz-rzeczniczka-zaglebia-lubin","status":"publish","type":"post","link":"https:\/\/www.zaglebiak.com\/index.php\/2023\/09\/01\/angelika-klos-nie-jest-juz-rzeczniczka-zaglebia-lubin\/","title":{"rendered":"Angelika K\u0142os nie jest ju\u017c rzeczniczk\u0105 Zag\u0142\u0119bia Lubin."},"content":{"rendered":"<div class=\"wp-block-image\">\n<figure class=\"aligncenter size-full\"><img loading=\"lazy\" decoding=\"async\" width=\"540\" height=\"647\" src=\"https:\/\/64.media.tumblr.com\/a1e42f0b266c02c0d0d11904248846fa\/212595554fee375c-4e\/s540x810\/69591b0f1d1668935d7d8d516cd9093f9e965f34.jpg\" alt=\"\" class=\"wp-image-20566\"\/><figcaption class=\"wp-element-caption\">Angelika K\u0142os. Fot. zaglebie.com<\/figcaption><\/figure>\n<\/div>\n\n\n<p>Z dniem 31 sierpnia Angelika K\u0142os zako\u0144czy\u0142a prac\u0119 w Zag\u0142\u0119biu Lubin na stanowisku rzeczniczki klubu. By\u0142a zwi\u0105zana z Biurem Prasowym Zag\u0142\u0119bia od 2019 r. Pe\u0142ni\u0142a r\u00f3wnie\u017c funkcj\u0119 G\u0142\u00f3wnego Specjalisty ds. Marketingu i PR, a wcze\u015bniej odpowiada\u0142a za wizerunek Akademii Pi\u0142karskiej KGHM Zag\u0142\u0119bie.<\/p>\n","protected":false},"excerpt":{"rendered":"<p>Z dniem 31 sierpnia Angelika K\u0142os zako\u0144czy\u0142a prac\u0119 w Zag\u0142\u0119biu Lubin na stanowisku rzeczniczki klubu. By\u0142a zwi\u0105zana z Biurem Prasowym Zag\u0142\u0119bia od 2019 r. Pe\u0142ni\u0142a r\u00f3wnie\u017c funkcj\u0119 G\u0142\u00f3wnego Specjalisty ds.&hellip; <\/p>\n","protected":false},"author":1,"featured_media":20566,"comment_status":"open","ping_status":"open","sticky":false,"template":"","format":"standard","meta":{"footnotes":""},"categories":[46],"tags":[586,89],"class_list":["post-20567","post","type-post","status-publish","format-standard","has-post-thumbnail","hentry","category-aktualnosci","tag-angelika-klos","tag-zaglebie-lubin"],"_links":{"self":[{"href":"https:\/\/www.zaglebiak.com\/index.php\/wp-json\/wp\/v2\/posts\/20567","targetHints":{"allow":["GET"]}}],"collection":[{"href":"https:\/\/www.zaglebiak.com\/index.php\/wp-json\/wp\/v2\/posts"}],"about":[{"href":"https:\/\/www.zaglebiak.com\/index.php\/wp-json\/wp\/v2\/types\/post"}],"author":[{"embeddable":true,"href":"https:\/\/www.zaglebiak.com\/index.php\/wp-json\/wp\/v2\/users\/1"}],"replies":[{"embeddable":true,"href":"https:\/\/www.zaglebiak.com\/index.php\/wp-json\/wp\/v2\/comments?post=20567"}],"version-history":[{"count":1,"href":"https:\/\/www.zaglebiak.com\/index.php\/wp-json\/wp\/v2\/posts\/20567\/revisions"}],"predecessor-version":[{"id":20568,"href":"https:\/\/www.zaglebiak.com\/index.php\/wp-json\/wp\/v2\/posts\/20567\/revisions\/20568"}],"wp:featuredmedia":[{"embeddable":true,"href":"https:\/\/www.zaglebiak.com\/index.php\/wp-json\/wp\/v2\/media\/20566"}],"wp:attachment":[{"href":"https:\/\/www.zaglebiak.com\/index.php\/wp-json\/wp\/v2\/media?parent=20567"}],"wp:term":[{"taxonomy":"category","embeddable":true,"href":"https:\/\/www.zaglebiak.com\/index.php\/wp-json\/wp\/v2\/categories?post=20567"},{"taxonomy":"post_tag","embeddable":true,"href":"https:\/\/www.zaglebiak.com\/index.php\/wp-json\/wp\/v2\/tags?post=20567"}],"curies":[{"name":"wp","href":"https:\/\/api.w.org\/{rel}","templated":true}]}}