{"id":20144,"date":"2023-08-12T10:00:00","date_gmt":"2023-08-12T08:00:00","guid":{"rendered":"https:\/\/www.zaglebiak.com\/?p=20144"},"modified":"2023-08-11T23:21:58","modified_gmt":"2023-08-11T21:21:58","slug":"janusz-stanczyk","status":"publish","type":"post","link":"https:\/\/www.zaglebiak.com\/index.php\/2023\/08\/12\/janusz-stanczyk\/","title":{"rendered":"Janusz Sta\u0144czyk"},"content":{"rendered":"\n<p>Janusz Sta\u0144czyk ur. 11 kwietnia 1958 roku w Zabrzu. Wychowanek Zag\u0142\u0119bia Lubin. Nast\u0119pnie reprezentowa\u0142 \u015al\u0119z\u0119 Wroc\u0142aw i Polar Wroc\u0142aw. Po zako\u0144czeniu kariery rozpocz\u0105\u0142 prac\u0119 trenersk\u0105 w Polarze Wroc\u0142aw, a od 1989 r. zwi\u0105zany jest z Zag\u0142\u0119biem Lubin jako trener m\u0142odzie\u017cy, asystent pierwszego trenera oraz pierwszy trener i trener rezerw. W latach 1996-1998 pracowa\u0142 z seniorami w Prochowiczance Prochowice i Rokicie Brzeg Dolny.<\/p>\n\n\n<div class=\"wp-block-image\">\n<figure class=\"aligncenter size-full\"><img loading=\"lazy\" decoding=\"async\" width=\"2048\" height=\"2813\" src=\"https:\/\/64.media.tumblr.com\/d26f8f568fac145661e380c264fe2daa\/17450a55b09d38f5-7c\/s2048x3072\/e3298aee2c96b85088d1632c7f23b74ab3486fb7.jpg\" alt=\"\" class=\"wp-image-20219\"\/><figcaption class=\"wp-element-caption\">Janusz Sta\u0144czyk<\/figcaption><\/figure>\n<\/div>\n\n\n<p><strong>Sk\u0105d Pana rodzina przyjecha\u0142a do Lubina?<\/strong><\/p>\n\n\n\n<p>W 1967 roku m\u00f3j ojciec dosta\u0142 prac\u0119 w Kombinacie i przeprowadzili\u015bmy si\u0119 z Zabrza.  W tym \u015bl\u0105skim mie\u015bcie urodzi\u0142em si\u0119 i sp\u0119dzi\u0142em dzieci\u0119ce lata. <\/p>\n\n\n\n<p><strong>Jak rozpocz\u0119\u0142a si\u0119 Pana przygoda z pi\u0142k\u0105 no\u017cn\u0105? Kto zaprowadzi\u0142 Pana na pierwszy trening?<\/strong><\/p>\n\n\n\n<p>Moja przygoda z pi\u0142k\u0105 rozpocz\u0119\u0142a si\u0119 na podw\u00f3rku, gdzie grali\u015bmy z kolegami ca\u0142ymi dniami. Na pierwszy trening w Zag\u0142\u0119biu Lubin zaprowadzi\u0142 mnie ojciec. Mia\u0142em wtedy 13 lat.<\/p>\n\n\n\n<p><strong>Pami\u0119ta Pan swojego pierwszego trenera?<\/strong><\/p>\n\n\n\n<p>Moim pierwszym trenerem by\u0142 Henryk Markowski, kt\u00f3ry by\u0142 by\u0142ym zawodnikiem oraz pierwszym trenerem Zag\u0142\u0119bia, a nast\u0119pnie pracowa\u0142 z lubi\u0144sk\u0105 m\u0142odzie\u017c\u0105 w klubie.<\/p>\n\n\n\n<p><strong>Pami\u0119ta Pan swoich koleg\u00f3w z dru\u017cyn juniorskich? Czy kto\u015b z nich zaistnia\u0142 na ligowych boiskach?<\/strong><\/p>\n\n\n\n<p>Pierwszy przychodzi mi na my\u015bl Marek Biegun. By\u0142 wychowankiem Zag\u0142\u0119bia i wyr\u00f3\u017cnia\u0142 si\u0119 na boisku. Najbardziej znany z gry w GKS-ie Katowice oraz by\u0142 pierwszym wychowankiem Zag\u0142\u0119bia Lubin powo\u0142anym do reprezentacji Polski. Kolejn\u0105 postaci\u0105 wart\u0105 przypomnienia jest Adam \u017buchowski, bardzo dobry zawodnik. Mia\u0142 propozycj\u0119 ze \u015al\u0105ska Wroc\u0142aw, ale j\u0105 odrzuci\u0142 i wybra\u0142 Bro\u0144 Radom. Moim zdaniem lepiej by na tym wyszed\u0142 gdyby wybra\u0142 ofert\u0119 \u015al\u0105ska, bo tam mia\u0142 wielu klasowych zawodnik\u00f3w, przy kt\u00f3rych by si\u0119 uczy\u0142 i rozwija\u0142.<\/p>\n\n\n<div class=\"wp-block-image\">\n<figure class=\"aligncenter size-full\"><img loading=\"lazy\" decoding=\"async\" width=\"2048\" height=\"1578\" src=\"https:\/\/64.media.tumblr.com\/24b7d587afe7d1378949cee32a78e139\/6ff4836b7b501e2d-d9\/s2048x3072\/9c89dd7c92723762b72ba6a0a176f4df8cb6c41c.jpg\" alt=\"\" class=\"wp-image-20172\"\/><figcaption class=\"wp-element-caption\">Janusz Sta\u0144czyk w dru\u017cynie junior\u00f3w Zag\u0142\u0119bia Lubin, stoi 4 od prawej.<\/figcaption><\/figure>\n<\/div>\n\n\n<p><strong>Kt\u00f3rzy trenerzy prowadzili Pana w dru\u017cynach m\u0142odzie\u017cowych Zag\u0142\u0119bia?<\/strong><\/p>\n\n\n\n<p>Po trenerze Markowskim prowadzili mnie trenerzy Machej i Samiec, a nast\u0119pnie Eugeniusz Mycak. U trenera Mycaka zrobi\u0142em najwi\u0119ksze post\u0119py i p\u00f3\u017aniej trafi\u0142em do pierwszej dru\u017cyny pod jego kierownictwem.<\/p>\n\n\n\n<p><strong>Gra\u0142 Pan najpierw w rezerwach Zag\u0142\u0119bia Lubin czy od razu trafi\u0142 do pierwszej dru\u017cyny?<\/strong><\/p>\n\n\n\n<p>Najpierw trafi\u0142em do dru\u017cyny rezerw, gdzie gra\u0142em i trenowa\u0142em oraz uczy\u0142em si\u0119 seniorskiej pi\u0142ki. W rezerwach gra\u0142o wielu do\u015bwiadczonych zawodnik\u00f3w, takich jak: Czes\u0142aw Juszkaluk czy Tadeusz Tabor. Mog\u0142em ich podpatrywa\u0107 i korzysta\u0107 z ich rad.<\/p>\n\n\n\n<p><strong>W kt\u00f3rym roku rozpocz\u0105\u0142 Pan trenowa\u0107 z pierwsz\u0105 dru\u017cyn\u0105? Kto by\u0142 wtedy trenerem Zag\u0142\u0119bia?<\/strong><\/p>\n\n\n\n<p>Do pierwszej dru\u017cyny trafi\u0142em w 1977 roku.<\/p>\n\n\n\n<p><strong>Pami\u0119ta Pan sw\u00f3j debiut w pierwszej dru\u017cynie?<\/strong><\/p>\n\n\n\n<p>Debiutu si\u0119 nie zapomina. Grali\u015bmy 7 sierpnia 1977 r. w Pucharze Polski z Avi\u0105 \u015awidnik. Wszed\u0142em w 59 minucie i strzeli\u0142em zwyci\u0119sk\u0105 bramk\u0119. Micha\u0142 Lewandowski do\u015brodkowa\u0142, a ja g\u0142ow\u0105 skierowa\u0142em pi\u0142k\u0119 do bramki.<\/p>\n\n\n\n<p><strong>Jak wtedy byli przyjmowani m\u0142odzi zawodnicy do dru\u017cyny? By\u0142o tzw. wkupne?<\/strong><\/p>\n\n\n\n<p>By\u0142em bardzo dobrze przyj\u0119ty przez starszych zawodnik\u00f3w. Wiadomo, \u017ce na pocz\u0105tku jako m\u0142odzi zawodnicy zwracali\u015bmy si\u0119 do starszych pi\u0142karzy na pan. Z biegiem czasu przeszli\u015bmy na \u201eTy\u201d i m\u00f3wili\u015bmy sobie po imieniu. Mia\u0142em przyjemno\u015b\u0107 gra\u0107 z takimi zawodnikami jak J\u00f3zef Ligus, Czes\u0142aw Juszkaluk, Rudek Konieczny czy Leszek Malawski. Starszych koleg\u00f3w podpatrywa\u0142em na treningach i meczach, ale te\u017c przyswaja\u0142em wiedz\u0119 potrzebn\u0105 do \u017cycia i funkcjonowania poza boiskiem. Panowa\u0142a wspania\u0142a atmosfera, cho\u0107 by\u0142o skromniej. Nie by\u0142o boisk, szatni i sprz\u0119tu, ale ta bieda mocno nas scala\u0142a.<\/p>\n\n\n\n<p><strong>Walka o awans do II ligi w sezonie 1977\/1978. Prosz\u0119 przybli\u017cy\u0107 ten czas. Jak Pan wspomina trenera, koleg\u00f3w, mo\u017ce zapad\u0142 Panu w pami\u0119ci jaki\u015b wyj\u0105tkowy mecz lub sytuacja?<\/strong><\/p>\n\n\n\n<p>Przed sezonem 1977\/1978 odbyli\u015bmy ci\u0119\u017ckie zgrupowanie w Z\u0142otoryi, gdzie dostali\u015bmy mocno w ko\u015b\u0107 od trenera. Na zgrupowaniu mieszka\u0142em w jednym pokoju z Rudkiem Koniecznym i Czes\u0142awem Juszkalukiem. To by\u0142 bardzo trudny sezon. Nie gra\u0142em za wiele w pierwszym zespole wtedy, bo dru\u017cyna mia\u0142a wielu dobrych i do\u015bwiadczonych zawodnik\u00f3w. Za to mia\u0142em przyjemno\u015b\u0107 gra\u0107 w rezerwach pod wodz\u0105 trenera Emila Czy\u017cewskiego.<\/p>\n\n\n\n<figure class=\"wp-block-image size-full is-resized\"><img loading=\"lazy\" decoding=\"async\" src=\"https:\/\/64.media.tumblr.com\/9e6333a7e4ad343f83a07eb1e785e528\/267747b39ba609a1-8c\/s540x810\/0864ee0b54f74406bda657e45f5b2a9046fd0d2c.jpg\" alt=\"\" class=\"wp-image-20233\" style=\"width:846px;height:470px\" width=\"846\" height=\"470\"\/><\/figure>\n\n\n\n<p><strong>Bra\u0142 Pan udzia\u0142 w meczach, kt\u00f3re przesz\u0142y do historii i kr\u0105\u017c\u0105 o nich legendy. Mecz Pucharu Polski z Legi\u0105 Warszawa 22.10.1978. Pierwsza bramka to przed\u0142u\u017cenie przez Pana rzutu wolnego wykonywanego przez \u017buchowskiego i Sobieski kapituluje. Pono\u0107 bramka strzelona szczupakiem przez Bieguna to stadiony \u015bwiata.<\/strong><\/p>\n\n\n\n<p>Przygod\u0119 z Pucharem Polski trzeba zacz\u0105\u0107 od tego, \u017ce grali\u015bmy jako Zag\u0142\u0119bie Lubin II. Najpierw pokonali\u015bmy PKS Odr\u0119 Wroc\u0142aw 3:1, Ma\u0142apanew Ozimek 3:0, Note\u0107 Czarnk\u00f3w 2:1 i takim samym wynikiem zako\u0144czy\u0142 si\u0119 mecz z GKS Katowice. W 1\/8 czeka\u0142a nas rywalizacja z Legi\u0105 Warszawa prowadzon\u0105 przez trenera Strejlaua. Do tej pory pami\u0119tam te emocje i doping trybun, kt\u00f3ry ni\u00f3s\u0142 nas do zwyci\u0119stwa. Atmosfera na stadionie g\u00f3rniczym by\u0142a wspania\u0142a. Legia przyjecha\u0142a naszpikowana gwiazdami z Deyn\u0105 na czele. Mecz u\u0142o\u017cy\u0142 si\u0119 po naszej my\u015bli, bo ju\u017c w drugiej minucie strzeli\u0142em bramk\u0119 po do\u015brodkowaniu \u017buchowskiego. P\u00f3\u017aniej Marek Biegun pi\u0119knym szczupakiem podwy\u017cszy\u0142 na 2:0. Mecz zako\u0144czy\u0142 si\u0119 wynikiem 2:1, a publika na stadionie oszala\u0142a. Kibice nam gratulowali, \u015bciskali nas i znie\u015bli na r\u0119kach z boiska. Mi\u0142o si\u0119 wraca wspomnieniami do tych wydarze\u0144.<\/p>\n\n\n<div class=\"wp-block-image\">\n<figure class=\"aligncenter size-full\"><img loading=\"lazy\" decoding=\"async\" width=\"1911\" height=\"3072\" src=\"https:\/\/64.media.tumblr.com\/ce409aa6f01c03ca348b935ffdab349a\/267747b39ba609a1-30\/s2048x3072\/72e26d86d0e2dd4e62ee94c287b927343c39a929.jpg\" alt=\"\" class=\"wp-image-20237\"\/><figcaption class=\"wp-element-caption\">Wycinki prasowe dotycz\u0105ce meczu z Legi\u0105 Warszawa<\/figcaption><\/figure>\n<\/div>\n\n\n<p><strong>27 minuta Sta\u0144czyk wymanewrowa\u0142 Gorgonia i obro\u0144c\u00f3w, uderzy\u0142 na bramk\u0119 i nie da\u0142 szans bramkarzowi. W takiej sytuacji pada pierwsza bramka dla Zag\u0142\u0119bia Lubin w meczu Pucharu Polski z G\u00f3rnikiem Zabrze. Czy Pana zdaniem to by\u0142a najwa\u017cniejsza bramka strzelona dla Zag\u0142\u0119bia?<\/strong><\/p>\n\n\n\n<p>Dok\u0142adnie tak by\u0142o. W stykowej sytuacji wywalczy\u0142em pi\u0142k\u0119, wymanewrowa\u0142em obro\u0144c\u00f3w i strzeli\u0142em bramk\u0119 Cimanderowi, kt\u00f3ra wyr\u00f3wna\u0142a rywalizacj\u0119, a dwie minuty p\u00f3\u017aniej po bramce Drzystka prowadzili\u015bmy 2:1. Na przerw\u0119 schodzili\u015bmy jednak z remisem, bo wyr\u00f3wna\u0142 Pa\u0142asz. Bramk\u0119 na 3:2 zdoby\u0142 Marek Biegun. Mia\u0142by w sumie dwie, ale jedna z nich nie zosta\u0142a uznana przez s\u0119dziego. Pi\u0119kna przygoda trwa\u0142a nadal, a rado\u015bci na stadionie nie by\u0142o ko\u0144ca.<\/p>\n\n\n<div class=\"wp-block-image\">\n<figure class=\"aligncenter size-full\"><img loading=\"lazy\" decoding=\"async\" width=\"2048\" height=\"935\" src=\"https:\/\/64.media.tumblr.com\/195acccb901dffd88a2d43749c303ea6\/267747b39ba609a1-b0\/s2048x3072\/d680a92c9132180004236289fab68a303dc553ab.jpg\" alt=\"\" class=\"wp-image-20239\"\/><figcaption class=\"wp-element-caption\">Wycinki prasowe dotycz\u0105ce meczu z G\u00f3rnikiem Zabrze<\/figcaption><\/figure>\n<\/div>\n\n\n<p><strong>28 marca 1979 r. mecz \u00bd Pucharu Polski z Wis\u0142\u0105 Krak\u00f3w. W 46 minucie pojawia si\u0119 na boisku Sta\u0144czyk. Jak Pan wspomina to spotkanie?<\/strong><\/p>\n\n\n\n<p>Na mecz z Wis\u0142\u0105 Krak\u00f3w, prowadzon\u0105 przez Oresta Lenczyka, musieli\u015bmy czeka\u0107 do wiosny. Tym razem nie wyszed\u0142em w podstawowym sk\u0142adzie i pojawi\u0142em si\u0119 na boisku po przerwie. Przegrywali\u015bmy wtedy ju\u017c 2:0, a finalnie 3:0. Wis\u0142a z takimi zawodnikami jak: Kmiecik, Nawa\u0142ka, Kapka czy Maculewicz przewy\u017csza\u0142a nas umiej\u0119tno\u015bciami i do\u015bwiadczeniem. Zagrali\u015bmy ambitnie, ale to nie wystarczy\u0142o.<\/p>\n\n\n<div class=\"wp-block-image\">\n<figure class=\"aligncenter size-full\"><img loading=\"lazy\" decoding=\"async\" width=\"1921\" height=\"3072\" src=\"https:\/\/64.media.tumblr.com\/de124b39a02091daf963444c27a6439a\/267747b39ba609a1-db\/s2048x3072\/cc76240fb99dcb3f16b5fee0caeec82ca07a6a98.jpg\" alt=\"\" class=\"wp-image-20243\"\/><figcaption class=\"wp-element-caption\">Wycinki prasowe dotycz\u0105ce meczu z Wis\u0142\u0105 Krak\u00f3w<\/figcaption><\/figure>\n<\/div>\n\n\n<p><strong>Dlaczego Zag\u0142\u0119biu nie uda\u0142o si\u0119 utrzyma\u0107 w II lidze w sezonie 1978\/1979 mimo ca\u0142kiem dobrego startu?<\/strong><\/p>\n\n\n\n<p>Moim zdaniem mieli\u015bmy za w\u0105sk\u0105 kadr\u0119 i brakowa\u0142o zmiennik\u00f3w, kt\u00f3rzy potrafiliby odci\u0105\u017cy\u0107 podstawow\u0105 jedenastk\u0119. Zabrak\u0142o umiej\u0119tno\u015bci typowo pi\u0142karskich i to w g\u0142\u00f3wnej mierze zawa\u017cy\u0142o na spadku z ligi. By\u0142em wtedy m\u0142odym zawodnikiem, wi\u0119c nie znam ca\u0142ej otoczki i trudno mi ca\u0142o\u015bciowo przedstawi\u0107 przyczyny tego spadku.<\/p>\n\n\n\n<p><strong>W wycinkach prasowych znalaz\u0142em informacj\u0119, \u017ce po sezonie 1978\/1979 odszed\u0142 Pan z klubu. Jaka by\u0142a przyczyna?<\/strong><\/p>\n\n\n\n<p>Od dziecka marzy\u0142em \u017ceby by\u0107 nauczyciele wf-u i trenerem, dlatego w 1979 r. zda\u0142em egzaminy na AWF we Wroc\u0142awiu i przenios\u0142em si\u0119 do \u015al\u0119zy Wroc\u0142aw. Przez ca\u0142y okres studi\u00f3w tam gra\u0142em.<\/p>\n\n\n<div class=\"wp-block-image\">\n<figure class=\"aligncenter size-full\"><img loading=\"lazy\" decoding=\"async\" width=\"1296\" height=\"2015\" src=\"https:\/\/64.media.tumblr.com\/b6f98de1f055d8e018b038eba2f903f1\/267747b39ba609a1-87\/s2048x3072\/800b10f15d16894b019cb0c1c9fb1da9f77b91a3.jpg\" alt=\"\" class=\"wp-image-20241\"\/><\/figure>\n<\/div>\n\n\n<p><strong>Czas studi\u00f3w na wroc\u0142awskim AWF. Jak\u0105 specjalno\u015b\u0107 Pan wybra\u0142? O czym napisa\u0142 swoj\u0105 prac\u0119 magistersk\u0105?<\/strong><\/p>\n\n\n\n<p>Przez cztery lata uczy\u0142em si\u0119 na kierunku nauczycielskim, a dwa nast\u0119pne sp\u0119dzi\u0142em na kierunku trenerskim. Prac\u0119 magistersk\u0105 pisa\u0142em na temat \u201eRozw\u00f3j fizyczny dzieci w wieku przedszkolnym od 3 do 5 lat\u201d. Napisanie pracy poprzedzi\u0142em badaniami przeprowadzonymi w przedszkolu.<\/p>\n\n\n\n<p><strong>W czasie pobytu we Wroc\u0142awiu reprezentowa\u0142 Pan 1 KS \u015al\u0119za Wroc\u0142aw. Prosz\u0119 przybli\u017cy\u0107 ten czas. Jak Pan trafi\u0142 do tego klubu, kto by\u0142 wtedy trenerem? Ile czasu i w jakiej lidze Pan gra\u0142?<\/strong><\/p>\n\n\n\n<p>\u015al\u0119za to w tamtym czasie by\u0142o idealne miejsce dla student\u00f3w, kt\u00f3rzy stanowili wi\u0119kszo\u015b\u0107 w szatni. Jak przychodzi\u0142em do \u015al\u0119zy to trenerem by\u0142 Edmund Walasek. W dru\u017cynie gra\u0142 wtedy r\u00f3wnie\u017c Wies\u0142aw Wojno, kt\u00f3rego raczej nie trzeba przedstawia\u0107 lubi\u0144skim kibicom. Od 1981 r. trenerem by\u0142 J\u00f3zef Majdura, kt\u00f3ry prowadzi\u0142 wcze\u015bniej \u015al\u0105sk Wroc\u0142aw. To z nim wywalczyli\u015bmy awans do drugiej ligi w sezonie 1983\/1984.<\/p>\n\n\n<div class=\"wp-block-image\">\n<figure class=\"aligncenter size-full\"><img loading=\"lazy\" decoding=\"async\" width=\"2048\" height=\"1478\" src=\"https:\/\/64.media.tumblr.com\/2d04b72a85118444d041ab3eda961dd2\/17450a55b09d38f5-54\/s2048x3072\/a5109d41cfc5d7f4584338f7b4dcfebfda72f1f5.jpg\" alt=\"\" class=\"wp-image-20215\"\/><figcaption class=\"wp-element-caption\">Janusz Sta\u0144czyk kuca trzeci od prawej. Dru\u017cyna \u015al\u0119zy Wroc\u0142aw. <\/figcaption><\/figure>\n<\/div>\n\n\n<p><strong>Czy w tym czasie gra\u0142 Pan przeciwko Zag\u0142\u0119biu Lubin? Jak Pan wspomina te spotkania?<\/strong><\/p>\n\n\n\n<p>W sezonie 1981\/1982 zagra\u0142em dwa mecze przeciwko Zag\u0142\u0119biu Lubin. W domowym spotkaniu wygrali\u015bmy 2:0. Pami\u0119tam, \u017ce by\u0142em wtedy mocno skoncentrowany i zmotywowany \u017ceby jak najlepiej si\u0119 pokaza\u0107 w tym spotkaniu. Zagra\u0142em dobry mecz przeciwko swojemu by\u0142emu klubowi. Z meczu na stadionie g\u00f3rniczym w Lubinie pami\u0119tam, \u017ce pad\u0142 remis i musia\u0142em wtedy kry\u0107 indywidualnie \u015ap. Rysia Bo\u017cyczk\u0119, co nie by\u0142o \u0142atw\u0105 sztuk\u0105. Bo\u017cyczko to by\u0142 \u015bwietnie graj\u0105cy g\u0142ow\u0105 zawodnik. W ko\u0144c\u00f3wce meczu mia\u0142em du\u017co szcz\u0119\u015bcia, bo w jednej sytuacji minimalnie spud\u0142owa\u0142 g\u0142\u00f3wkuj\u0105c.<\/p>\n\n\n\n<p><strong>W 1984 r. awansuje Pan ze \u015al\u0119z\u0105 do II ligi. Zagra\u0142 Pan czy wezwanie do wojska pokrzy\u017cowa\u0142o plany?<\/strong><\/p>\n\n\n\n<p>W drugiej lidze gra\u0142em praktycznie ca\u0142\u0105 jesie\u0144, ale dozna\u0142em p\u00f3\u017aniej gro\u017anej kontuzji i musia\u0142em pauzowa\u0107 przez dwa miesi\u0105ce.<\/p>\n\n\n<div class=\"wp-block-image\">\n<figure class=\"aligncenter size-full\"><img loading=\"lazy\" decoding=\"async\" width=\"2048\" height=\"1423\" src=\"https:\/\/64.media.tumblr.com\/e638487efbf81733e1973e3bea564666\/17450a55b09d38f5-02\/s2048x3072\/c3e0c7376a5fbf25a1c0b050b9f8534e00801e68.jpg\" alt=\"\" class=\"wp-image-20217\"\/><figcaption class=\"wp-element-caption\">Dru\u017cyna \u015al\u0119zy Wroc\u0142aw po awansie do drugiej ligi. 25.06.1984 r. Janusz Sta\u0144czyk stoi 4 od prawej.<\/figcaption><\/figure>\n<\/div>\n\n\n<p><strong>Czy b\u0119d\u0105c w wojsku by\u0142 Pan oddelegowany do jakiego\u015b klubu?<\/strong><\/p>\n\n\n\n<p>W latach 1985-1986 by\u0142em w wojsku i gra\u0142em w Polarze Wroc\u0142aw, z kt\u00f3rym awansowali\u015bmy do III ligi.<\/p>\n\n\n\n<p>W 1987 r. zako\u0144czy\u0142em karier\u0119 zawodnicz\u0105 i rozpocz\u0105\u0142em trenersk\u0105.  Zanim trafi\u0142em do Zag\u0142\u0119bia Lubin to przez dwa lata prowadzi\u0142em grupy m\u0142odzie\u017cowe Polaru Wroc\u0142aw.<\/p>\n\n\n<div class=\"wp-block-image\">\n<figure class=\"aligncenter size-full\"><img loading=\"lazy\" decoding=\"async\" width=\"2048\" height=\"1408\" src=\"https:\/\/64.media.tumblr.com\/5593d2cb2fd31c6324d33adae6bf506a\/17450a55b09d38f5-db\/s2048x3072\/121db039a547db09a2c9903021372b7916678824.jpg\" alt=\"\" class=\"wp-image-20223\"\/><figcaption class=\"wp-element-caption\">Polar Wroc\u0142aw po awansie do III ligi. Janusz Sta\u0144czyk kuca 4 od lewej. <\/figcaption><\/figure>\n<\/div>\n\n\n<p><strong>Pana losy potoczy\u0142y si\u0119 ciekawie, bo w pa\u017adzierniku 1989 r. wraca Pan do Lubina, ale ju\u017c w roli trenera m\u0142odzie\u017cy. Kto Pana zatrudnia\u0142? Jak wygl\u0105da\u0142 anga\u017c trenera w tamtych czasach?<\/strong><\/p>\n\n\n\n<p>Prac\u0119 z grupami m\u0142odzie\u017cowymi w Zag\u0142\u0119biu Lubin zaproponowa\u0142 mi Micha\u0142 Lulek.<\/p>\n\n\n\n<p><strong>Kt\u00f3ry rocznik by\u0142 Pana pierwszym?<\/strong><\/p>\n\n\n\n<p>W pa\u017adzierniku 1989 r. rozpocz\u0105\u0142em prac\u0119 z rocznikiem 1977\/1978. W tym zespole by\u0142 obecny dyrektor Akademii Zag\u0142\u0119bia, Adam Buczek, Mariusz Ujek, Daniel Dudkiewicz czy Marcin Kocik.<\/p>\n\n\n\n<p><strong>Jak wspomina Pan swoje pocz\u0105tki? Jakie mia\u0142 Pan warunki pracy? Prosz\u0119 opowiedzie\u0107 w jakich warunkach trenowa\u0142a lubi\u0144ska m\u0142odzie\u017c?<\/strong><\/p>\n\n\n\n<p>Nie by\u0142o wtedy takich warunk\u00f3w jak teraz. By\u0142o jedno boisko, gdzie mog\u0142a trenowa\u0107 m\u0142odzie\u017c. Mo\u017cna powiedzie\u0107, \u017ce trenowali\u015bmy gdzie si\u0119 da\u0142o i by\u0142y mo\u017cliwo\u015bci. W tamtym czasie warunki by\u0142y trudne, ale pozwala\u0142y ch\u0142opcom pokaza\u0107 charakter, zaci\u0119cie do treningu i grania oraz ch\u0119\u0107 reprezentowania Zag\u0142\u0119bia Lubin.<\/p>\n\n\n\n<p>\u201e<strong>Pana ch\u0142opcy\u201d do dzisiaj pami\u0119taj\u0105 wyd\u017awi\u0119k s\u0142\u00f3w krymina\u0142 i bundesliga. Prawda to, \u017ce u\u017cywa\u0142 ich Pan jak co\u015b zawalili lub dobrze zagrali na boisku?<\/strong><\/p>\n\n\n\n<p>To by\u0142y moje s\u0142owa motywuj\u0105ce zawodnik\u00f3w. S\u0142owa krymina\u0142 u\u017cywa\u0142em w sytuacji, gdy dany zawodnik pope\u0142nia\u0142 ra\u017c\u0105cy b\u0142\u0105d, dokonywa\u0142 z\u0142ego wyboru lub zawala\u0142 bramk\u0119. To s\u0142owo mia\u0142o go zmotywowa\u0107 i utkwi\u0107 w pami\u0119ci \u017ceby nast\u0119pnym razem nie pope\u0142ni\u0142 tego samego b\u0142\u0119du. Bundesliga to by\u0142a s\u0142owna nagroda za fantastyczne zagranie, m\u0105dr\u0105 decyzj\u0119 na boisku czy pi\u0119kn\u0105 bramk\u0119. O tym przekona\u0142 si\u0119 m. in. Filip Jagie\u0142\u0142o, kt\u00f3rego nagrodzi\u0142em kilkukrotnie tym s\u0142owem, a teraz gra we W\u0142oszech.<\/p>\n\n\n<div class=\"wp-block-image\">\n<figure class=\"aligncenter size-full\"><img loading=\"lazy\" decoding=\"async\" width=\"2048\" height=\"1455\" src=\"https:\/\/64.media.tumblr.com\/7642461c7db4f30d678b080d6c2149b9\/267747b39ba609a1-ad\/s2048x3072\/a49f63e3a46ab408b933ce91fe44e7ced250f309.jpg\" alt=\"\" class=\"wp-image-20235\"\/><figcaption class=\"wp-element-caption\">Trener Sta\u0144czyk ze swoj\u0105 dru\u017cyn\u0105 podczas turnieju we Francji<\/figcaption><\/figure>\n<\/div>\n\n\n<p><strong>W 1994 r. zostaje Pan asystentem trenera Wojny. To by\u0142o dla Pana wyr\u00f3\u017cnienie, nobilitacja za dobre wyniki z m\u0142odzie\u017c\u0105?<\/strong><\/p>\n\n\n\n<p>By\u0142o to dla mnie ogromne wyr\u00f3\u017cnienie. Trenowa\u0142em grupy m\u0142odzie\u017cowe i ci\u0119\u017cko pracowa\u0142em na dobre wyniki z m\u0142odymi zawodnikami i swoje. Wtedy te\u017c otrzyma\u0142em propozycj\u0119 zostania asystentem od trenera Wies\u0142awa Wojno. Osobi\u015bcie praca z seniorami to by\u0142 dla mnie spory przeskok i ciekawa lekcja. B\u0119d\u0105c asystentem pierwszego trenera bardzo du\u017co si\u0119 nauczy\u0142em, zaobserwowa\u0142em i w p\u00f3\u017aniejszym czasie wykorzystywa\u0142em w swojej pracy. Wies\u0142aw Wojno by\u0142 wymagaj\u0105cym szkoleniowcem. Treningi by\u0142y intensywne i ci\u0119\u017ckie, a efekty tej pracy przysz\u0142y na wiosn\u0119. Dzi\u0119ki ci\u0119\u017ckiej pracy awansowali\u015bmy do pucharu UEFA.<\/p>\n\n\n<div class=\"wp-block-image\">\n<figure class=\"aligncenter size-full\"><img loading=\"lazy\" decoding=\"async\" width=\"2048\" height=\"1451\" src=\"https:\/\/64.media.tumblr.com\/007afd942fa054056c32b2341295f181\/6ff4836b7b501e2d-99\/s2048x3072\/870fd3557019c4cd09d2b217813eba0c89dd1d69.jpg\" alt=\"\" class=\"wp-image-20158\"\/><figcaption class=\"wp-element-caption\">Janusz Sta\u0144czyk stoi w \u015brodkowym rz\u0119dzie 2 od lewej<\/figcaption><\/figure>\n<\/div>\n\n\n<p><strong>Prosz\u0119 opowiedzie\u0107 dlaczego dosz\u0142o do zwolnienia trenera Wojno? Dlaczego w przededniu tak wa\u017cnych dla klubu spotka\u0144. Potwierdzi Pan konflikt na linii trener-zawodnicy?<\/strong><\/p>\n\n\n\n<p>Przyczyn\u0105 zwolnienia trenera Wojno by\u0142a szatnia i w niej si\u0119 wszystko rozegra\u0142o. Zawodnicy nie chcieli ci\u0119\u017cko pracowa\u0107 i doprowadzili do zwolnienia trenera. Moim zdaniem to by\u0142a bardzo z\u0142a decyzja klubu, bo przez ci\u0119\u017ck\u0105 prac\u0119 osi\u0105ga si\u0119 sukcesy i robi post\u0119py.<\/p>\n\n\n\n<p><strong>Zostaje Pan pierwszym trenerem na okres 11 wrze\u015bnia-23 pa\u017adziernika 1995. Na ten czas przypada dwumecz z AC Milan. Pewnie opowiada\u0142 Pan o tym ju\u017c tysi\u0105ce razy, ale chcia\u0142bym zapyta\u0107 o otoczk\u0119 tych spotka\u0144. Wylot do Mediolanu, stadion, szatnie, spotkania. Prosz\u0119 to opisa\u0107, odda\u0107 klimat tego meczu.<\/strong><\/p>\n\n\n\n<p>Trzy dni przed meczem wyjazdowym z AC Milan zosta\u0142em pierwszym trenerem. Dla mnie osobi\u015bcie to by\u0142 szok. Po rozmowach z trenerem Wojno, dyrektorem i prezesem klubu podj\u0105\u0142em to wyzwanie. Mia\u0142em zosta\u0107 tymczasowym trenerem i da\u0107 czas klubowym dzia\u0142aczom na znalezienie szkoleniowca, kt\u00f3ry przejmie dru\u017cyn\u0119. Wtedy AC Milan by\u0142 jedn\u0105 z najlepszych dru\u017cyn w Europie i my\u015bl\u0119, \u017ce w dwumeczu wstydu nie przynie\u015bli\u015bmy. Zagrali\u015bmy na miar\u0119 naszych mo\u017cliwo\u015bci.<\/p>\n\n\n\n<p>Zapad\u0142a mi w pami\u0119ci taka sytuacja dotycz\u0105ca meczowej otoczki. Podczas przedmeczowej rozgrzewki AC Milan nawet nie wyszed\u0142 na boisko, tylko przygotowywali si\u0119 w salce gimnastycznej. Co do samego przyj\u0119cia naszej dru\u017cyny to by\u0142o sympatycznie. Mieli\u015bmy zapewnione \u015bwietne warunki hotelowe i \u017cywieniowe. Dzie\u0144 przed meczem mogli\u015bmy odby\u0107 oficjalny trening na g\u0142\u00f3wnej murawie. W por\u00f3wnaniu do meczu ligowego, to na naszym pucharowym spotkaniu nie by\u0142o du\u017co ludzi, chocia\u017c i tak obiekt oraz doping robi\u0142y wra\u017cenie. Nie mieli\u015bmy nawet okazji pozwiedza\u0107 Mediolanu. W dniu meczu po odprawie odbyli\u015bmy 30 minutowy spacer po mie\u015bcie.<\/p>\n\n\n<div class=\"wp-block-image\">\n<figure class=\"aligncenter size-full\"><img loading=\"lazy\" decoding=\"async\" width=\"570\" height=\"891\" src=\"https:\/\/64.media.tumblr.com\/bcd9e89611a35d48c8634b2fa2b4e12d\/6ff4836b7b501e2d-64\/s640x960\/0bc3d9de61a0a0faf20ebf519360935985d17424.jpg\" alt=\"\" class=\"wp-image-20166\"\/><figcaption class=\"wp-element-caption\">Janusz Sta\u0144czyk podczas meczu z AC Milan<\/figcaption><\/figure>\n<\/div>\n\n\n<p><strong>Jak wygl\u0105da\u0142y przygotowania dru\u017cyny do tych pucharowych spotka\u0144. Mia\u0142 Pan 3 dni z tego co kojarz\u0119. Jak przyj\u0119\u0142a t\u0105 decyzj\u0119 dru\u017cyna.<\/strong><\/p>\n\n\n\n<p>Trener Wojno polecia\u0142 do W\u0142och i obserwowa\u0142 AC Milan podczas ligowego meczu. Na podstawie materia\u0142u z tego meczu oraz jego spostrze\u017ce\u0144 przygotowa\u0142em odpraw\u0119 i rozpracowanie przeciwnika.<\/p>\n\n\n<div class=\"wp-block-image\">\n<figure class=\"aligncenter size-full\"><img loading=\"lazy\" decoding=\"async\" width=\"891\" height=\"592\" src=\"https:\/\/64.media.tumblr.com\/fd405ece66d18ef0563640cfae1ea236\/6ff4836b7b501e2d-01\/s1280x1920\/269a3079a7b25073dcdee4f47492ca26886e89b5.jpg\" alt=\"\" class=\"wp-image-20162\"\/><figcaption class=\"wp-element-caption\">Konferencja po spotkaniu z AC Milan<\/figcaption><\/figure>\n<\/div>\n\n\n<p><strong>17 wrze\u015bnia 1995 r. spe\u0142nia Pan swoje dzieci\u0119ce marzenie i prowadzi Zag\u0142\u0119bie Lubin do zwyci\u0119stwa z G\u00f3rnikiem Zabrze. Mi\u0142a chwila i ligowy debiut na trenerskiej \u0142awce.<\/strong><\/p>\n\n\n\n<p>Moje marzenie spe\u0142ni\u0142o si\u0119 rund\u0119 wcze\u015bniej, bo jako asystent trenera, na wiosn\u0119 wygrali\u015bmy z G\u00f3rnikiem Zabrze 1:0. W tym dniu jednak poprowadzi\u0142em dru\u017cyn\u0119 jako pierwszy trener i odnie\u015bli\u015bmy zwyci\u0119stwo 2:1. Mecz by\u0142 transmitowany w telewizji, a ja by\u0142em szcz\u0119\u015bliwy z wygranej. Cieszy\u0142em si\u0119, \u017ce w miejscu, w kt\u00f3rym si\u0119 urodzi\u0142em, wychowa\u0142em i sp\u0119dza\u0142em wakacje mog\u0142em \u015bwi\u0119towa\u0107 sw\u00f3j trenerski debiut. Jako m\u0142ody ch\u0142opak chodzi\u0142em na stadion G\u00f3rnika i obserwowa\u0142em treningi takich zawodnik\u00f3w jak: Luba\u0144ski, O\u015blizg\u0142o, Kostka czy Szarmach. Zbiera\u0142em autografy oraz dobrze pami\u0119tam pierwszy trening Szarmacha kiedy trafi\u0142 do G\u00f3rnika Zabrze. Bardzo mi\u0142e wspomnienia.<\/p>\n\n\n\n<p><strong>Dlaczego po dwumeczu i 4 spotkaniach ligowych nie zosta\u0142 Pan na stanowisku? W lidze mia\u0142 Pan 2 zwyci\u0119stwa, 1 remis i 1 pora\u017ck\u0119.<\/strong><\/p>\n\n\n\n<p>Obejmuj\u0105c posad\u0119 pierwszego trenera wiedzia\u0142em, \u017ce b\u0119d\u0119 tylko trenerem tymczasowym. Klub potrzebowa\u0142 czasu na znalezienie nowego szkoleniowca, a dla mnie to by\u0142a kolejna lekcja i niesamowite do\u015bwiadczenie. Patrz\u0105c realnie na sytuacj\u0119, to wtedy nie by\u0142em gotowy \u017ceby prowadzi\u0142 dru\u017cyn\u0119 w d\u0142u\u017cszej perspektywie czasu.<\/p>\n\n\n\n<p><strong>Czy trener Strejlau zaproponowa\u0142 Panu mo\u017cliwo\u015b\u0107 pe\u0142nienia funkcji asystenta?<\/strong><\/p>\n\n\n\n<p>Tak. Po og\u0142oszeniu przez klub informacji, \u017ce pierwszym trenerem zostanie Andrzej Strejlau otrzyma\u0142em od niego propozycj\u0119 zostania jego asystentem. Trener potrzebowa\u0142 cz\u0142owieka, kt\u00f3ry zna \u015brodowisko i sytuacj\u0119 panuj\u0105c\u0105 w dru\u017cynie. Uwa\u017cam, \u017ce jest to bardzo dobry i uczciwy szkoleniowiec. Przez ca\u0142y okres jego pobytu w Lubinie mia\u0142 bardzo dobry kontakt z dru\u017cyn\u0105. Szanowa\u0142 swoich wsp\u00f3\u0142pracownik\u00f3w i tego samego oczekiwa\u0142 od innych. Niestety trener Strejlau zawi\u00f3d\u0142 si\u0119 na niekt\u00f3rych zawodnikach i dzia\u0142aczach Zag\u0142\u0119bia. Podkre\u015bl\u0119 jeszcze raz, \u017ce by\u0142 bardzo uczciwy i nie chcia\u0142 bra\u0107 udzia\u0142u w procederze, kt\u00f3ry pojawi\u0142 si\u0119 w klubie. Fakt ten spowodowa\u0142, \u017ce trener Strejlau poszed\u0142 na zwolnienie lekarskie i nie poprowadzi\u0142 ju\u017c wi\u0119cej Zag\u0142\u0119bia.<\/p>\n\n\n<div class=\"wp-block-image\">\n<figure class=\"aligncenter size-full\"><img loading=\"lazy\" decoding=\"async\" width=\"585\" height=\"892\" src=\"https:\/\/64.media.tumblr.com\/4716d2359c0652ad4b6e857e8129b191\/6ff4836b7b501e2d-ca\/s640x960\/8ff3a83d7d7ac7f8a775dd0585352767d9c5926a.jpg\" alt=\"\" class=\"wp-image-20160\"\/><figcaption class=\"wp-element-caption\">Trener Strejlau z Januszem Sta\u0144czykiem i Januszem Kubotem<\/figcaption><\/figure>\n<\/div>\n\n\n<p><strong>A co sta\u0142o si\u0119 z Panem?<\/strong><\/p>\n\n\n\n<p>Jestem uczciwym cz\u0142owiekiem i nie widzia\u0142em siebie w dalszej pracy z seniorami, ale dalej chcia\u0142em pracowa\u0107 z m\u0142odzie\u017c\u0105. Niestety zosta\u0142em zwolniony z pracy, do czego przyczyni\u0142a si\u0119 pewna grupa os\u00f3b.<\/p>\n\n\n\n<p><strong>Wtedy dostaje Pan propozycj\u0119 z Prochowiczanki Prochowice?<\/strong><\/p>\n\n\n\n<p>Tak. Pojawi\u0142a si\u0119 wtedy propozycja \u017ceby poprowadzi\u0107 dru\u017cyn\u0119 senior\u00f3w. W sezonie 1996\/1997 wywalczyli\u015bmy awans do III ligi. Mieli\u015bmy ciekaw\u0105 dru\u017cyn\u0119, fajne warunki do pracy i trening\u00f3w. W dru\u017cynie Prochowiczanki grali wtedy m. in. Adam Buczek, Piotrek Uss i Jacek Maciorowski.<\/p>\n\n\n\n<p><strong>Sezon p\u00f3\u017aniej jest Pan ju\u017c w Rokicie Brzeg Dolny. Co Pana sk\u0142oni\u0142o do przej\u015bcia do tego klubu?<\/strong><\/p>\n\n\n\n<p>W Brzegu Dolnym trenerem by\u0142 Mycak i zaproponowa\u0142 mi asystentur\u0119. Klub gra\u0142 w III lidze i sezon 1997\/1998 rozpocz\u0105\u0142em jako asystent trenera, a w trakcie sezonu zosta\u0142em pierwszym trenerem.<\/p>\n\n\n\n<p><strong>Jaki by\u0142 kolejny przystanek w pracy trenerskiej?<\/strong><\/p>\n\n\n\n<p>Po sezonie w Rokicie wr\u00f3ci\u0142em do Lubina i Zag\u0142\u0119bia i skupi\u0142em si\u0119 na pracy z m\u0142odzie\u017c\u0105.<\/p>\n\n\n\n<p><strong>W 2003 r. obj\u0105\u0142 Pan rezerwy Zag\u0142\u0119bia Lubin. W kt\u00f3rej lidze wtedy gra\u0142y? Pami\u0119ta Pan jakiego\u015b wyr\u00f3\u017cniaj\u0105cego si\u0119 zawodnika?<\/strong><\/p>\n\n\n\n<p>Jesieni\u0105 2003 r. obj\u0105\u0142em dru\u017cyn\u0119 IV ligowych rezerw Zag\u0142\u0119bia. Wtedy rezerwy funkcjonowa\u0142y inaczej ni\u017c teraz. Kadra pierwszej dru\u017cyny by\u0142a wi\u0119ksza i zawodnicy, kt\u00f3rzy nie \u0142apali si\u0119 do meczowej osiemnastki grali w rezerwach. Dru\u017cyn\u0119 rezerw prowadzi\u0142em przez p\u00f3\u0142 roku.<\/p>\n\n\n\n<p><strong>Jak uk\u0142ada\u0142a si\u0119 Panu wsp\u00f3\u0142praca z pierwszym trenerem \u017barko Olareviciem?<\/strong><\/p>\n\n\n\n<p>Wsp\u00f3\u0142praca z Olareviciem by\u0142a poprawna, chocia\u017c szczerze m\u00f3wi\u0105c nie mia\u0142em z nim za wiele styczno\u015bci. Odwiedza\u0142 mnie podczas mecz\u00f3w domowych i wyjazdowych, na kt\u00f3rych obserwowa\u0142 zawodnik\u00f3w.<\/p>\n\n\n\n<p><strong>Rok 2004 i zdobycie z juniorami m\u0142odszymi Wicemistrzostwa Polski. Jak Pan to wspomina? Kto stan\u0105\u0142 Wam wtedy na drodze w finale?<\/strong><\/p>\n\n\n\n<p>W 2004 r. zdobyli\u015bmy z juniorami m\u0142odszymi Wicemistrzostwo Polski. By\u0142 to turniej fina\u0142owy w Zielonej G\u00f3rze, w kt\u00f3rym zagra\u0142o osiem dru\u017cyn. Ch\u0142opcy dobrze si\u0119 tam zaprezentowali. Nie by\u0142a to tylko moja zas\u0142uga, zesp\u00f3\u0142 ten prowadzi\u0142 r\u00f3wnie\u017c Andrzej Turkowski. Wsp\u00f3lnymi si\u0142ami osi\u0105gn\u0119li\u015bmy ten sukces, cho\u0107 w finale przegrali\u015bmy z Lechi\u0105 Gda\u0144sk. Nasza praca doceniona zosta\u0142a tak\u017ce w klubie, a ch\u0142opcy na jednym z mecz\u00f3w zostali uhonorowani na g\u0142\u00f3wnym boisku.<\/p>\n\n\n\n<p><strong>Zwyci\u0119stwo z Gimnazjum nr 3 w Lubinie w VIII edycji Coca-Cola Cup 2006. Jak dosz\u0142o do tego, \u017ce poprowadzi\u0142 Pan t\u0105 dru\u017cyn\u0119 w turnieju?<\/strong><\/p>\n\n\n\n<p>Ten turniej by\u0142 organizowany dla szk\u00f3\u0142. W Gimnazjum nr 3 mieli\u015bmy klas\u0119 pi\u0142karsk\u0105 i zg\u0142osili\u015bmy si\u0119 do tego turnieju. By\u0142em ich trenerem pi\u0142ki no\u017cnej. Jak dobrze pami\u0119tam to akces do rozgrywek zg\u0142osi\u0142o 2600 szk\u00f3\u0142. W dru\u017cynie prowadzonej przeze mnie grali: Szuszkiewicz, B\u0142\u0105d, Szczepaniak, Bartk\u00f3w, Sochacki. Fina\u0142y odby\u0142y si\u0119 w Ostrowcu \u015awi\u0119tokrzyskim na stadionie KSZO. Zagra\u0142y w nich 4 dru\u017cyny. W pierwszym meczu fina\u0142owym pokonali\u015bmy zesp\u00f3\u0142 Gimnazjum Nr 4 z Zielonej G\u00f3ry 4:1. Po zaci\u0119tym finale pokonali\u015bmy 5:3 Gimnazjum Sportowego z Rzeszowa i triumfowali\u015bmy w ca\u0142ym turnieju. Wszyscy moi zawodnicy bardzo dobrze zagrali i zaistnieli p\u00f3\u017aniej w ligowej pi\u0142ce.<\/p>\n\n\n<div class=\"wp-block-image\">\n<figure class=\"aligncenter size-full\"><img loading=\"lazy\" decoding=\"async\" width=\"2048\" height=\"1424\" src=\"https:\/\/64.media.tumblr.com\/46a90c16f31fd083a3e2271e3e86b136\/6ff4836b7b501e2d-90\/s2048x3072\/768026b1fe7604f6ae45aabe20c64d0832cd8974.jpg\" alt=\"\" class=\"wp-image-20154\"\/><figcaption class=\"wp-element-caption\">Trener Sta\u0144czyk ciesz\u0105cy si\u0119 po wygranym turnieju. <\/figcaption><\/figure>\n<\/div>\n\n\n<p><strong>Prowadzi\u0142 Pan setki ch\u0142opc\u00f3w w swojej pracy zawodowej. Wymieni Pan zawodnik\u00f3w, kt\u00f3rzy Pana zdaniem byli najlepsi, tacy, kt\u00f3rzy przepadli mimo talentu i takich, kt\u00f3rzy wyci\u0105gn\u0119li maxa, ale dali si\u0119 zapami\u0119ta\u0107 jako ambitni zawodnicy?<\/strong><\/p>\n\n\n\n<p>Numerem 1 dla mnie jest Ariel Famulski. By\u0142 uznawany za wielki talent i wyr\u00f3\u017cniany na mistrzostwach Polski czy turniejach. Drug\u0105 tak\u0105 osob\u0105 jest Pawe\u0142 Dzwo\u0144czyk, kt\u00f3ry trenowa\u0142 z rocznikiem 1978, ale by\u0142 m\u0142odszy o rok.<\/p>\n\n\n\n<p>Je\u015bli chodzi o zawodnik\u00f3w, kt\u00f3rzy wykorzystuj\u0105 swoj\u0105 szans\u0119 to na pewno Arek Wo\u017aniak, Adrian B\u0142\u0105d i Bartek K\u0142udka. Mimo faktu, \u017ce par\u0119 razy mogli nie przej\u015b\u0107 klubowej selekcji i dzi\u0119ki trenerom i ich wstawiennictwu zostali w Zag\u0142\u0119biu. Arek Wo\u017aniak to niesamowity charakter i moim zdaniem wyci\u0105ga maxa ze swojej kariery. K\u0142udka dzi\u0119ki swojej determinacji jest teraz w pierwszym zespole i gra w Ekstraklasie i jest powo\u0142ywany do kadry narodowej. Podziwiam r\u00f3wnie\u017c naszego wychowanka, Adriana B\u0142\u0105da, za to jakim jest zawodnikiem oraz ojcem. Codziennie my\u015bl\u0119 o jego rodzinie. Chyl\u0119 czo\u0142a przed nimi.<\/p>\n\n\n<div class=\"wp-block-image\">\n<figure class=\"aligncenter size-full\"><img loading=\"lazy\" decoding=\"async\" width=\"2048\" height=\"1378\" src=\"https:\/\/64.media.tumblr.com\/cfcc4f8328ce9590e5ee606d25835c5c\/17450a55b09d38f5-b6\/s2048x3072\/bfbea3cf72e02bffbb79943b5b9830df4fa702a1.jpg\" alt=\"\" class=\"wp-image-20221\"\/><figcaption class=\"wp-element-caption\">Janusz Sta\u0144czyk z rocznikiem 1991 Zag\u0142\u0119bia Lubin<\/figcaption><\/figure>\n<\/div>\n\n\n<p><strong>29 sierpnia 2021 podczas meczu derbowego ze \u015al\u0105skiem Wroc\u0142aw zosta\u0142 Pan oficjalnie po\u017cegnany i przeszed\u0142 na emerytur\u0119. Podejrzewam, \u017ce by\u0142 to wzruszaj\u0105cy moment.<\/strong><\/p>\n\n\n\n<p>Miesi\u0105c przed po\u017cegnaniem dowiedzia\u0142em si\u0119, \u017ce jest planowana taka uroczysto\u015b\u0107. W przerwie meczu derbowego po\u017cegnano mnie przy tysi\u0105cach kibic\u00f3w. By\u0142 to bardzo wzruszaj\u0105cy moment dla mnie. Po\u017cegnali mnie oficjalnie m\u00f3j przyjaciel, Janusz Rak i Adam Buczek. Cieszy\u0142em si\u0119, \u017ce zosta\u0142em po\u017cegnany w taki spos\u00f3b. Dzi\u0119kuje r\u00f3wnie\u017c klubowi za mo\u017cliwo\u015b\u0107 pojawiania si\u0119 na treningach dru\u017cyn Akademii i podgl\u0105dania pracy trener\u00f3w i zawodnik\u00f3w. Zawsze to mi\u0142o wspominam i czuj\u0119 si\u0119 wyr\u00f3\u017cniony tym faktem.<\/p>\n\n\n<div class=\"wp-block-image\">\n<figure class=\"aligncenter size-full is-resized\"><img loading=\"lazy\" decoding=\"async\" src=\"https:\/\/64.media.tumblr.com\/cf4b48442e2f68e67a7fc8ab7809d652\/b156a1dcc9b0bb86-24\/s1280x1920\/90eaaf2e9d9b6dbadcae2ff96aefe9f397b62fa8.jpg\" alt=\"\" class=\"wp-image-20180\" style=\"width:838px;height:1004px\" width=\"838\" height=\"1004\"\/><figcaption class=\"wp-element-caption\">Po\u017cegnanie trenera Janusza Sta\u0144czyka<\/figcaption><\/figure>\n<\/div>\n\n\n<p><strong>Jak podsumuje Pan swoje 32 lata pracy na rzecz lubi\u0144skiego klubu? Wychowa\u0142 Pan setki m\u0142odych adept\u00f3w pi\u0142ki no\u017cnej, ale te\u017c m\u0142odych ludzi, kt\u00f3rzy ruszyli w \u015bwiat.<\/strong><\/p>\n\n\n\n<p>By\u0142 to okres ci\u0119\u017ckiej pracy. Robi\u0142em to co kocham oraz sprawia\u0142o mi to wiele rado\u015bci i satysfakcji. Mia\u0142em misj\u0119 \u017ceby wychowa\u0107 m\u0142odych adept\u00f3w na pi\u0142karzy, ale tak\u017ce na dobrych ludzi. Ciesz\u0105 mnie opinie s\u0142yszane po latach od moich wychowank\u00f3w, \u017ce jestem dobrym cz\u0142owiekiem i uda\u0142o mi si\u0119 zaszczepi\u0107 w nich co\u015b dobrego. Te ponad 30 lat pracy to bardzo szcz\u0119\u015bliwy i wspania\u0142y okres w moim \u017cyciu.<\/p>\n\n\n\n<p><strong>Co porabia obecnie trener Sta\u0144czyk na emeryturze?<\/strong><\/p>\n\n\n\n<p>Trener Sta\u0144czyk odpoczywa i pomaga w opiece nad wnukami: Maj\u0105, Marcelem i Olkiem. Niestety z powodu choroby nie mog\u0119 normalnie funkcjonowa\u0107, tak jakbym chcia\u0142 i musz\u0119 jak najwi\u0119cej odpoczywa\u0107. Mam grono swoich przyjaci\u00f3\u0142, z kt\u00f3rymi si\u0119 spotykam i na kt\u00f3rych mog\u0119 liczy\u0107 w wielu sytuacjach. Cz\u0119sto odwiedza mnie Adam Pytlarz, kt\u00f3ry by\u0142 kierownikiem mojej dru\u017cyny z rocznika 1984 i du\u017co mi wtedy pomaga\u0142. Tak jak wy\u017cej wspomnia\u0142em w miar\u0119 mo\u017cliwo\u015bci odwiedzam te\u017c Akademi\u0119 i chodz\u0119 na treningi i mecze, bo trenerem si\u0119 jest ca\u0142y czas.<\/p>\n\n\n\n<p>Dzi\u0119kuj\u0119 serdecznie za te spotkania i po\u015bwi\u0119cony czas oraz \u017cycz\u0119 du\u017co zdrowia, bo osobi\u015bcie dla mnie to by\u0142a i jest wielka przyjemno\u015b\u0107 rozmawia\u0107 z Panem o Zag\u0142\u0119biu, pi\u0142ce i \u017cyciu.<\/p>\n","protected":false},"excerpt":{"rendered":"<p>Janusz Sta\u0144czyk ur. 11 kwietnia 1958 roku w Zabrzu. Wychowanek Zag\u0142\u0119bia Lubin. Nast\u0119pnie reprezentowa\u0142 \u015al\u0119z\u0119 Wroc\u0142aw i Polar Wroc\u0142aw. Po zako\u0144czeniu kariery rozpocz\u0105\u0142 prac\u0119 trenersk\u0105 w Polarze Wroc\u0142aw, a od&hellip; <\/p>\n","protected":false},"author":1,"featured_media":20219,"comment_status":"open","ping_status":"open","sticky":false,"template":"","format":"standard","meta":{"footnotes":""},"categories":[6],"tags":[109,1421,784,159,89],"class_list":["post-20144","post","type-post","status-publish","format-standard","has-post-thumbnail","hentry","category-wywiady","tag-ac-milan","tag-janusz-stanczyk","tag-sleza-wroclaw","tag-trener","tag-zaglebie-lubin"],"_links":{"self":[{"href":"https:\/\/www.zaglebiak.com\/index.php\/wp-json\/wp\/v2\/posts\/20144","targetHints":{"allow":["GET"]}}],"collection":[{"href":"https:\/\/www.zaglebiak.com\/index.php\/wp-json\/wp\/v2\/posts"}],"about":[{"href":"https:\/\/www.zaglebiak.com\/index.php\/wp-json\/wp\/v2\/types\/post"}],"author":[{"embeddable":true,"href":"https:\/\/www.zaglebiak.com\/index.php\/wp-json\/wp\/v2\/users\/1"}],"replies":[{"embeddable":true,"href":"https:\/\/www.zaglebiak.com\/index.php\/wp-json\/wp\/v2\/comments?post=20144"}],"version-history":[{"count":5,"href":"https:\/\/www.zaglebiak.com\/index.php\/wp-json\/wp\/v2\/posts\/20144\/revisions"}],"predecessor-version":[{"id":20244,"href":"https:\/\/www.zaglebiak.com\/index.php\/wp-json\/wp\/v2\/posts\/20144\/revisions\/20244"}],"wp:featuredmedia":[{"embeddable":true,"href":"https:\/\/www.zaglebiak.com\/index.php\/wp-json\/wp\/v2\/media\/20219"}],"wp:attachment":[{"href":"https:\/\/www.zaglebiak.com\/index.php\/wp-json\/wp\/v2\/media?parent=20144"}],"wp:term":[{"taxonomy":"category","embeddable":true,"href":"https:\/\/www.zaglebiak.com\/index.php\/wp-json\/wp\/v2\/categories?post=20144"},{"taxonomy":"post_tag","embeddable":true,"href":"https:\/\/www.zaglebiak.com\/index.php\/wp-json\/wp\/v2\/tags?post=20144"}],"curies":[{"name":"wp","href":"https:\/\/api.w.org\/{rel}","templated":true}]}}