{"id":19933,"date":"2023-07-22T13:27:50","date_gmt":"2023-07-22T11:27:50","guid":{"rendered":"https:\/\/www.zaglebiak.com\/?p=19933"},"modified":"2023-07-22T13:27:52","modified_gmt":"2023-07-22T11:27:52","slug":"lukasz-janoszka-przed-meczem-zaglebia-lubin-z-ruchem-chorzow","status":"publish","type":"post","link":"https:\/\/www.zaglebiak.com\/index.php\/2023\/07\/22\/lukasz-janoszka-przed-meczem-zaglebia-lubin-z-ruchem-chorzow\/","title":{"rendered":"\u0141ukasz Janoszka przed meczem Zag\u0142\u0119bia Lubin z Ruchem Chorz\u00f3w"},"content":{"rendered":"<div class=\"wp-block-image\">\n<figure class=\"aligncenter size-full\"><img loading=\"lazy\" decoding=\"async\" width=\"1200\" height=\"600\" src=\"https:\/\/64.media.tumblr.com\/69fb26982ddd057dd9da0d3460540622\/69d9d25c720d60c1-c8\/s1280x1920\/8e0b9b8aa5a3c038bdac1c31079878b63c3895bb.jpg\" alt=\"\" class=\"wp-image-19932\"\/><figcaption class=\"wp-element-caption\">\u0141ukasz Janoszka. Fot. Pawe\u0142 Andrachiewicz<\/figcaption><\/figure>\n<\/div>\n\n\n<p><strong>Poprosz\u0119 o pierwsze skojarzenie zwi\u0105zane z Zag\u0142\u0119biem Lubin\u2026<\/strong><\/p>\n\n\n\n<p>Pierwsze skojarzenie to na pewno okres, w kt\u00f3rym by\u0142em w Zag\u0142\u0119biu. Bardzo fajny czas, mi\u0142o wspominany przeze mnie. Awans, wspania\u0142a przygoda w europejskich pucharach oraz super atmosfera w szatni.<\/p>\n\n\n\n<p><strong>Kto jest obecnie najlepszym pi\u0142karzem Zag\u0142\u0119bia Lubin? Dlaczego tak uwa\u017cam?<\/strong><\/p>\n\n\n\n<p>Dopiero co wr\u00f3ci\u0142 do Zag\u0142\u0119bia, ale uwa\u017cam, \u017ce najlepszym zawodnikiem jest i b\u0119dzie w tym sezonie Damian D\u0105browski. Jest to zdecydowany lider \u015brodka pola tej dru\u017cyny.<\/p>\n\n\n\n<p><strong>Poprosz\u0119 o wymienienie atut\u00f3w Ruchu Chorz\u00f3w.<\/strong><\/p>\n\n\n\n<p>Na pewno jest to dru\u017cyna, kt\u00f3ra jest kolektywem. Broni\u0105 si\u0119 ca\u0142ym zespo\u0142em. W pierwszej lidze tracili najmniej bramek i na pewno trzeba uwa\u017ca\u0107 na Daniela Szczepana, kt\u00f3ry jest zawodnikiem nieobliczalnym. Filipa Starzy\u0144skiego nie trzeba reklamowa\u0107 w Zag\u0142\u0119biu. Wiadomo, \u017ce trzeba na niego uwa\u017ca\u0107, bo potrafi zagra\u0107 co\u015b na co kto\u015b inny by nie wpad\u0142.<\/p>\n\n\n\n<p><strong>Jakiego meczu pomi\u0119dzy naszymi dru\u017cynami nale\u017cy si\u0119 spodziewa\u0107?<\/strong><\/p>\n\n\n\n<p>Zag\u0142\u0119bie b\u0119dzie musia\u0142o zagra\u0107 cierpliwie w ataku pozycyjnym. Spodziewam si\u0119, \u017ce Ruch rozpocznie mecz wycofany i czekaj\u0105cy na b\u0142\u0105d Zag\u0142\u0119bia. B\u0119d\u0105 chcieli wykorzysta\u0107 gr\u0119 z kontrataku.<\/p>\n\n\n\n<p><strong>Gdybym m\u00f3g\u0142 dokona\u0107 jednego transferu z Zag\u0142\u0119bia do Ruchu, kto by to by\u0142 i dlaczego?<\/strong><\/p>\n\n\n\n<p>B\u0119dzie to Damian D\u0105browski. Uwa\u017cam, \u017ce idealnie pasowa\u0142by do \u015brodka pola z Patrykiem Sikor\u0105. Stworzyliby bardzo solidny \u015brodek pola w ca\u0142ej ligowej stawce.<\/p>\n\n\n\n<p><strong>Kt\u00f3ry zesp\u00f3\u0142 w obecnym sezonie zaskoczy in plus kibic\u00f3w, na kogo warto w ekstraklasie zwr\u00f3ci\u0107 szczeg\u00f3ln\u0105 uwag\u0119?<\/strong><\/p>\n\n\n\n<p>Legia b\u0119dzie bardzo mocna w tym sezonie, a namiesza\u0107 mo\u017ce Zag\u0142\u0119bie. Dokona\u0142o bardzo ciekawych ruch\u00f3w transferowych, a do tego trener Fornalik zawsze w drugim roku pracy w danym klubie osi\u0105ga\u0142 bardzo dobre wyniki.<\/p>\n\n\n\n<p><strong>Jak odbierane jest Zag\u0142\u0119bie Lubin w Chorzowie, po ostatnich kilku sezonach zn\u00f3w si\u0119 m\u00f3wi, \u017ce to miejsce, w kt\u00f3rym jest za dobrze pi\u0142karzom?<\/strong><\/p>\n\n\n\n<p>W Zag\u0142\u0119biu ju\u017c si\u0119 to przyj\u0119\u0142o, \u017ce jak jest gorszy wynik to zaczyna si\u0119 m\u00f3wi\u0107 o dobrobycie pi\u0142karzy. Uwa\u017cam, \u017ce w tym klubie jest po prostu normalnie. \u017bycz\u0119 wszystkim \u017ceby w tym sezonie wynik by\u0142 taki, jaki wszyscy oczekuj\u0105.<\/p>\n","protected":false},"excerpt":{"rendered":"<p>Poprosz\u0119 o pierwsze skojarzenie zwi\u0105zane z Zag\u0142\u0119biem Lubin\u2026 Pierwsze skojarzenie to na pewno okres, w kt\u00f3rym by\u0142em w Zag\u0142\u0119biu. Bardzo fajny czas, mi\u0142o wspominany przeze mnie. Awans, wspania\u0142a przygoda w&hellip; <\/p>\n","protected":false},"author":1,"featured_media":19932,"comment_status":"open","ping_status":"open","sticky":false,"template":"","format":"standard","meta":{"footnotes":""},"categories":[6],"tags":[522,650,89],"class_list":["post-19933","post","type-post","status-publish","format-standard","has-post-thumbnail","hentry","category-wywiady","tag-lukasz-janoszka","tag-ruch-chorzow","tag-zaglebie-lubin"],"_links":{"self":[{"href":"https:\/\/www.zaglebiak.com\/index.php\/wp-json\/wp\/v2\/posts\/19933","targetHints":{"allow":["GET"]}}],"collection":[{"href":"https:\/\/www.zaglebiak.com\/index.php\/wp-json\/wp\/v2\/posts"}],"about":[{"href":"https:\/\/www.zaglebiak.com\/index.php\/wp-json\/wp\/v2\/types\/post"}],"author":[{"embeddable":true,"href":"https:\/\/www.zaglebiak.com\/index.php\/wp-json\/wp\/v2\/users\/1"}],"replies":[{"embeddable":true,"href":"https:\/\/www.zaglebiak.com\/index.php\/wp-json\/wp\/v2\/comments?post=19933"}],"version-history":[{"count":1,"href":"https:\/\/www.zaglebiak.com\/index.php\/wp-json\/wp\/v2\/posts\/19933\/revisions"}],"predecessor-version":[{"id":19934,"href":"https:\/\/www.zaglebiak.com\/index.php\/wp-json\/wp\/v2\/posts\/19933\/revisions\/19934"}],"wp:featuredmedia":[{"embeddable":true,"href":"https:\/\/www.zaglebiak.com\/index.php\/wp-json\/wp\/v2\/media\/19932"}],"wp:attachment":[{"href":"https:\/\/www.zaglebiak.com\/index.php\/wp-json\/wp\/v2\/media?parent=19933"}],"wp:term":[{"taxonomy":"category","embeddable":true,"href":"https:\/\/www.zaglebiak.com\/index.php\/wp-json\/wp\/v2\/categories?post=19933"},{"taxonomy":"post_tag","embeddable":true,"href":"https:\/\/www.zaglebiak.com\/index.php\/wp-json\/wp\/v2\/tags?post=19933"}],"curies":[{"name":"wp","href":"https:\/\/api.w.org\/{rel}","templated":true}]}}