{"id":19845,"date":"2023-07-20T16:45:22","date_gmt":"2023-07-20T14:45:22","guid":{"rendered":"https:\/\/www.zaglebiak.com\/?p=19845"},"modified":"2023-07-20T16:45:24","modified_gmt":"2023-07-20T14:45:24","slug":"2022-23-podsumowanie-sezonu-odcinek-27","status":"publish","type":"post","link":"https:\/\/www.zaglebiak.com\/index.php\/2023\/07\/20\/2022-23-podsumowanie-sezonu-odcinek-27\/","title":{"rendered":"2022\/23 \u2013 Podsumowanie Sezonu \u2013 odcinek 27"},"content":{"rendered":"\n<figure class=\"wp-block-image size-large\"><img decoding=\"async\" src=\"https:\/\/64.media.tumblr.com\/49da5fdcc6af2b53ba45abab3b24fb6b\/95135a815017cbe1-98\/s1280x1920\/f9fade46987f4617b32e1588b6b7418cad99649c.pnj\" alt=\"\"\/><\/figure>\n\n\n\n<p>M\u0142odzie\u017cowiec Sezonu &#8211; \u0141UKASZ \u0141AKOMY<\/p>\n\n\n\n<p>.<\/p>\n\n\n\n<p>\u017beby mie\u0107 status m\u0142odzie\u017cowca, to trzeba by\u0142o mie\u0107 rocznik 2001 w dowodzie (lub m\u0142odszy&#8230; w dowodzie lub legitymacji szkolnej).<\/p>\n\n\n\n<p>Kto z naszych by\u0142 jeszcze m\u0142odzie\u017cowcem w tym sezonie:<\/p>\n\n\n\n<p><a><\/a>Bieszczad, K\u0142udka, Adamski&#8230; W pierwszej dru\u017cynie by\u0142o ich jeszcze wi\u0119cej, ale nawet minuty w sk\u0142adzie nie dostali.<\/p>\n\n\n\n<p>M\u0142odzie\u017cowcy Sezonu w poprzednich latach:<\/p>\n\n\n\n<p>2018\/19 \u2013 Bartosz SLISZ<\/p>\n\n\n\n<p>2019\/20 \u2013 Bartosz SLISZ<\/p>\n\n\n\n<p>2020\/21 \u2013 \u0141ukasz POR\u0118BA<\/p>\n\n\n\n<p>2021\/22 &#8211; \u0141ukasz \u0141AKOMY<\/p>\n\n\n\n<p>.<\/p>\n\n\n\n<p>Na zdj\u0119ciu screen z youtube&#8217;a jakiego\u015b \u015bciemniacza, kt\u00f3remu si\u0119 wydawa\u0142o \u017ce \u0141ukasz do Turcji p\u00f3jdzie <img loading=\"lazy\" decoding=\"async\" height=\"16\" width=\"16\" alt=\"\ud83d\ude42\" src=\"https:\/\/static.xx.fbcdn.net\/images\/emoji.php\/v9\/t4c\/1\/16\/1f642.png\"><img loading=\"lazy\" decoding=\"async\" height=\"16\" width=\"16\" alt=\"\ud83d\ude42\" src=\"https:\/\/static.xx.fbcdn.net\/images\/emoji.php\/v9\/t4c\/1\/16\/1f642.png\"><img loading=\"lazy\" decoding=\"async\" height=\"16\" width=\"16\" alt=\"\ud83d\ude42\" src=\"https:\/\/static.xx.fbcdn.net\/images\/emoji.php\/v9\/t4c\/1\/16\/1f642.png\"><\/p>\n","protected":false},"excerpt":{"rendered":"<p>M\u0142odzie\u017cowiec Sezonu &#8211; \u0141UKASZ \u0141AKOMY . \u017beby mie\u0107 status m\u0142odzie\u017cowca, to trzeba by\u0142o mie\u0107 rocznik 2001 w dowodzie (lub m\u0142odszy&#8230; w dowodzie lub legitymacji szkolnej). Kto z naszych by\u0142 jeszcze&hellip; <\/p>\n","protected":false},"author":2,"featured_media":19846,"comment_status":"open","ping_status":"open","sticky":false,"template":"","format":"standard","meta":{"footnotes":""},"categories":[1520,1828],"tags":[272],"class_list":["post-19845","post","type-post","status-publish","format-standard","has-post-thumbnail","hentry","category-podsumowanie-sezonu","category-sezon-2022-23","tag-lukasz-lakomy"],"_links":{"self":[{"href":"https:\/\/www.zaglebiak.com\/index.php\/wp-json\/wp\/v2\/posts\/19845","targetHints":{"allow":["GET"]}}],"collection":[{"href":"https:\/\/www.zaglebiak.com\/index.php\/wp-json\/wp\/v2\/posts"}],"about":[{"href":"https:\/\/www.zaglebiak.com\/index.php\/wp-json\/wp\/v2\/types\/post"}],"author":[{"embeddable":true,"href":"https:\/\/www.zaglebiak.com\/index.php\/wp-json\/wp\/v2\/users\/2"}],"replies":[{"embeddable":true,"href":"https:\/\/www.zaglebiak.com\/index.php\/wp-json\/wp\/v2\/comments?post=19845"}],"version-history":[{"count":1,"href":"https:\/\/www.zaglebiak.com\/index.php\/wp-json\/wp\/v2\/posts\/19845\/revisions"}],"predecessor-version":[{"id":19847,"href":"https:\/\/www.zaglebiak.com\/index.php\/wp-json\/wp\/v2\/posts\/19845\/revisions\/19847"}],"wp:featuredmedia":[{"embeddable":true,"href":"https:\/\/www.zaglebiak.com\/index.php\/wp-json\/wp\/v2\/media\/19846"}],"wp:attachment":[{"href":"https:\/\/www.zaglebiak.com\/index.php\/wp-json\/wp\/v2\/media?parent=19845"}],"wp:term":[{"taxonomy":"category","embeddable":true,"href":"https:\/\/www.zaglebiak.com\/index.php\/wp-json\/wp\/v2\/categories?post=19845"},{"taxonomy":"post_tag","embeddable":true,"href":"https:\/\/www.zaglebiak.com\/index.php\/wp-json\/wp\/v2\/tags?post=19845"}],"curies":[{"name":"wp","href":"https:\/\/api.w.org\/{rel}","templated":true}]}}