{"id":19677,"date":"2023-07-05T08:13:44","date_gmt":"2023-07-05T06:13:44","guid":{"rendered":"https:\/\/www.zaglebiak.com\/?p=19677"},"modified":"2023-07-05T08:13:48","modified_gmt":"2023-07-05T06:13:48","slug":"5-lipca-1911-r-urodzil-sie-trener-alojzy-sitko-2","status":"publish","type":"post","link":"https:\/\/www.zaglebiak.com\/index.php\/2023\/07\/05\/5-lipca-1911-r-urodzil-sie-trener-alojzy-sitko-2\/","title":{"rendered":"5 lipca 1911 r. urodzi\u0142 si\u0119 trener Alojzy Sitko"},"content":{"rendered":"<div class=\"wp-block-image\">\n<figure class=\"aligncenter size-full\"><img loading=\"lazy\" decoding=\"async\" width=\"597\" height=\"960\" src=\"https:\/\/64.media.tumblr.com\/15d216b98c5031d668bd2c47022a409e\/3621e19b6396b03b-01\/s640x960\/ee09d620b090e7304fd4ba852a6706b5be9ae7a1.jpg\" alt=\"\" class=\"wp-image-19674\"\/><figcaption class=\"wp-element-caption\">Alojzy Sitko stoi 1 od prawej<\/figcaption><\/figure>\n<\/div>\n\n\n<p>Alojzy Sitko urodzi\u0142 si\u0119 5 lipca 1911 roku w Bottrop. By\u0142 pierwszym trenerem Zag\u0142\u0119bia Lubin, kt\u00f3ry wprowadzi\u0142 nas do 2 ligi. Prowadzi\u0142 nasz\u0105 dru\u017cyn\u0119 w latach 1974-1975. W 1960 roku uzyska\u0142 dyplom trenera I klasy. Wprowadzi\u0142 do ekstraklasy G\u00f3rnik Radlin w 1958 r., Stal Sosnowiec w 1960 r. i Zag\u0142\u0119bie Wa\u0142brzych w 1968 r. Zmar\u0142 23 listopada 1989 roku w Wodzis\u0142awiu \u015al\u0105skim.<\/p>\n","protected":false},"excerpt":{"rendered":"<p>Alojzy Sitko urodzi\u0142 si\u0119 5 lipca 1911 roku w Bottrop. By\u0142 pierwszym trenerem Zag\u0142\u0119bia Lubin, kt\u00f3ry wprowadzi\u0142 nas do 2 ligi. Prowadzi\u0142 nasz\u0105 dru\u017cyn\u0119 w latach 1974-1975. W 1960 roku&hellip; <\/p>\n","protected":false},"author":1,"featured_media":19676,"comment_status":"open","ping_status":"open","sticky":false,"template":"","format":"standard","meta":{"footnotes":""},"categories":[46],"tags":[934,782,1873,1874,89,1775],"class_list":["post-19677","post","type-post","status-publish","format-standard","has-post-thumbnail","hentry","category-aktualnosci","tag-alojzy-sitko","tag-gornik-polkowice","tag-gornik-radlin","tag-stal-sosnowiec","tag-zaglebie-lubin","tag-zaglebie-walbrzych"],"_links":{"self":[{"href":"https:\/\/www.zaglebiak.com\/index.php\/wp-json\/wp\/v2\/posts\/19677","targetHints":{"allow":["GET"]}}],"collection":[{"href":"https:\/\/www.zaglebiak.com\/index.php\/wp-json\/wp\/v2\/posts"}],"about":[{"href":"https:\/\/www.zaglebiak.com\/index.php\/wp-json\/wp\/v2\/types\/post"}],"author":[{"embeddable":true,"href":"https:\/\/www.zaglebiak.com\/index.php\/wp-json\/wp\/v2\/users\/1"}],"replies":[{"embeddable":true,"href":"https:\/\/www.zaglebiak.com\/index.php\/wp-json\/wp\/v2\/comments?post=19677"}],"version-history":[{"count":1,"href":"https:\/\/www.zaglebiak.com\/index.php\/wp-json\/wp\/v2\/posts\/19677\/revisions"}],"predecessor-version":[{"id":19678,"href":"https:\/\/www.zaglebiak.com\/index.php\/wp-json\/wp\/v2\/posts\/19677\/revisions\/19678"}],"wp:featuredmedia":[{"embeddable":true,"href":"https:\/\/www.zaglebiak.com\/index.php\/wp-json\/wp\/v2\/media\/19676"}],"wp:attachment":[{"href":"https:\/\/www.zaglebiak.com\/index.php\/wp-json\/wp\/v2\/media?parent=19677"}],"wp:term":[{"taxonomy":"category","embeddable":true,"href":"https:\/\/www.zaglebiak.com\/index.php\/wp-json\/wp\/v2\/categories?post=19677"},{"taxonomy":"post_tag","embeddable":true,"href":"https:\/\/www.zaglebiak.com\/index.php\/wp-json\/wp\/v2\/tags?post=19677"}],"curies":[{"name":"wp","href":"https:\/\/api.w.org\/{rel}","templated":true}]}}