{"id":19647,"date":"2023-07-04T08:50:53","date_gmt":"2023-07-04T06:50:53","guid":{"rendered":"https:\/\/www.zaglebiak.com\/?p=19647"},"modified":"2023-07-04T08:50:54","modified_gmt":"2023-07-04T06:50:54","slug":"4-lipca-urodzili-sie-leszek-malawski-mateusz-zaremba-i-daniel-slobodzian-2","status":"publish","type":"post","link":"https:\/\/www.zaglebiak.com\/index.php\/2023\/07\/04\/4-lipca-urodzili-sie-leszek-malawski-mateusz-zaremba-i-daniel-slobodzian-2\/","title":{"rendered":"4 lipca urodzili si\u0119 Leszek Malawski, Mateusz Zaremba i Daniel S\u0142obodzian"},"content":{"rendered":"<div class=\"wp-block-image\">\n<figure class=\"aligncenter size-full\"><img loading=\"lazy\" decoding=\"async\" width=\"933\" height=\"1361\" src=\"https:\/\/64.media.tumblr.com\/47a940b48e1a8c2de88139228bd59ba0\/43f893a1b9c22e2a-76\/s1280x1920\/120c3a57cead9d17e7a3ca87872e9462daea0053.jpg\" alt=\"\" class=\"wp-image-19638\"\/><figcaption class=\"wp-element-caption\">Leszek Malawski<\/figcaption><\/figure>\n<\/div>\n\n\n<p>Leszek Malawski urodzi\u0142 si\u0119 4 lipca 1951 roku w Strzelinie. Wychowanek TKS Strzelin. Zawodnik Zag\u0142\u0119bia Lubin i Prochowiczanki Prochowice. Nast\u0119pnie trener lubi\u0144skiej m\u0142odzie\u017cy i asystent Eugeniusza R\u00f3\u017ca\u0144skiego przy pierwszej dru\u017cynie Zag\u0142\u0119bia.<\/p>\n\n\n\n<figure class=\"wp-block-embed is-type-wp-embed is-provider-zaglebiak wp-block-embed-zaglebiak\"><div class=\"wp-block-embed__wrapper\">\n<blockquote class=\"wp-embedded-content\" data-secret=\"bKzYmRDnSK\"><a href=\"https:\/\/www.zaglebiak.com\/index.php\/2020\/10\/26\/leszek-malawski-2\/\">Leszek Malawski<\/a><\/blockquote><iframe loading=\"lazy\" class=\"wp-embedded-content\" sandbox=\"allow-scripts\" security=\"restricted\" style=\"position: absolute; clip: rect(1px, 1px, 1px, 1px);\" title=\"&#8222;Leszek Malawski&#8221; &#8212; Zag\u0142\u0119biak\" src=\"https:\/\/www.zaglebiak.com\/index.php\/2020\/10\/26\/leszek-malawski-2\/embed\/#?secret=Zp3hFb3zNQ#?secret=bKzYmRDnSK\" data-secret=\"bKzYmRDnSK\" width=\"600\" height=\"338\" frameborder=\"0\" marginwidth=\"0\" marginheight=\"0\" scrolling=\"no\"><\/iframe>\n<\/div><\/figure>\n\n\n<div class=\"wp-block-image\">\n<figure class=\"aligncenter size-full\"><img loading=\"lazy\" decoding=\"async\" width=\"420\" height=\"469\" src=\"https:\/\/64.media.tumblr.com\/ef4bdcb7f7dff161be7c84c4ad7a7f6b\/43f893a1b9c22e2a-78\/s500x750\/2f76d29298fc0c62ba41dfec3626eff07e4d3e7f.jpg\" alt=\"\" class=\"wp-image-19640\"\/><figcaption class=\"wp-element-caption\">Mateusz Zaremba po prawej.<\/figcaption><\/figure>\n<\/div>\n\n\n<p>Mateusz Zaremba urodzi\u0142 si\u0119 4 lipca 1988 roku. Wychowanek Zag\u0142\u0119bia Lubin i reprezentant kadry wojew\u00f3dzkiej, z kt\u00f3r\u0105 w turnieju mi\u0119dzynarodowym w Pary\u017cu zaj\u0105\u0142 3 miejsce.<\/p>\n\n\n<div class=\"wp-block-image\">\n<figure class=\"aligncenter size-full\"><img loading=\"lazy\" decoding=\"async\" width=\"540\" height=\"540\" src=\"https:\/\/64.media.tumblr.com\/5ebb17b3c43e1400187699da04afe39c\/43f893a1b9c22e2a-a5\/s540x810\/35bc5a5a89d59aa87112f978a844a2b0b4fde57b.jpg\" alt=\"\" class=\"wp-image-19634\"\/><figcaption class=\"wp-element-caption\">Daniel S\u0142obodzian. Fot. zaglebie.com<\/figcaption><\/figure>\n<\/div>\n\n\n<p>Daniel S\u0142obodzian urodzi\u0142 si\u0119 4 lipca 2007 roku. Bramkarz U-16 Zag\u0142\u0119bia Lubin. Reprezentant Dolnego \u015al\u0105ska.<\/p>\n","protected":false},"excerpt":{"rendered":"<p>Leszek Malawski urodzi\u0142 si\u0119 4 lipca 1951 roku w Strzelinie. Wychowanek TKS Strzelin. Zawodnik Zag\u0142\u0119bia Lubin i Prochowiczanki Prochowice. Nast\u0119pnie trener lubi\u0144skiej m\u0142odzie\u017cy i asystent Eugeniusza R\u00f3\u017ca\u0144skiego przy pierwszej dru\u017cynie&hellip; <\/p>\n","protected":false},"author":1,"featured_media":19636,"comment_status":"open","ping_status":"open","sticky":false,"template":"","format":"standard","meta":{"footnotes":""},"categories":[46],"tags":[932,931,933,89],"class_list":["post-19647","post","type-post","status-publish","format-standard","has-post-thumbnail","hentry","category-aktualnosci","tag-daniel-slobodzian","tag-leszek-malawski","tag-mateusz-zaremba","tag-zaglebie-lubin"],"_links":{"self":[{"href":"https:\/\/www.zaglebiak.com\/index.php\/wp-json\/wp\/v2\/posts\/19647","targetHints":{"allow":["GET"]}}],"collection":[{"href":"https:\/\/www.zaglebiak.com\/index.php\/wp-json\/wp\/v2\/posts"}],"about":[{"href":"https:\/\/www.zaglebiak.com\/index.php\/wp-json\/wp\/v2\/types\/post"}],"author":[{"embeddable":true,"href":"https:\/\/www.zaglebiak.com\/index.php\/wp-json\/wp\/v2\/users\/1"}],"replies":[{"embeddable":true,"href":"https:\/\/www.zaglebiak.com\/index.php\/wp-json\/wp\/v2\/comments?post=19647"}],"version-history":[{"count":1,"href":"https:\/\/www.zaglebiak.com\/index.php\/wp-json\/wp\/v2\/posts\/19647\/revisions"}],"predecessor-version":[{"id":19648,"href":"https:\/\/www.zaglebiak.com\/index.php\/wp-json\/wp\/v2\/posts\/19647\/revisions\/19648"}],"wp:featuredmedia":[{"embeddable":true,"href":"https:\/\/www.zaglebiak.com\/index.php\/wp-json\/wp\/v2\/media\/19636"}],"wp:attachment":[{"href":"https:\/\/www.zaglebiak.com\/index.php\/wp-json\/wp\/v2\/media?parent=19647"}],"wp:term":[{"taxonomy":"category","embeddable":true,"href":"https:\/\/www.zaglebiak.com\/index.php\/wp-json\/wp\/v2\/categories?post=19647"},{"taxonomy":"post_tag","embeddable":true,"href":"https:\/\/www.zaglebiak.com\/index.php\/wp-json\/wp\/v2\/tags?post=19647"}],"curies":[{"name":"wp","href":"https:\/\/api.w.org\/{rel}","templated":true}]}}