{"id":19645,"date":"2023-07-04T08:43:30","date_gmt":"2023-07-04T06:43:30","guid":{"rendered":"https:\/\/www.zaglebiak.com\/?p=19645"},"modified":"2023-07-04T08:43:31","modified_gmt":"2023-07-04T06:43:31","slug":"4-lipca-2022-roku-zmarl-piesciarz-waclaw-milczarek","status":"publish","type":"post","link":"https:\/\/www.zaglebiak.com\/index.php\/2023\/07\/04\/4-lipca-2022-roku-zmarl-piesciarz-waclaw-milczarek\/","title":{"rendered":"4 lipca 2022 roku zmar\u0142 pi\u0119\u015bciarz Wac\u0142aw Milczarek"},"content":{"rendered":"<div class=\"wp-block-image\">\n<figure class=\"aligncenter size-full\"><img loading=\"lazy\" decoding=\"async\" width=\"847\" height=\"1166\" src=\"https:\/\/64.media.tumblr.com\/80f7704714a9cd5c64ed083ece1406ea\/43f893a1b9c22e2a-b4\/s1280x1920\/bf3905261a0df807e8e9328c4ac70c547a94cf30.jpg\" alt=\"\" class=\"wp-image-19644\"\/><figcaption class=\"wp-element-caption\">Wac\u0142aw Milczarek. Fot. archiwum rodziny<\/figcaption><\/figure>\n<\/div>\n\n\n<p>Wac\u0142aw Milczarek zmar\u0142 4 lipca 2022 roku. By\u0142 rodowitym lubinianinem. Pi\u0119\u015bciarskie rzemios\u0142o szlifowa\u0142 pod okiem Kazimierza Pa\u017adziora i J\u00f3zefa Kiciora. Walczy\u0142 w wadze muszej. Walczy\u0142 w wadze 51 kg, podobnie jak Zbigniew Siwak. By\u0142 medalist\u0105 Wojew\u00f3dzkiej Spartakiady M\u0142odzie\u017cy z 1979 roku, br\u0105zowym medalista Indywidualnych Mistrzostw Dolnego \u015al\u0105ska z 1982 roku (w Zgorzelcu) czy z 1985 roku (XXXIX Mistrzostwa Dolnego \u015al\u0105ska Senior\u00f3w w Jeleniej G\u00f3rze).<\/p>\n","protected":false},"excerpt":{"rendered":"<p>Wac\u0142aw Milczarek zmar\u0142 4 lipca 2022 roku. By\u0142 rodowitym lubinianinem. Pi\u0119\u015bciarskie rzemios\u0142o szlifowa\u0142 pod okiem Kazimierza Pa\u017adziora i J\u00f3zefa Kiciora. Walczy\u0142 w wadze muszej. Walczy\u0142 w wadze 51 kg, podobnie&hellip; <\/p>\n","protected":false},"author":1,"featured_media":19642,"comment_status":"open","ping_status":"open","sticky":false,"template":"","format":"standard","meta":{"footnotes":""},"categories":[46],"tags":[311,203,1554,89],"class_list":["post-19645","post","type-post","status-publish","format-standard","has-post-thumbnail","hentry","category-aktualnosci","tag-boks","tag-sekcja-bokserska","tag-waclaw-milczarek","tag-zaglebie-lubin"],"_links":{"self":[{"href":"https:\/\/www.zaglebiak.com\/index.php\/wp-json\/wp\/v2\/posts\/19645","targetHints":{"allow":["GET"]}}],"collection":[{"href":"https:\/\/www.zaglebiak.com\/index.php\/wp-json\/wp\/v2\/posts"}],"about":[{"href":"https:\/\/www.zaglebiak.com\/index.php\/wp-json\/wp\/v2\/types\/post"}],"author":[{"embeddable":true,"href":"https:\/\/www.zaglebiak.com\/index.php\/wp-json\/wp\/v2\/users\/1"}],"replies":[{"embeddable":true,"href":"https:\/\/www.zaglebiak.com\/index.php\/wp-json\/wp\/v2\/comments?post=19645"}],"version-history":[{"count":1,"href":"https:\/\/www.zaglebiak.com\/index.php\/wp-json\/wp\/v2\/posts\/19645\/revisions"}],"predecessor-version":[{"id":19646,"href":"https:\/\/www.zaglebiak.com\/index.php\/wp-json\/wp\/v2\/posts\/19645\/revisions\/19646"}],"wp:featuredmedia":[{"embeddable":true,"href":"https:\/\/www.zaglebiak.com\/index.php\/wp-json\/wp\/v2\/media\/19642"}],"wp:attachment":[{"href":"https:\/\/www.zaglebiak.com\/index.php\/wp-json\/wp\/v2\/media?parent=19645"}],"wp:term":[{"taxonomy":"category","embeddable":true,"href":"https:\/\/www.zaglebiak.com\/index.php\/wp-json\/wp\/v2\/categories?post=19645"},{"taxonomy":"post_tag","embeddable":true,"href":"https:\/\/www.zaglebiak.com\/index.php\/wp-json\/wp\/v2\/tags?post=19645"}],"curies":[{"name":"wp","href":"https:\/\/api.w.org\/{rel}","templated":true}]}}