{"id":19431,"date":"2023-06-21T22:52:08","date_gmt":"2023-06-21T20:52:08","guid":{"rendered":"https:\/\/www.zaglebiak.com\/?p=19431"},"modified":"2023-06-21T22:52:09","modified_gmt":"2023-06-21T20:52:09","slug":"1-lipca-odbedzie-sie-iv-memorial-stanislawa-swierka","status":"publish","type":"post","link":"https:\/\/www.zaglebiak.com\/index.php\/2023\/06\/21\/1-lipca-odbedzie-sie-iv-memorial-stanislawa-swierka\/","title":{"rendered":"1 lipca odb\u0119dzie si\u0119 IV Memoria\u0142 Stanis\u0142awa \u015awierka"},"content":{"rendered":"\n<p>W sobot\u0119, 1 lipca o godzinie 12:00 na obiektach Akademii Zag\u0142\u0119bia Lubin odb\u0119dzie si\u0119 IV Memoria\u0142 Stanis\u0142awa \u015awierka. W memoriale wezm\u0105 udzia\u0142 dru\u017cyny z regionu, kt\u00f3re prowadzi\u0142 trener \u015awierk. B\u0119d\u0105 to oldboje: Zag\u0142\u0119bia Lubin, \u015al\u0105ska Wroc\u0142aw, \u015al\u0119zy Wroc\u0142aw i G\u00f3rnika Wa\u0142brzych. <\/p>\n\n\n\n<p>Pomys\u0142odawc\u0105 memoria\u0142u by\u0142 Grzegorz Kowalski. Pierwsza impreza upami\u0119tniaj\u0105ca trenera odby\u0142a si\u0119 w 2015 we Wroc\u0142awiu i zbieg\u0142o si\u0119 to z obchodami 70 -tych urodzin \u015al\u0119zy. Od pierwszego memoria\u0142u obsada turniejowa jest taka sama, a kolejna edycja dla zasady odbywa si\u0119 na zmian\u0119 we Wroc\u0142awiu, Wa\u0142brzychu i Lubinie. Pierwszym zwyci\u0119zc\u0105 memoria\u0142u by\u0142 \u015al\u0105sk Wroc\u0142aw. <\/p>\n\n\n\n<p>Druga edycja odby\u0142a si\u0119 w 2017 r. w Wa\u0142brzychu. G\u00f3rnik Wa\u0142brzych wystawi\u0142 wtedy najm\u0142odsz\u0105 dru\u017cyn\u0119 i zgarn\u0105\u0142 statuetk\u0119 dla siebie. Warty odnotowania jest fakt, \u017ce w tym memoriale zagra\u0142a po\u0142\u0105czona dru\u017cyna \u015al\u0105ska i \u015al\u0119zy. <\/p>\n\n\n<div class=\"wp-block-image\">\n<figure class=\"aligncenter size-full\"><img loading=\"lazy\" decoding=\"async\" width=\"640\" height=\"1386\" src=\"https:\/\/64.media.tumblr.com\/2d68a2eb30efeffda643eaf0c1de24cb\/ae03d45f913954d3-25\/s1280x1920\/a4633c014c719338ccb4d412c134ea13849ebf02.jpg\" alt=\"\" class=\"wp-image-19428\"\/><figcaption class=\"wp-element-caption\">Statuetka dla zwyci\u0119zcy Memoria\u0142u. Fot. Krzysztof Kostka<\/figcaption><\/figure>\n<\/div>\n\n\n<p>Trzecia edycja to rok 2018 i memoria\u0142 w Lubinie. Zwyci\u0119zc\u0105 by\u0142o Zag\u0142\u0119bie Lubin, kt\u00f3re zgromadzi\u0142o 6 punkt\u00f3w (tyle samo co \u015al\u0119za), ale mia\u0142o najlepszy bilans bramkowy. Trzeci by\u0142 G\u00f3rnik z 4 punktami i ostatni \u015al\u0105sk z jednym punktem. <\/p>\n\n\n\n<p>Jak b\u0119dzie podczas 4 edycji Memoria\u0142u? Zapraszamy serdecznie i b\u0119dziecie mogli si\u0119 przekona\u0107 sami. Na boiskach nie zabraknie legend zwi\u0105zanych z wszystkimi czterema klubami. B\u0119dzie to wspania\u0142a okazja do zdobycia autografu, zrobienia sobie zdj\u0119cia czy zamienienia kilku s\u0142\u00f3w z Mistrzami Polski z roku 1991. <\/p>\n","protected":false},"excerpt":{"rendered":"<p>W sobot\u0119, 1 lipca o godzinie 12:00 na obiektach Akademii Zag\u0142\u0119bia Lubin odb\u0119dzie si\u0119 IV Memoria\u0142 Stanis\u0142awa \u015awierka. W memoriale wezm\u0105 udzia\u0142 dru\u017cyny z regionu, kt\u00f3re prowadzi\u0142 trener \u015awierk. B\u0119d\u0105&hellip; <\/p>\n","protected":false},"author":1,"featured_media":19430,"comment_status":"open","ping_status":"open","sticky":false,"template":"","format":"standard","meta":{"footnotes":""},"categories":[46],"tags":[1334,1863,90,784,89],"class_list":["post-19431","post","type-post","status-publish","format-standard","has-post-thumbnail","hentry","category-aktualnosci","tag-gornik-walbrzych","tag-memorial-stanislawa-swierka","tag-slask-wroclaw","tag-sleza-wroclaw","tag-zaglebie-lubin"],"_links":{"self":[{"href":"https:\/\/www.zaglebiak.com\/index.php\/wp-json\/wp\/v2\/posts\/19431","targetHints":{"allow":["GET"]}}],"collection":[{"href":"https:\/\/www.zaglebiak.com\/index.php\/wp-json\/wp\/v2\/posts"}],"about":[{"href":"https:\/\/www.zaglebiak.com\/index.php\/wp-json\/wp\/v2\/types\/post"}],"author":[{"embeddable":true,"href":"https:\/\/www.zaglebiak.com\/index.php\/wp-json\/wp\/v2\/users\/1"}],"replies":[{"embeddable":true,"href":"https:\/\/www.zaglebiak.com\/index.php\/wp-json\/wp\/v2\/comments?post=19431"}],"version-history":[{"count":1,"href":"https:\/\/www.zaglebiak.com\/index.php\/wp-json\/wp\/v2\/posts\/19431\/revisions"}],"predecessor-version":[{"id":19432,"href":"https:\/\/www.zaglebiak.com\/index.php\/wp-json\/wp\/v2\/posts\/19431\/revisions\/19432"}],"wp:featuredmedia":[{"embeddable":true,"href":"https:\/\/www.zaglebiak.com\/index.php\/wp-json\/wp\/v2\/media\/19430"}],"wp:attachment":[{"href":"https:\/\/www.zaglebiak.com\/index.php\/wp-json\/wp\/v2\/media?parent=19431"}],"wp:term":[{"taxonomy":"category","embeddable":true,"href":"https:\/\/www.zaglebiak.com\/index.php\/wp-json\/wp\/v2\/categories?post=19431"},{"taxonomy":"post_tag","embeddable":true,"href":"https:\/\/www.zaglebiak.com\/index.php\/wp-json\/wp\/v2\/tags?post=19431"}],"curies":[{"name":"wp","href":"https:\/\/api.w.org\/{rel}","templated":true}]}}