{"id":19422,"date":"2023-06-21T16:08:32","date_gmt":"2023-06-21T14:08:32","guid":{"rendered":"https:\/\/www.zaglebiak.com\/?p=19422"},"modified":"2023-06-21T16:14:10","modified_gmt":"2023-06-21T14:14:10","slug":"19-czerwca-1991-r-zaglebie-lubin-zdobylo-mistrzostwo-polski","status":"publish","type":"post","link":"https:\/\/www.zaglebiak.com\/index.php\/2023\/06\/21\/19-czerwca-1991-r-zaglebie-lubin-zdobylo-mistrzostwo-polski\/","title":{"rendered":"Przedstawiamy Mistrz\u00f3w Polski 1991 r."},"content":{"rendered":"\n<p>W sezonie 1990\/1991 dru\u017cyn\u0119 prowadzi\u0142 trener Stanis\u0142aw \u015awierk, kt\u00f3ry z Zag\u0142\u0119biem Lubin sezon wcze\u015bniej zdoby\u0142 wicemistrzostwo Polski. Drugim trenerem by\u0142 Wies\u0142aw Wojno.<\/p>\n\n\n\n<figure class=\"wp-block-image\"><img loading=\"lazy\" decoding=\"async\" width=\"1304\" height=\"1394\" src=\"https:\/\/64.media.tumblr.com\/0039fadaaf4e91561d67767552b423ad\/9a74d22245e90d67-2f\/s2048x3072\/99f3eaedac7a0610c3574618d39d41635f1aab36.jpg\" alt=\"\" class=\"wp-image-7449\"\/><figcaption class=\"wp-element-caption\">Trenerzy \u015awierk i Wojno. Fot. Jerzy Kosi\u0144ski<\/figcaption><\/figure>\n\n\n\n<p>Po 12 kolejce duet trenerski \u015awierk-Wojno zosta\u0142 zast\u0105piony przez duet Marian Putyra-Ryszard Panfil, a asystentem zosta\u0142 Wies\u0142aw Wojno. Ten sztab trenerski pod przewodnictwem trenera Putyry doprowadzi\u0142 Zag\u0142\u0119bie Lubin do mistrzowskiego tytu\u0142u.<\/p>\n\n\n\n<figure class=\"wp-block-image\"><img loading=\"lazy\" decoding=\"async\" width=\"1817\" height=\"2780\" src=\"https:\/\/64.media.tumblr.com\/02b0dc8cfa3921dece7532448a1c5a66\/ab1261cf18484326-20\/s2048x3072\/e5333e349b481cb25c486a7a3a92a363eeb13468.jpg\" alt=\"\" class=\"wp-image-7522\"\/><figcaption class=\"wp-element-caption\">Marian Putyra. Fot. Jerzy Kosi\u0144ski<\/figcaption><\/figure>\n\n\n\n<figure class=\"wp-block-image\"><img loading=\"lazy\" decoding=\"async\" width=\"1840\" height=\"2761\" src=\"https:\/\/64.media.tumblr.com\/88f1bf5b67f9ddc6a6104bc6efbe2cb8\/eae6cc7748c9bc57-59\/s2048x3072\/f208d2b22563795c66c8635aa59b5a114f513ba9.jpg\" alt=\"\" class=\"wp-image-7516\"\/><figcaption class=\"wp-element-caption\">Ryszard Panfil. Fot. Jerzy Kosi\u0144ski<\/figcaption><\/figure>\n\n\n\n<figure class=\"wp-block-image\"><img loading=\"lazy\" decoding=\"async\" width=\"1843\" height=\"2718\" src=\"https:\/\/64.media.tumblr.com\/1669e58a16a249c42ce819f8ed0b9a4f\/ab1261cf18484326-31\/s2048x3072\/b5462e018fc4c353877458649b8974784d1889ea.jpg\" alt=\"\" class=\"wp-image-7534\"\/><figcaption class=\"wp-element-caption\">Wies\u0142aw Wojno. Fot. Jerzy Kosi\u0144ski<\/figcaption><\/figure>\n\n\n\n<p>Za odnow\u0119 biologiczn\u0105 odpowiada\u0142 Zygmunt Stanowski.<\/p>\n\n\n\n<figure class=\"wp-block-image\"><img loading=\"lazy\" decoding=\"async\" width=\"1849\" height=\"2757\" src=\"https:\/\/64.media.tumblr.com\/9a06a1fe2da752f98c58b86243a27f94\/ab1261cf18484326-8c\/s2048x3072\/e671e279c804d825e72a08560786bdd346b8bfe1.jpg\" alt=\"\" class=\"wp-image-7526\"\/><figcaption class=\"wp-element-caption\">Zygmunt Stanowski. Fot. Jerzy Kosi\u0144ski<\/figcaption><\/figure>\n\n\n\n<p>Bramkarze:<\/p>\n\n\n\n<figure class=\"wp-block-image\"><img loading=\"lazy\" decoding=\"async\" width=\"1843\" height=\"2770\" src=\"https:\/\/64.media.tumblr.com\/a4a16fd26f63961818edafeccb048f36\/45cdc199a96b423e-5d\/s2048x3072\/b8b261e7d7f4bc4ed1258733d8e4434e5064dd97.jpg\" alt=\"\" class=\"wp-image-7482\"\/><figcaption class=\"wp-element-caption\">Jaros\u0142aw Bako. Fot. Jerzy Kosi\u0144ski<\/figcaption><\/figure>\n\n\n\n<p>Jaros\u0142aw Bako rozegra\u0142 w mistrzowskim sezonie 22 spotkania.<\/p>\n\n\n\n<figure class=\"wp-block-image\"><img loading=\"lazy\" decoding=\"async\" width=\"1813\" height=\"2766\" src=\"https:\/\/64.media.tumblr.com\/a78158602b752714c02e8c75fd9fe9d1\/45cdc199a96b423e-23\/s2048x3072\/1d6fa2e981e28d1a944718ed53bf609deffd26b7.jpg\" alt=\"\" class=\"wp-image-7500\"\/><figcaption class=\"wp-element-caption\">Krzysztof Koszarski. Fot. Jerzy Kosi\u0144ski<\/figcaption><\/figure>\n\n\n\n<p>Krzysztof Koszarski broni\u0142 dost\u0119pu do lubi\u0144skiej bramki 8 razy.<\/p>\n\n\n\n<figure class=\"wp-block-image\"><img loading=\"lazy\" decoding=\"async\" width=\"1827\" height=\"2757\" src=\"https:\/\/64.media.tumblr.com\/168bc292ffdc40a698f1b05f0df75dac\/45cdc199a96b423e-33\/s2048x3072\/50754a87dd233448f83b8e3e2ffbd25960333f14.jpg\" alt=\"\" class=\"wp-image-7496\"\/><figcaption class=\"wp-element-caption\">J\u0119drzej K\u0119dziora. Fot. Jerzy Kosi\u0144ski<\/figcaption><\/figure>\n\n\n\n<figure class=\"wp-block-image\"><img loading=\"lazy\" decoding=\"async\" width=\"1813\" height=\"2779\" src=\"https:\/\/64.media.tumblr.com\/3648c3a4283e9c2019ae8d17e3215202\/45cdc199a96b423e-ce\/s2048x3072\/c5017bd176a0e820f38c0ecb179606dde7bc3762.jpg\" alt=\"\" class=\"wp-image-7498\"\/><figcaption class=\"wp-element-caption\">Jacek Kikowski. Fot. Jerzy Kosi\u0144ski<\/figcaption><\/figure>\n\n\n\n<p>Obro\u0144cy:<\/p>\n\n\n\n<figure class=\"wp-block-image\"><img loading=\"lazy\" decoding=\"async\" width=\"1823\" height=\"2774\" src=\"https:\/\/64.media.tumblr.com\/7aefb0d3d40171ecb1d024729c57362d\/eae6cc7748c9bc57-da\/s2048x3072\/66347ad92ac21128c69c5c704cc7c69ea8978644.jpg\" alt=\"\" class=\"wp-image-7504\"\/><figcaption class=\"wp-element-caption\">Romuald Kujawa. Fot. Jerzy Kosi\u0144ski<\/figcaption><\/figure>\n\n\n\n<p>Romuald Kujawa rozegra\u0142 29 spotka\u0144 i strzeli\u0142 10 bramek.<\/p>\n\n\n\n<figure class=\"wp-block-image\"><img loading=\"lazy\" decoding=\"async\" width=\"1827\" height=\"2773\" src=\"https:\/\/64.media.tumblr.com\/4a2951f3857932e05d58d8dacf1bdd61\/ab1261cf18484326-69\/s2048x3072\/fef3b96a44bea6ffc53d5f1ced5db7c4214c1b7c.jpg\" alt=\"\" class=\"wp-image-7536\"\/><figcaption class=\"wp-element-caption\">Andrzej W\u00f3jcik. Fot. Jerzy Kosi\u0144ski<\/figcaption><\/figure>\n\n\n\n<p>Andrzej W\u00f3jcik rozegra\u0142 29 spotka\u0144 i strzeli\u0142 4 bramki.<\/p>\n\n\n\n<figure class=\"wp-block-image\"><img loading=\"lazy\" decoding=\"async\" width=\"1855\" height=\"2793\" src=\"https:\/\/64.media.tumblr.com\/efb1c0a23fa6886d68543678978a2683\/eae6cc7748c9bc57-73\/s2048x3072\/8a237ce9dbc4e4d08675cbd71827b6ab97e84f15.jpg\" alt=\"\" class=\"wp-image-7508\"\/><figcaption class=\"wp-element-caption\">Stefan Machaj. Fot. Jerzy Kosi\u0144ski<\/figcaption><\/figure>\n\n\n\n<p>Stefan Machaj rozegra\u0142 28 spotka\u0144 i strzeli\u0142 3 bramki.<\/p>\n\n\n\n<figure class=\"wp-block-image\"><img loading=\"lazy\" decoding=\"async\" width=\"1830\" height=\"2747\" src=\"https:\/\/64.media.tumblr.com\/875a0799e2824ee809a4b609848c1628\/eae6cc7748c9bc57-b9\/s2048x3072\/6c9b65975e8cc7994c7e0bdfcc86692da89b8ed6.jpg\" alt=\"\" class=\"wp-image-7518\"\/><figcaption class=\"wp-element-caption\">Zdzis\u0142aw Pietrzykowski. Fot. Jerzy Kosi\u0144ski<\/figcaption><\/figure>\n\n\n\n<p>Zdzis\u0142aw Pietrzykowski rozegra\u0142 26 spotka\u0144.<\/p>\n\n\n\n<figure class=\"wp-block-image\"><img loading=\"lazy\" decoding=\"async\" width=\"1840\" height=\"2757\" src=\"https:\/\/64.media.tumblr.com\/65d419fe60601c00351c9d4f27273b91\/45cdc199a96b423e-c0\/s2048x3072\/adefb950c2fa64a6d7ef523d7e578a45815b90b4.jpg\" alt=\"\" class=\"wp-image-7488\"\/><figcaption class=\"wp-element-caption\">Marek Godlewski. Fot. Jerzy Kosi\u0144ski<\/figcaption><\/figure>\n\n\n\n<p>Marek Godlewski rozegra\u0142 21 spotka\u0144 i strzeli\u0142 2 bramki.<\/p>\n\n\n\n<figure class=\"wp-block-image\"><img loading=\"lazy\" decoding=\"async\" width=\"1843\" height=\"2738\" src=\"https:\/\/64.media.tumblr.com\/c15c0af44bbccfe7404ff8be6f01ff59\/eae6cc7748c9bc57-7d\/s2048x3072\/772e666589f801802bc68970b492bd0ac8519ba4.jpg\" alt=\"\" class=\"wp-image-7506\"\/><figcaption class=\"wp-element-caption\">Dariusz Lewandowski. Fot. Jerzy Kosi\u0144ski<\/figcaption><\/figure>\n\n\n\n<p>Dariusz Lewandowski rozegra\u0142 14 spotka\u0144 i strzeli\u0142 1 bramk\u0119.<\/p>\n\n\n\n<figure class=\"wp-block-image\"><img loading=\"lazy\" decoding=\"async\" width=\"1949\" height=\"1802\" src=\"https:\/\/64.media.tumblr.com\/cc818ed12c24bfcf126b17e7b370a8b0\/d45b30d2b3e64b06-0c\/s2048x3072\/a8c0aad925aade7a911b6b8504bbca4ef3509312.jpg\" alt=\"\" class=\"wp-image-7542\"\/><figcaption class=\"wp-element-caption\">Jaros\u0142aw Chwaliszewski. Fot. Jerzy Kosi\u0144ski<\/figcaption><\/figure>\n\n\n\n<p>Jaros\u0142aw Chwaliszewski rozegra\u0142 11 spotka\u0144.<\/p>\n\n\n\n<figure class=\"wp-block-image\"><img loading=\"lazy\" decoding=\"async\" width=\"1846\" height=\"2740\" src=\"https:\/\/64.media.tumblr.com\/d93ae6f9096be58f8dafe5fb3f7efeeb\/45cdc199a96b423e-10\/s2048x3072\/dfcfb76708ac0b6228f51fe320e33dd5339ce3cc.jpg\" alt=\"\" class=\"wp-image-7484\"\/><figcaption class=\"wp-element-caption\">Mariusz B\u0142achuta. Fot. Jerzy Kosi\u0144ski<\/figcaption><\/figure>\n\n\n\n<p>Pomocnicy:<\/p>\n\n\n\n<figure class=\"wp-block-image\"><img loading=\"lazy\" decoding=\"async\" width=\"1843\" height=\"2770\" src=\"https:\/\/64.media.tumblr.com\/876151342d3c661266b919195b82dd16\/ab1261cf18484326-db\/s2048x3072\/ce0839ecc1aa9642224fd2547dbfb6e54446aa0e.jpg\" alt=\"\" class=\"wp-image-7538\"\/><figcaption class=\"wp-element-caption\">Adam Zejer. Fot. Jerzy Kosi\u0144ski<\/figcaption><\/figure>\n\n\n\n<p>Adam Zejer rozegra\u0142 29 spotka\u0144 i strzeli\u0142 4 bramki.<\/p>\n\n\n\n<figure class=\"wp-block-image\"><img loading=\"lazy\" decoding=\"async\" width=\"1845\" height=\"2734\" src=\"https:\/\/64.media.tumblr.com\/091622244b5ba26cd54497ef144b18b0\/ab1261cf18484326-40\/s2048x3072\/9fb33ea7983addc27d0c220eb78b1343c4ef2e3e.jpg\" alt=\"\" class=\"wp-image-7528\"\/><figcaption class=\"wp-element-caption\">Zbigniew Szewczyk. Fot. Jerzy Kosi\u0144ski<\/figcaption><\/figure>\n\n\n\n<p>Zbigniew Szewczyk rozegra\u0142 28 spotka\u0144.<\/p>\n\n\n\n<figure class=\"wp-block-image\"><img loading=\"lazy\" decoding=\"async\" width=\"1865\" height=\"2689\" src=\"https:\/\/64.media.tumblr.com\/c20e53ab87c829d87d7c76d5082b2156\/45cdc199a96b423e-31\/s2048x3072\/7ae3e9ffc0a0fd62ecf935d8ab6bfb46b90c9168.jpg\" alt=\"\" class=\"wp-image-7490\"\/><figcaption class=\"wp-element-caption\">Jaros\u0142aw G\u00f3ra. Fot. Jerzy Kosi\u0144ski<\/figcaption><\/figure>\n\n\n\n<p>Jaros\u0142aw G\u00f3ra rozegra\u0142 26 spotka\u0144 i strzeli\u0142 7 bramek.<\/p>\n\n\n\n<figure class=\"wp-block-image\"><img loading=\"lazy\" decoding=\"async\" width=\"1837\" height=\"2731\" src=\"https:\/\/64.media.tumblr.com\/720057986c397b11e87bacb1c9b74162\/ab1261cf18484326-a3\/s2048x3072\/0c0dd70a678817f78b2f2d4f311931521ac1d043.jpg\" alt=\"\" class=\"wp-image-7532\"\/><figcaption class=\"wp-element-caption\">Mariusz Urbaniak. Fot. Jerzy Kosi\u0144ski<\/figcaption><\/figure>\n\n\n\n<p>Mariusz Urbaniak rozegra\u0142 9 spotka\u0144.<\/p>\n\n\n\n<figure class=\"wp-block-image\"><img loading=\"lazy\" decoding=\"async\" width=\"1843\" height=\"2696\" src=\"https:\/\/64.media.tumblr.com\/4e6669db0ecd314564ff0cbd1bb212e5\/45cdc199a96b423e-ca\/s2048x3072\/713bca05fe09c76c5a935cbcd14f8733590e78e1.jpg\" alt=\"\" class=\"wp-image-7486\"\/><figcaption class=\"wp-element-caption\">Marcin Cili\u0144ski. Fot. Jerzy Kosi\u0144ski<\/figcaption><\/figure>\n\n\n\n<p>Marcin Cili\u0144ski rozegra\u0142 5 spotka\u0144.<\/p>\n\n\n\n<figure class=\"wp-block-image\"><img loading=\"lazy\" decoding=\"async\" width=\"1868\" height=\"2748\" src=\"https:\/\/64.media.tumblr.com\/b22c8204eb6127559d6ea084ea4145df\/45cdc199a96b423e-be\/s2048x3072\/65349af84659eb1876beed5054f8b26220930d84.jpg\" alt=\"\" class=\"wp-image-7492\"\/><figcaption class=\"wp-element-caption\">Les\u0142aw Grech. Fot. Jerzy Kosi\u0144ski<\/figcaption><\/figure>\n\n\n\n<p>Les\u0142aw Grech rozegra\u0142 2 spotkania.<\/p>\n\n\n\n<p>Napastnicy:<\/p>\n\n\n\n<figure class=\"wp-block-image\"><img loading=\"lazy\" decoding=\"async\" width=\"1833\" height=\"2718\" src=\"https:\/\/64.media.tumblr.com\/39a41a765b82bf72800286e5f6071a1e\/eae6cc7748c9bc57-84\/s2048x3072\/e3c1338c9e78a6434ed46b56956edb4ce9293d74.jpg\" alt=\"\" class=\"wp-image-7510\"\/><figcaption class=\"wp-element-caption\">Dariusz Marciniak. Fot. Jerzy Kosi\u0144ski<\/figcaption><\/figure>\n\n\n\n<p>Dariusz Marciniak rozegra\u0142 24 spotkania i strzeli\u0142 6 bramek.<\/p>\n\n\n\n<figure class=\"wp-block-image\"><img loading=\"lazy\" decoding=\"async\" width=\"1814\" height=\"2783\" src=\"https:\/\/64.media.tumblr.com\/a8c8ff322812318b4cb891250daafbff\/eae6cc7748c9bc57-ad\/s2048x3072\/441f4363d5c9313bfb27be5211eeadb0d2306164.jpg\" alt=\"\" class=\"wp-image-7502\"\/><figcaption class=\"wp-element-caption\">Janusz Kudyba. Fot. Jerzy Kosi\u0144ski<\/figcaption><\/figure>\n\n\n\n<p>Janusz Kudyba rozegra\u0142 21 spotka\u0144 i strzeli\u0142 8 bramek.<\/p>\n\n\n\n<figure class=\"wp-block-image\"><img loading=\"lazy\" decoding=\"async\" width=\"1826\" height=\"2741\" src=\"https:\/\/64.media.tumblr.com\/aeda02c92d406d85d2a1008984dff894\/eae6cc7748c9bc57-7d\/s2048x3072\/011ad8171ad302bcfbd152a0177e452777645ec7.jpg\" alt=\"\" class=\"wp-image-7514\"\/><figcaption class=\"wp-element-caption\">Mariusz Olbi\u0144ski. Fot. Jerzy Kosi\u0144ski<\/figcaption><\/figure>\n\n\n\n<p>Mariusz Olbi\u0144ski rozegra\u0142 18 spotka\u0144 i strzeli\u0142 1 bramk\u0119.<\/p>\n\n\n\n<figure class=\"wp-block-image\"><img loading=\"lazy\" decoding=\"async\" width=\"1833\" height=\"2698\" src=\"https:\/\/64.media.tumblr.com\/4db68be1eb7e2c17cbf3db84f8421f6d\/eae6cc7748c9bc57-a3\/s2048x3072\/21fca20581cfe057c71d7d8a2e048b5faf617e74.jpg\" alt=\"\" class=\"wp-image-7512\"\/><figcaption class=\"wp-element-caption\">Janusz Najdek. Fot. Jerzy Kosi\u0144ski<\/figcaption><\/figure>\n\n\n\n<p>Janusz Najdek rozegra\u0142 9 spotka\u0144.<\/p>\n\n\n\n<figure class=\"wp-block-image\"><img loading=\"lazy\" decoding=\"async\" width=\"1852\" height=\"2766\" src=\"https:\/\/64.media.tumblr.com\/82dd7efaa5c9808162a8fd71cc1dad12\/ab1261cf18484326-3d\/s2048x3072\/e66882f4586012d45eec8c4ccd055ebda6ef5730.jpg\" alt=\"\" class=\"wp-image-7524\"\/><figcaption class=\"wp-element-caption\">Grzegorz Pyc. Fot. Jerzy Kosi\u0144ski<\/figcaption><\/figure>\n\n\n\n<p>Grzegorz Pyc rozegra\u0142 5 spotka\u0144.<\/p>\n\n\n\n<p>Piotr Tyszkiewicz rozegra\u0142 1 spotkanie.<\/p>\n\n\n\n<figure class=\"wp-block-image\"><img loading=\"lazy\" decoding=\"async\" width=\"1823\" height=\"2715\" src=\"https:\/\/64.media.tumblr.com\/7efbe9d834ee9f6c41dbe171953f6754\/eae6cc7748c9bc57-48\/s2048x3072\/bdf0c686fca418907939d1189a377cf58a33da26.jpg\" alt=\"\" class=\"wp-image-7520\"\/><figcaption class=\"wp-element-caption\">Jaros\u0142aw Pokora. Fot. Jerzy Kosi\u0144ski<\/figcaption><\/figure>\n\n\n\n<figure class=\"wp-block-image\"><img loading=\"lazy\" decoding=\"async\" width=\"1859\" height=\"2731\" src=\"https:\/\/64.media.tumblr.com\/32be8c93e4ab21963cf4963afcee7730\/45cdc199a96b423e-c4\/s2048x3072\/b403c58dd8147c6ad4f4ca8d7de55f13da562a88.jpg\" alt=\"\" class=\"wp-image-7494\"\/><figcaption class=\"wp-element-caption\">Rados\u0142aw Jasi\u0144ski. Fot. Jerzy Kosi\u0144ski<\/figcaption><\/figure>\n\n\n\n<p>Zag\u0142\u0119bie Lubin w ca\u0142ym sezonie odnios\u0142o 18 zwyci\u0119stw, 8 remis\u00f3w i 4 pora\u017cki. Jako Ciekawostk\u0119 podam, \u017ce na lubi\u0144skim stadionie przez ca\u0142y sezon dru\u017cyna nie ponios\u0142a pora\u017cki notuj\u0105c 13 zwyci\u0119stw i 2 remisy. Na wyje\u017adzie wygl\u0105da\u0142o to troch\u0119 gorzej, bo wygrali\u015bmy tylko 5 razy, 6 razy pad\u0142 remis i trafi\u0142y si\u0119 4 pora\u017cki. Bilans bramek 49-25.<\/p>\n\n\n\n<p>Jak spotkanie owych Pan\u00f3w na ulicy to pami\u0119tajcie \u017ceby podzi\u0119kowa\u0107 im za pierwszy tytu\u0142 dla Zag\u0142\u0119bia. Mistrz, Mistrz Zag\u0142\u0119bie!!!!<\/p>\n","protected":false},"excerpt":{"rendered":"<p>W sezonie 1990\/1991 dru\u017cyn\u0119 prowadzi\u0142 trener Stanis\u0142aw \u015awierk, kt\u00f3ry z Zag\u0142\u0119biem Lubin sezon wcze\u015bniej zdoby\u0142 wicemistrzostwo Polski. Drugim trenerem by\u0142 Wies\u0142aw Wojno. Po 12 kolejce duet trenerski \u015awierk-Wojno zosta\u0142 zast\u0105piony&hellip; <\/p>\n","protected":false},"author":1,"featured_media":19425,"comment_status":"open","ping_status":"open","sticky":false,"template":"","format":"standard","meta":{"footnotes":""},"categories":[27,46,24],"tags":[],"class_list":["post-19422","post","type-post","status-publish","format-standard","has-post-thumbnail","hentry","category-1990-2000","category-aktualnosci","category-historia"],"_links":{"self":[{"href":"https:\/\/www.zaglebiak.com\/index.php\/wp-json\/wp\/v2\/posts\/19422","targetHints":{"allow":["GET"]}}],"collection":[{"href":"https:\/\/www.zaglebiak.com\/index.php\/wp-json\/wp\/v2\/posts"}],"about":[{"href":"https:\/\/www.zaglebiak.com\/index.php\/wp-json\/wp\/v2\/types\/post"}],"author":[{"embeddable":true,"href":"https:\/\/www.zaglebiak.com\/index.php\/wp-json\/wp\/v2\/users\/1"}],"replies":[{"embeddable":true,"href":"https:\/\/www.zaglebiak.com\/index.php\/wp-json\/wp\/v2\/comments?post=19422"}],"version-history":[{"count":2,"href":"https:\/\/www.zaglebiak.com\/index.php\/wp-json\/wp\/v2\/posts\/19422\/revisions"}],"predecessor-version":[{"id":19426,"href":"https:\/\/www.zaglebiak.com\/index.php\/wp-json\/wp\/v2\/posts\/19422\/revisions\/19426"}],"wp:featuredmedia":[{"embeddable":true,"href":"https:\/\/www.zaglebiak.com\/index.php\/wp-json\/wp\/v2\/media\/19425"}],"wp:attachment":[{"href":"https:\/\/www.zaglebiak.com\/index.php\/wp-json\/wp\/v2\/media?parent=19422"}],"wp:term":[{"taxonomy":"category","embeddable":true,"href":"https:\/\/www.zaglebiak.com\/index.php\/wp-json\/wp\/v2\/categories?post=19422"},{"taxonomy":"post_tag","embeddable":true,"href":"https:\/\/www.zaglebiak.com\/index.php\/wp-json\/wp\/v2\/tags?post=19422"}],"curies":[{"name":"wp","href":"https:\/\/api.w.org\/{rel}","templated":true}]}}