{"id":19356,"date":"2023-06-19T09:52:06","date_gmt":"2023-06-19T07:52:06","guid":{"rendered":"https:\/\/www.zaglebiak.com\/?p=19356"},"modified":"2023-06-19T09:52:08","modified_gmt":"2023-06-19T07:52:08","slug":"swieto-pionierow-polskiego-sportu-w-parku-lesnym-17-06-2023-r","status":"publish","type":"post","link":"https:\/\/www.zaglebiak.com\/index.php\/2023\/06\/19\/swieto-pionierow-polskiego-sportu-w-parku-lesnym-17-06-2023-r\/","title":{"rendered":"\u015awi\u0119to pionier\u00f3w polskiego sportu w Parku Le\u015bnym &#8211; 17.06.2023 r."},"content":{"rendered":"\n<p>\u201eBez przesz\u0142o\u015bci nie ma przysz\u0142o\u015bci\u201d &#8211; tak\u0105 dewiz\u0105 pos\u0142uguj\u0105 si\u0119 i krocz\u0105 jej \u015bladami Przyjaciele Historii. 40 organizacji w tym: sportowe, historyczne, rekonstrukcyjne, gastronomiczne, odtwarzaj\u0105ce ubrania z minionych epok, rami\u0119 w rami\u0119 czyni\u0142o starania, a\u017ceby da\u0107 widzom sportowo-historyczn\u0105 uczt\u0119 pod nazw\u0105 \u201eSportowy Powr\u00f3t do Przesz\u0142o\u015bci\u201d. Osoby z ca\u0142ego Zag\u0142\u0119bia Miedziowego i nie tylko, mog\u0142y ogl\u0105da\u0107 historyczn\u0105 walk\u0119 <a><\/a>Pi\u0119\u015bciarza z Auschwitz, pierwszy mecz reprezentacji Polski po odzyskaniu niepodleg\u0142o\u015bci czy zmagania lekkoatlet\u00f3w z IIRP.<\/p>\n\n\n\n<p>Przygotowana do \u201eSportowego Powrotu do Przesz\u0142o\u015bci\u201d trwa\u0142y kilka miesi\u0119cy. W tym czasie do Stowarzyszenia Boks Lubin, Rodzinnej Grupy REKO, do\u0142\u0105cza\u0142y kolejne organizacje, kt\u00f3re tak jak oni kochaj\u0105 sw\u00f3j kraj i chc\u0105 dba\u0107 o jego dziedzictwo i pami\u0119\u0107 rodak\u00f3w sprzed lat. Wydarzenie zaplanowano na 17 czerwca. W ko\u0144cu nadszed\u0142 upragniony dzie\u0144.<\/p>\n\n\n\n<p>Go\u015bciem honorowym wydarzenia byli nasi przyjaciele &#8211; Eleonora Szafran-Pietrzykowska z m\u0119\u017cem Januszem. Specjalna historyczna delegacja (przedstawicie Boks Lubin, Rodzinnej Grupy REKO i Zwi\u0105zku Pi\u0142sudczyk\u00f3w RP, potomek Antoniego Ostowicza pilota RAFU Robert, wraz z narzeczon\u0105 Alicj\u0105, a tak\u017ce lekkoatleci z IIRP, czyli Parkrun Lubin) uda\u0142a si\u0119 po wy\u017cej wspomniane ma\u0142\u017ce\u0144stwo do pobliskiego hotelu.<\/p>\n\n\n\n<figure class=\"wp-block-image size-full\"><img loading=\"lazy\" decoding=\"async\" width=\"1200\" height=\"800\" src=\"https:\/\/64.media.tumblr.com\/8f6bb5c78ef8c4fadd32bdbb40b2a097\/956fc941693cbe5c-2d\/s1280x1920\/5477687f2fbc5c7bda9ff551832976e625407b54.jpg\" alt=\"\" class=\"wp-image-19384\"\/><\/figure>\n\n\n\n<p> Tam, na r\u0119ce Pani Eleonory organizatorzy z\u0142o\u017cyli pami\u0105tkowe r\u0119kawice bokserskie z wygrawerowan\u0105 dat\u0105 debiutu jej taty Tadeusza &#8222;Teddyego&#8221;, oraz pseudonimem, imieniem i nazwiskiem. Delegacja zaprowadzi\u0142a Pani\u0105 Eleonor\u0119 wraz z m\u0119\u017cem pod ring bokserski w Parku Le\u015bnym, na kt\u00f3rym odtworzono mecz z Auschwitz &#8211; Tadeusza &#8222;Teddyego&#8221; Pietrzykowskiego (w tej roli pi\u0119\u015bciarz i trener Dawid Oborski) z obozowym kapo, wicemistrzem Niemiec \u2013 Walterem Dunningiem (w tej roli Pawe\u0142 Czy\u017cyk, zawodowy pi\u0119\u015bciarz zdobywca pas\u00f3w WBA Continental oraz IBO International). <\/p>\n\n\n\n<figure class=\"wp-block-image size-full\"><img loading=\"lazy\" decoding=\"async\" width=\"922\" height=\"1312\" src=\"https:\/\/64.media.tumblr.com\/e2c8a5ecd6423bf34adc8c3cbd258157\/6ab6bf59a89db6f2-fe\/s1280x1920\/0f2d9da370dc9292e36ff562b1b08c11bce1d808.jpg\" alt=\"\" class=\"wp-image-19368\"\/><\/figure>\n\n\n\n<p>Trzyrundowy pojedynek obfitowa\u0142 w niesamowite emocje. Panowie stan\u0119li na wysoko\u015bci zadania i dali wyborny pokaz pi\u0119\u015bciarstwa. Od wielu tygodni obaj przygotowywali si\u0119 do tego wydarzenia, a odtw\u00f3rca roli naszego rodaka tak\u017ce zadba\u0142 o odpowiedni wygl\u0105d, nie gol\u0105c si\u0119 przez jaki\u015b czas i trzymaj\u0105c odpowiedni\u0105 wag\u0119. Warto podkre\u015bli\u0107, \u017ce r\u00f3\u017cnica mi\u0119dzy pi\u0119\u015bciarzami w Auschwitz wynosi\u0142a kilkadziesi\u0105t kilogram\u00f3w. Po efektownym zako\u0144czeniu pojedynku przez Tadeusza Pietrzykowskiego w roli Dawida Oborskiego, us\u0142yszeli\u015bmy gromkie brawa, ale i od\u015bpiewane zosta\u0142o: Sto lat! Ot\u00f3\u017c wcielaj\u0105cy si\u0119 w rol\u0119 pi\u0119\u015bciarza &#8222;Teddyego&#8221; obchodzi\u0142 okr\u0105g\u0142e urodziny. Tort przekaza\u0142a mu wraz z \u017cyczeniami Pani Eleonora.<\/p>\n\n\n\n<figure class=\"wp-block-image size-full\"><img loading=\"lazy\" decoding=\"async\" width=\"1600\" height=\"720\" src=\"https:\/\/64.media.tumblr.com\/3fe4e4fb81805c4c26285c4a45245eec\/6ab6bf59a89db6f2-4c\/s2048x3072\/bda0e7b66c67cc09cd95abd76b84fe87106c5db6.jpg\" alt=\"\" class=\"wp-image-19364\"\/><\/figure>\n\n\n\n<p>Pod ringiem mogli\u015bmy spotka\u0107 legendy lubi\u0144skiego boksu jak: znakomitego trenera i zawodnika Feliksa Stamma \u2013 Mieczys\u0142awa Massiera, trenera reprezentacji Polski kobiet w boksie \u2013 Marka Wi\u0119gierskiego, trenera m\u0142odzie\u017cy pi\u0119\u015bciarskiego Zag\u0142\u0119bia \u2013 Stanis\u0142awa G\u0142adysza, olimpijczyka z Seulu Janusza Zarenkiewicza, kt\u00f3ry wcieli\u0142 si\u0119 podczas rekonstrukcji walki w rol\u0119 s\u0119dziego. By\u0142ych zawodnik\u00f3w pi\u0119\u015bciarskiego Zag\u0142\u0119bia jak Czes\u0142aw Rojek, Zbyszek Siwak czy Zenon \u015awiderski.<\/p>\n\n\n\n<figure class=\"wp-block-image size-full\"><img loading=\"lazy\" decoding=\"async\" width=\"2048\" height=\"1152\" src=\"https:\/\/64.media.tumblr.com\/4ed2ab19af2104e64e832183e3987712\/6ab6bf59a89db6f2-ae\/s2048x3072\/5922c01137334166937fd40420d21e4722b31af8.jpg\" alt=\"\" class=\"wp-image-19366\"\/><\/figure>\n\n\n\n<p>Tutaj nale\u017cy r\u00f3wnie\u017c podkre\u015bli\u0107, i\u017c w powy\u017cszym gronie byli tak\u017ce przedstawiciele innych sekcji Zag\u0142\u0119bia sprzed lat. Tenisistka sto\u0142owa Dorota Djaczy\u0144ska \u2013 Nowacka (reprezentowa\u0142a Polsk\u0119 w meczu mi\u0119dzypa\u0144stwowym w Lubinie z Chinami i RFN), a tak\u017ce lubinianka Lilianna Morawiec \u2013 \u0142y\u017cwiarka szybka MKS Zag\u0142\u0119bia Lubin i Cuprum Lubin, uczestniczka igrzysk olimpijskich w Sarajewie. Akcj\u0119 wspierali tak\u017ce inni sportowcy jak Alicja Skrzypicka. Pod ringiem stacjonowali tak\u017ce przedstawiciele Zwi\u0105zku Kombatant\u00f3w z Henrykiem Rusewiczem na czele.<\/p>\n\n\n<div class=\"wp-block-image\">\n<figure class=\"aligncenter size-full\"><img loading=\"lazy\" decoding=\"async\" width=\"526\" height=\"935\" src=\"https:\/\/64.media.tumblr.com\/740cef976f4e7d175eabf164c2c7f563\/6ab6bf59a89db6f2-3f\/s640x960\/0ca681c68a6aad6369f4c1c7cf211967875bef13.jpg\" alt=\"\" class=\"wp-image-19360\"\/><\/figure>\n<\/div>\n\n\n<p>Zaraz po g\u0142\u00f3wnej walce rekonstrukcyjnej, ekipy Stowarzyszenia Boks Lubin (z trenerami Zbyszkiem Siwakiem, Zenonem \u015awiderskim i Januszem Zarenkiewiczem), UKS Boks G\u0142og\u00f3w (Kuby Kowalskiego) i Old School Boxing-Gym Legnica (Miko\u0142aja Jakimczyka) zaprezentowa\u0142y sparingi kadry Feliksa Papy Stamma, gdzie niekt\u00f3rzy zawodnicy wyst\u0105pili w strojach kadry z 1938 roku.<\/p>\n\n\n\n<figure class=\"wp-block-image size-full\"><img loading=\"lazy\" decoding=\"async\" width=\"2048\" height=\"2048\" src=\"https:\/\/64.media.tumblr.com\/5333e5b3e6b919f6c2411c7ea0b6dcd9\/44e6892c3d727d98-44\/s2048x3072\/07be4545a0591f5102068f3ef5ee57ab361ef4a2.jpg\" alt=\"\" class=\"wp-image-19372\"\/><\/figure>\n\n\n\n<p>Teren wydarzenia by\u0142 rozleg\u0142y. Na obiekcie od strony ul. Gajowej Parku Le\u015bnego, kt\u00f3ry by\u0142 tak\u017ce wsp\u00f3\u0142organizatorem imprezy wraz z Muzeum Historycznym w Lubinie, ustawiono kilka namiot\u00f3w tematycznych. W jednym z nich Historycy Sportu (Krzysztof Kostka i Mariusz Babicz) prezentowali rzeczy, w kt\u00f3rych gra\u0142o si\u0119 w pi\u0142k\u0119 no\u017cn\u0105 90 czy 50 lat temu. <\/p>\n\n\n\n<figure class=\"wp-block-image size-full\"><img loading=\"lazy\" decoding=\"async\" width=\"2048\" height=\"2048\" src=\"https:\/\/64.media.tumblr.com\/6bccf9151f613b6a740341b878ab24aa\/956fc941693cbe5c-09\/s2048x3072\/fe42388a19838a7d49a5499db93f9c136f407a1b.jpg\" alt=\"\" class=\"wp-image-19382\"\/><\/figure>\n\n\n\n<p>W innym, Zwi\u0105zek Pi\u0142sudczyk\u00f3w RP i Rodzinna Grupa REKO przygotowali stoiska ze sprz\u0119tem z r\u00f3\u017cnego okresu dziej\u00f3w Wojska Polskiego. Rami\u0119 w rami\u0119, stacjonowali ich przyjaciele z grupy rekonstrukcyjnej Patriotyczny G\u0142og\u00f3w \u2013 zapraszali na okaza\u0142y ob\u00f3z wojskowy \u017bo\u0142nierzy Wykl\u0119tych. Mo\u017cna by\u0142o skosztowa\u0107 gulaszu w\u0119gierskiego, a tak\u017ce sprawdzi\u0107 swoj\u0105 celno\u015b\u0107 rzucaj\u0105c replikami granat\u00f3w trzonkowych.<\/p>\n\n\n\n<p>Parkrun Lubin, pi\u0142karki r\u0119czne \u2013 mistrzynie Polski z 2011 roku, a tak\u017ce SMK Lubin i karate goju ryu Zbigniewa Dziubka zapraszali widz\u00f3w m\u0142odszych i starszych do Gry Terenowej. <\/p>\n\n\n\n<figure class=\"wp-block-image size-full\"><img loading=\"lazy\" decoding=\"async\" width=\"2048\" height=\"946\" src=\"https:\/\/64.media.tumblr.com\/cca8d75d3b87fdcf8b39b6992412a6bf\/44e6892c3d727d98-57\/s2048x3072\/3e50a092573227bda9386706818b3c6e2e1ef8b7.jpg\" alt=\"\" class=\"wp-image-19378\"\/><\/figure>\n\n\n\n<p>Odby\u0142 si\u0119 pokazowy mecz koszyk\u00f3wki ekipy dwukrotnego mistrza Polski Marcina Kuziana \u2013 SMK Lubin kontra reprezentacja USA, na zasadach z ko\u0144ca XIX wieku na dwa wielki wiklinowe kosze o pojemno\u015bci 165 litr\u00f3w. <\/p>\n\n\n\n<figure class=\"wp-block-image size-full\"><img loading=\"lazy\" decoding=\"async\" width=\"1200\" height=\"800\" src=\"https:\/\/64.media.tumblr.com\/4b5845d4dff3cff210b08fc975a294e2\/44e6892c3d727d98-50\/s1280x1920\/183ef161052b8c6982c0ee91b81c73f477d4f50f.jpg\" alt=\"\" class=\"wp-image-19380\"\/><\/figure>\n\n\n\n<p>Szczypiornistki Kaja Za\u0142\u0119czna, Aneta Piekarz i Natalia Tsvirko mia\u0142y dla m\u0142odych sportowc\u00f3w tor przeszk\u00f3d, a w nim mo\u017cna by\u0142o mi\u0119dzy innymi spr\u00f3bowa\u0107 rzuci\u0107 bramk\u0119 mistrzyni z 2011 roku. <\/p>\n\n\n\n<figure class=\"wp-block-image size-full\"><img loading=\"lazy\" decoding=\"async\" width=\"1934\" height=\"1322\" src=\"https:\/\/64.media.tumblr.com\/56763310828f466bb66cf782716cae87\/44e6892c3d727d98-f5\/s2048x3072\/9068297cbe93f1f62fe9dd93e51f883dfa4911b3.jpg\" alt=\"\" class=\"wp-image-19370\"\/><\/figure>\n\n\n\n<p>Parkrun Lubin prezentowa\u0142 lekkoatletyk\u0119 z IIRP. Tutaj by\u0142o sporo konkurencji biegowych, inscenizacje zmaga\u0144 sportowc\u00f3w sprzed lat na r\u00f3\u017cnych dystansach. Cz\u0142onkowie tej grupy wcielali si\u0119 cho\u0107by w Halin\u0119 Konopack\u0105, Janusza Kusoci\u0144skiego, J\u00f3zefa Noji czy Jadwig\u0119 Wajs\u00f3wn\u0119.<\/p>\n\n\n\n<p>Gastronomicznie o podniebienia widz\u00f3w zadba\u0142a Restauracja Gruzi\u0144ska Chinkalnia z Lubina. Serwowa\u0142a mi\u0119dzy innymi specja\u0142y przygotowane na okaza\u0142ym grillu. Dobre jedzenie smakowa\u0142o jeszcze bardziej przy dobrej muzyce. <\/p>\n\n\n\n<figure class=\"wp-block-image size-full\"><img loading=\"lazy\" decoding=\"async\" width=\"1062\" height=\"808\" src=\"https:\/\/64.media.tumblr.com\/ce23886c628c130b06ed1586a5f640b8\/5d2ae85f678d18f4-b8\/s1280x1920\/24056c45c4784e0f590922a8ba132d842d8755d9.jpg\" alt=\"\" class=\"wp-image-19394\"\/><\/figure>\n\n\n\n<p>Unikatowe brzmienie zaprezentowa\u0142 G\u00f3rniczy Ch\u00f3r M\u0119ski przy ZG Lubin pod batut\u0105 Krzysztofa Kujawskiego. Patriotyczne pie\u015bni wzruszy\u0142y niejednego s\u0142uchacza. Skoro o muzyce mowa to warto jeszcze przypomnie\u0107, \u017ce przy ka\u017cdym namiocie gra\u0142a na replice gramofonu sprzed lat muzyka z IIRP, sportowa z r\u00f3\u017cnych okres\u00f3w czy piosenki Mieczys\u0142awa Fogga. Wracaj\u0105c jeszcze do Ch\u00f3ru M\u0119skiego, to wart\u0119 honorow\u0105 przy \u015bpiewaj\u0105cych odbyli uczniowie Zespo\u0142u Szk\u00f3\u0142 nr 1 im. prof. Boles\u0142awa Krupi\u0144skiego. Podopieczni lubi\u0144skiej plac\u00f3wki wyst\u0105pili w mundurach g\u00f3rniczych.<\/p>\n\n\n\n<figure class=\"wp-block-image size-full\"><img loading=\"lazy\" decoding=\"async\" width=\"2048\" height=\"1428\" src=\"https:\/\/64.media.tumblr.com\/d575759954185bdce8e5fc70999180a1\/6ab6bf59a89db6f2-08\/s2048x3072\/baee39ad06bbbeea56b6b34a6a2a4dd0d8062a79.jpg\" alt=\"\" class=\"wp-image-19362\"\/><\/figure>\n\n\n\n<p>R\u00f3wnie\u017c uczniowie Zespo\u0142u Szk\u00f3\u0142 nr2 w Lubinie im. Jana Wy\u017cykowskiego mieli wielki wk\u0142ad w wydarzenie. Panie i panowie z lubi\u0144skiej plac\u00f3wki stacjonowali przy dw\u00f3ch wej\u015bciach na teren rekonstrukcji. Nale\u017cy podkre\u015bli\u0107, i\u017c stali przy zrobionych przez Przyjaci\u00f3\u0142 Historii (tutaj w osobie Roberta Czerwonki ze Zwi\u0105zku Pi\u0142sudczyk\u00f3w), s\u0142upk\u00f3w granicznych z IIRP.<\/p>\n\n\n\n<figure class=\"wp-block-image size-full\"><img loading=\"lazy\" decoding=\"async\" width=\"1536\" height=\"2048\" src=\"https:\/\/64.media.tumblr.com\/0807f00a33188048f47e8dc67b6c00ab\/956fc941693cbe5c-3e\/s2048x3072\/9ef602db1411bf16eb5cb06b26d2f46eb165efa4.jpg\" alt=\"\" class=\"wp-image-19388\"\/><\/figure>\n\n\n\n<p>Na Match footballowy z 1921 roku pomi\u0119dzy reprezentacj\u0105 Polski i W\u0119gier, czeka\u0142o liczne grono kibic\u00f3w pi\u0142ki no\u017cnej. Tutaj, nale\u017cy podkre\u015bli\u0107, i\u017c w\u015br\u00f3d nich by\u0142y legendy lubi\u0144skiego Zag\u0142\u0119bia jak: J\u00f3zef Ligus, Micha\u0142 Lewandowski, Kazimierz Kucharski czy Romuald Kujawa, a tak\u017ce przedstawiciel Retro Ligi z rodzin\u0105. Spotkanie komentowa\u0142a reprezentantka Rodzinnej Grupy \u2013 Anna Postro\u017cny. Scenariusz polega\u0142 na przedstawieniu wybranych moment\u00f3w ze spotkania z 1921 roku przez pi\u0142karzy rekonstruktor\u00f3w. Match zako\u0144czy\u0142 si\u0119 wynikiem 1:0 dla W\u0119gr\u00f3w, a jedyn\u0105 bramk\u0119 zdoby\u0142 zawodnik wcielaj\u0105cy si\u0119 w napastnika Jen\u0151 Szab\u00f3.<\/p>\n\n\n\n<figure class=\"wp-block-image size-full is-resized\"><img loading=\"lazy\" decoding=\"async\" src=\"https:\/\/64.media.tumblr.com\/5cb98bc17b303baa58d34b59fa36d4c8\/6ab6bf59a89db6f2-b0\/s1280x1920\/2bc93a3fde2887a6e180ef33c56a09293c8b24ae.jpg\" alt=\"\" class=\"wp-image-19358\" width=\"837\" height=\"489\"\/><\/figure>\n\n\n\n<p>Ostatnim aktem wydarzenia by\u0142o przedstawienie sposob\u00f3w ratowania \u017cycia ludzkiego podczas walk polskich partyzant\u00f3w z niemieckim okupantem, a tymi wsp\u00f3\u0142czesnymi. Tutaj, organizatorzy przygotowali scen\u0119 pojedynku z 1944 roku. Przy barykadzie stworzonej przez rekonstruktor\u00f3w toczy\u0142a si\u0119 walka. <\/p>\n\n\n\n<figure class=\"wp-block-image size-full\"><img loading=\"lazy\" decoding=\"async\" width=\"1536\" height=\"1051\" src=\"https:\/\/64.media.tumblr.com\/e4c2ff4b17ca3105e04bcd2e36bbbee9\/44e6892c3d727d98-96\/s2048x3072\/8671eb27ecad703b40c4aaa01f2f138495ab816e.jpg\" alt=\"\" class=\"wp-image-19376\"\/><\/figure>\n\n\n\n<p>Sanitariuszki ca\u0142y czas opatrywa\u0142y rannych dost\u0119pnymi narz\u0119dziami (torby by\u0142y wype\u0142nione sprz\u0119tem\/replikami medycznymi z epoki). Dodatkowo jeden z partyzant\u00f3w by\u0142 w stanie krytycznym. Dow\u00f3dca zadecydowa\u0142 o odwrocie. W pewnym momencie wycofuj\u0105cy si\u0119 partyzanci przeszli w czasie do wsp\u00f3\u0142czesno\u015bci. Oszo\u0142omionych \u017co\u0142nierzy przej\u0119\u0142a dzielna ekipa OSP Grupa Ratownictwa Specjalistycznego Stra\u017cacy przeciw Bia\u0142aczce. Wsp\u00f3\u0142cze\u015bni medycy zacz\u0119li inscenizacj\u0119 akcji ratowniczej na rannym manekinie na noszach, r\u00f3wnocze\u015bnie t\u0142umacz\u0105c partyzantom, i\u017c s\u0105 ju\u017c bezpieczni i ich kompan tak\u017ce. Scena zako\u0144czy\u0142a si\u0119 sukcesem i uratowaniem \u017cycia ludzkiego.<\/p>\n\n\n\n<figure class=\"wp-block-image size-full\"><img loading=\"lazy\" decoding=\"async\" width=\"1246\" height=\"1959\" src=\"https:\/\/64.media.tumblr.com\/58dcefae2d78044ee87334d0673e9523\/44e6892c3d727d98-6b\/s2048x3072\/a6878d87fc4a6c75f533f04aaf1f5d71f05e372e.jpg\" alt=\"\" class=\"wp-image-19374\"\/><\/figure>\n\n\n\n<p>W\u015br\u00f3d organizator\u00f3w, jak wspomnieli\u015bmy na pocz\u0105tku by\u0142o wielu pasjonat\u00f3w, kt\u00f3rzy uszyli nam pi\u0119kne repliki mundur\u00f3w, ubra\u0144 cywilnych codziennego \u017cycia IIRP czy sportowych. Tutaj chylimy czo\u0142a do Pa\u0144 Wioletty Bary, Wioletty Cedro i pary Kariny i Dominika z Vintage Forever. Mili Pa\u0144stwo \u2013 jeste\u015bcie MISTRZAMI w swoich bran\u017cach, szyciu, odnajdowaniu pere\u0142ek odzie\u017cowych z epoki. A o do szycia, to od d\u0142u\u017cszego czasu racz\u0105 nas swymi dzie\u0142ami hafciarskimi na koszulkach, herb\u00f3w klub\u00f3w i kadr narodowych z IIRP \u2013 pasjonaci i fachowcy z MJ-Art haft. Ca\u0142e wydarzenie nie mog\u0142oby si\u0119 odby\u0107 bez wsparcia finansowego z Miasta Lubin i Starostwa Powiatowego w Lubinie. Wielkie PODZI\u0118KOWANIA r\u00f3wnie\u017c \u015blemy do RCS Lubin, kt\u00f3ry u\u017cyczy\u0142 nam sporo sprz\u0119tu, zar\u00f3wno nag\u0142o\u015bnieniowego jak i namiot\u00f3w itp. R\u00f3wnie\u017c ekipie Parku Le\u015bnego i Muzeum Historycznego. Pakiety w grach terenowych przygotowali cz\u0142onkowie: Boks Lubin, Rodzinnej Grupy REKO, Parkrun Lubin, Historyk\u00f3w sekcji sportowych Zag\u0142\u0119bia Lubin, Tomasz Niwisiewicz z ZG Run, r\u00f3wnie\u017c cz\u0142onkowie Kompetentnych w Bran\u017cy KGHM.<\/p>\n\n\n\n<p>Zapraszamy na kolejne wydarzenia, podczas kt\u00f3rych razem z nami cofniecie si\u0119 Pa\u0144stwo do r\u00f3\u017cnych epok w dziejach naszego Pa\u0144stwa. Zapraszamy tak\u017ce w nasze szeregi, aby jeszcze bardziej m\u00f3c poczu\u0107 histori\u0119 naszego pa\u0144stwa i naszych rodak\u00f3w. <\/p>\n\n\n\n<figure class=\"wp-block-image size-full\"><img loading=\"lazy\" decoding=\"async\" width=\"2048\" height=\"2048\" src=\"https:\/\/64.media.tumblr.com\/728a4125bf87ec580809b25f6fe1506f\/8c52e76610b76287-55\/s2048x3072\/e15179ce8f972f4f83d8a5d0b4045015f17773d0.jpg\" alt=\"\" class=\"wp-image-19390\"\/><\/figure>\n\n\n\n<p>P.S. Witamy nowych rekrut\u00f3w, kt\u00f3rzy do\u0142\u0105czyli do nas podczas \u201eSportowego Powrotu do Przesz\u0142o\u015bci!<\/p>\n\n\n\n<p>Fot. Anna Postro\u017cny \/ Zbigniew Dziubek \/ Zbigniew Siwak \/ Bo\u017cena Babicz \/ Krzysztof i Anna Kostka \/ Szymon Kwapi\u0144ski (lubin.pl)<\/p>\n\n\n\n<p>Wi\u0119cej zdj\u0119\u0107 na:<\/p>\n\n\n\n<p>na fb Rodzinna Grupa Rekonstrukcyjna z Lubina<\/p>\n","protected":false},"excerpt":{"rendered":"<p>\u201eBez przesz\u0142o\u015bci nie ma przysz\u0142o\u015bci\u201d &#8211; tak\u0105 dewiz\u0105 pos\u0142uguj\u0105 si\u0119 i krocz\u0105 jej \u015bladami Przyjaciele Historii. 40 organizacji w tym: sportowe, historyczne, rekonstrukcyjne, gastronomiczne, odtwarzaj\u0105ce ubrania z minionych epok, rami\u0119&hellip; <\/p>\n","protected":false},"author":6,"featured_media":19358,"comment_status":"open","ping_status":"open","sticky":false,"template":"","format":"standard","meta":{"footnotes":""},"categories":[1633,46,24],"tags":[1842,1855,1832,1845,1850,1841,1840,1859,1002,1750,1856,1857,921,1843,1799,366,875,1848,1836,1854,1839,1861,1834,1852,1849,1858,1640,1860,1833,93,1853,1847,1838,1837,1844,1846,1835,1851],"class_list":["post-19356","post","type-post","status-publish","format-standard","has-post-thumbnail","hentry","category-1633","category-aktualnosci","category-historia","tag-alicja-skrzypicka","tag-aneta-piekarz","tag-boks-lubin","tag-czeslaw-rojek","tag-dawid-oborski","tag-dorota-djaczynska-nowacka","tag-eleonora-szafran-pietrzykowska","tag-gorniczy-chor-meski-przy-zg-lubin","tag-janusz-zarenkiewicz","tag-jozef-ligus","tag-kaja-zaleczna","tag-karate-goju-ryu-zbigniewa-dziubka","tag-kazimierz-kucharski","tag-lilianna-morawiec","tag-marek-wegierski","tag-mariusz-babicz","tag-michal-lewandowski","tag-mieczyslaw-massier","tag-mj-art-haft","tag-natalia-tsvirko","tag-old-school-boxing-gym-legnica","tag-osp-grupa-ratownictwa-specjalistycznego-strazacy-przeciw-bialaczce","tag-parkrun-lubin","tag-patriotyczny-glogow","tag-pawel-czyzyk","tag-restauracja-gruzinska-chinkalnia","tag-retroliga","tag-robert-czerwonka","tag-rodzinna-grupa-reko","tag-romuald-kujawa","tag-smk-lubin","tag-stanislaw-gladysz","tag-uks-boks-glogow","tag-vintage-forever","tag-zbyszek-siwak","tag-zenon-swiderski","tag-zg-run","tag-zwiazek-pilsudczykow-rp"],"_links":{"self":[{"href":"https:\/\/www.zaglebiak.com\/index.php\/wp-json\/wp\/v2\/posts\/19356","targetHints":{"allow":["GET"]}}],"collection":[{"href":"https:\/\/www.zaglebiak.com\/index.php\/wp-json\/wp\/v2\/posts"}],"about":[{"href":"https:\/\/www.zaglebiak.com\/index.php\/wp-json\/wp\/v2\/types\/post"}],"author":[{"embeddable":true,"href":"https:\/\/www.zaglebiak.com\/index.php\/wp-json\/wp\/v2\/users\/6"}],"replies":[{"embeddable":true,"href":"https:\/\/www.zaglebiak.com\/index.php\/wp-json\/wp\/v2\/comments?post=19356"}],"version-history":[{"count":1,"href":"https:\/\/www.zaglebiak.com\/index.php\/wp-json\/wp\/v2\/posts\/19356\/revisions"}],"predecessor-version":[{"id":19395,"href":"https:\/\/www.zaglebiak.com\/index.php\/wp-json\/wp\/v2\/posts\/19356\/revisions\/19395"}],"wp:featuredmedia":[{"embeddable":true,"href":"https:\/\/www.zaglebiak.com\/index.php\/wp-json\/wp\/v2\/media\/19358"}],"wp:attachment":[{"href":"https:\/\/www.zaglebiak.com\/index.php\/wp-json\/wp\/v2\/media?parent=19356"}],"wp:term":[{"taxonomy":"category","embeddable":true,"href":"https:\/\/www.zaglebiak.com\/index.php\/wp-json\/wp\/v2\/categories?post=19356"},{"taxonomy":"post_tag","embeddable":true,"href":"https:\/\/www.zaglebiak.com\/index.php\/wp-json\/wp\/v2\/tags?post=19356"}],"curies":[{"name":"wp","href":"https:\/\/api.w.org\/{rel}","templated":true}]}}