{"id":19213,"date":"2023-06-08T13:27:20","date_gmt":"2023-06-08T11:27:20","guid":{"rendered":"https:\/\/www.zaglebiak.com\/?p=19213"},"modified":"2023-06-08T22:04:50","modified_gmt":"2023-06-08T20:04:50","slug":"krotko-w-temacie-21-o-filipie-szczerze-bez-poklonow","status":"publish","type":"post","link":"https:\/\/www.zaglebiak.com\/index.php\/2023\/06\/08\/krotko-w-temacie-21-o-filipie-szczerze-bez-poklonow\/","title":{"rendered":"KR\u00d3TKO W TEMACIE #21 : O Filipie\u2026 Szczerze, bez pok\u0142on\u00f3w\u2026"},"content":{"rendered":"\n<p>Zacznijmy od pocz\u0105tku. Filip pojawi\u0142 si\u0119 w Lubinie w przerwie zimowej sezonu 2015\/16. Zajmowali\u015bmy wtedy 7. pozycj\u0119 ze strat\u0105 9 punkt\u00f3w do 3-go miejsca. Ta strata by\u0142aby mniejsza, gdyby nie pora\u017cka w ostatniej jesiennej kolejce z ostatnim w tabeli G\u00f3rnikiem Zabrze (2:4).<\/p>\n\n\n<div class=\"wp-block-image\">\n<figure class=\"aligncenter size-large\"><img decoding=\"async\" src=\"https:\/\/64.media.tumblr.com\/ca6522d84a2d61d4115f6e84da25af80\/4fc77882b05117fb-3f\/s500x750\/0a00cfea4071a35d9532942c4238c90b5a6f6c02.jpg\" alt=\"\"\/><figcaption class=\"wp-element-caption\"><em>Zrzut ekranu z www.90minut.pl<\/em><\/figcaption><\/figure>\n<\/div>\n\n\n<p><br>Cho\u0107 Starzy\u0144ski by\u0142 tak naprawd\u0119 tylko kolejnym typem odrzuconym przez zach\u00f3d (i to nie jaki\u015b powa\u017cny z TOP5, a przez belgijskiego \u015bredniaka), to troch\u0119 go kojarzy\u0142em, bo wcze\u015bniej w EKS &#8222;robi\u0142 robot\u0119&#8221; dla Ruchu Chorz\u00f3w (\u015brednio w sezonie 7 goli i 10 asyst to \u015bwietne statystyki).<br>Przyszed\u0142 i faktycznie poprawi\u0142 nasz\u0105 gr\u0119. Zrobi\u0142 to, czego nie potrafili ze wzgl\u0119d\u00f3w zdrowotnych Vlasko, lub ze wzgl\u0119d\u00f3w jako\u015bciowych Rakowski (rok starszy od Filipa, dzi\u015b gra w IV lidze). Nasz &#8211; w\u00f3wczas tylko wypo\u017cyczony na p\u00f3\u0142 roku &#8211; new player w 16 ligowych meczach ustrzeli\u0142 3 gole i zanotowa\u0142 a\u017c 10 asyst (!!!), Rewelacyjnie si\u0119 wpasowa\u0142 do sk\u0142adu, ale nie by\u0142 jedynym &#8222;b\u0142yszcz\u0105cym&#8221; wtedy pi\u0142karzem &#8211; \u015bwietnie grali r\u00f3wnie\u017c Jaros\u0142aw Kubicki i przede wszystkim Maciej D\u0105browski. Cho\u0107 strata do podium, jak ju\u017c pisa\u0142em powy\u017cej, nie by\u0142a z gatunku &#8222;nie do odrobienia&#8221;, to pami\u0119tam dobrze, \u017ce uda\u0142o si\u0119 j\u0105 odrobi\u0107 z nawi\u0105zk\u0105 a form\u0119 mieli\u015bmy tak\u0105, \u017ce gdyby sezon potrwa\u0142 jeszcze 2-3 kolejki to mo\u017ce i nawet Mistrza by\u015bmy wtedy ugrali \ud83d\ude42<br>Na moim fanpeju uzna\u0142em go za Pi\u0142karza Sezonu. <\/p>\n\n\n\n<p>Nawa\u0142ka powo\u0142a\u0142 bohatera tego felietonu na Euro2016 &#8211; da\u0142 mu pogra\u0107 minut\u0119. Jak si\u0119 p\u00f3\u017aniej okaza\u0142o by\u0142 to jego po\u017cegnalny wyst\u0119p w Reprezentacji Polski. W sumie jako zawodnik Zag\u0142\u0119bia zagra\u0142 w niej 3 razy i zdoby\u0142 1 bramk\u0119.<\/p>\n\n\n<div class=\"wp-block-image\">\n<figure class=\"aligncenter size-large is-resized\"><img loading=\"lazy\" decoding=\"async\" src=\"https:\/\/64.media.tumblr.com\/628bc399a68040e56be7e4c9a427f475\/a5e586a24ba809d7-b1\/s540x810\/f6291b8bcf9980c4ace4adf63c1991cc0a09a63e.pnj\" alt=\"\" width=\"806\" height=\"557\"\/><\/figure>\n<\/div>\n\n\n<p class=\"has-text-align-center\">***<\/p>\n\n\n\n<p>Przed sezonem 2016\/17 wiele si\u0119 dzia\u0142o w &#8222;gabinetach&#8221;. Podobno nie by\u0142o \u0142atwo negocjowa\u0107 z Lokeren, ale finalnie cieszy\u0142em si\u0119 bardzo, gdy uda\u0142o si\u0119 go \u015bci\u0105gn\u0105\u0107 ju\u017c na sta\u0142e. Wykupiono go za ci\u0119\u017ckie jak na warunki lubi\u0144skie pieni\u0105dze (0,5 M Euro), z my\u015bl\u0105 by teraz pogra\u0107 nim w pucharach a potem odsprzeda\u0107\u2026 To pierwsze wysz\u0142o \u015brednio (b\u0105d\u017amy ze sob\u0105 szczerzy &#8211; nie uda\u0142o nam si\u0119 przebrn\u0105\u0107 kwalifikacji) &#8211; to drugie nie wysz\u0142o w og\u00f3le\u2026<\/p>\n\n\n<div class=\"wp-block-image\">\n<figure class=\"aligncenter size-large\"><img decoding=\"async\" src=\"https:\/\/64.media.tumblr.com\/d52cf36f432f19e1662f45ca5865c8fd\/4fc77882b05117fb-e2\/s540x810\/0245a8949178a3eb7ae26b6a94b591e297f3999b.jpg\" alt=\"\"\/><figcaption class=\"wp-element-caption\"><em>Zrzut ekranu z www.transfermarkt.de<\/em><\/figcaption><\/figure>\n<\/div>\n\n\n<p class=\"has-text-align-center\">***<\/p>\n\n\n\n<p class=\"has-text-align-left\">Filip wczoraj og\u0142osi\u0142 swoje odej\u015bcie z Zag\u0142\u0119bia. <\/p>\n\n\n\n<figure class=\"wp-block-image size-full\"><img loading=\"lazy\" decoding=\"async\" width=\"884\" height=\"657\" src=\"https:\/\/www.zaglebiak.com\/wp-content\/uploads\/2023\/06\/figo8.png\" alt=\"\" class=\"wp-image-19215\" srcset=\"https:\/\/www.zaglebiak.com\/wp-content\/uploads\/2023\/06\/figo8.png 884w, https:\/\/www.zaglebiak.com\/wp-content\/uploads\/2023\/06\/figo8-300x223.png 300w, https:\/\/www.zaglebiak.com\/wp-content\/uploads\/2023\/06\/figo8-768x571.png 768w\" sizes=\"auto, (max-width: 884px) 100vw, 884px\" \/><figcaption class=\"wp-element-caption\"><em>Zdj\u0119cie pochodzi z Instagrama Filipa -> https:\/\/www.instagram.com\/f.starzynski\/<\/em><\/figcaption><\/figure>\n\n\n\n<p>Jakie by\u0142y jego statystyki w Zag\u0142\u0119biu? Wszyscy teraz na twitterku podaj\u0105 sumy zachwycaj\u0105c si\u0119 jednocze\u015bnie liczb\u0105 jego bramek i tym, \u017ce nikt inny tylu nie zdoby\u0142 w Ekstraklasie przywdziewaj\u0105c nasz\u0105 koszulk\u0119&#8230;. OK.<\/p>\n\n\n<div class=\"wp-block-image\">\n<figure class=\"aligncenter size-large is-resized\"><img loading=\"lazy\" decoding=\"async\" src=\"https:\/\/64.media.tumblr.com\/d64ca7821d3dedff6cb2d79d70bf74be\/4fc77882b05117fb-10\/s540x810\/40ab72de5405696b0f93cde8e17f24d7e745ccce.jpg\" alt=\"\" width=\"608\" height=\"248\"\/><figcaption class=\"wp-element-caption\"><em>Zrzut ekranu z www.transfermarkt.de<\/em><\/figcaption><\/figure>\n<\/div>\n\n\n<p>220 mecz\u00f3w &#8211; 52 gole<br>A gdyby odliczy\u0107 rzuty karne?<br>220 mecz\u00f3w &#8211; 25 goli<\/p>\n\n\n<div class=\"wp-block-image\">\n<figure class=\"aligncenter size-large\"><img decoding=\"async\" src=\"https:\/\/64.media.tumblr.com\/c5c39a14ed265934ac3add94ea369bbe\/4fc77882b05117fb-98\/s1280x1920\/a8b12d335f62d82bb7d3fb990e35c097b065d2aa.pnj\" alt=\"\"\/><figcaption class=\"wp-element-caption\"><em>Zrzut ekranu z www.transfermarkt.de<\/em><\/figcaption><\/figure>\n<\/div>\n\n\n<p><br>Tak, ponad po\u0142owa jego dorobku to rzuty karne. Kto\u015b teraz powie &#8222;to te\u017c trzeba umie\u0107! Wytrzyma\u0107 napi\u0119cie i w og\u00f3le!&#8221;. No zgadza si\u0119. Ale nie tylko Filip umie trzyma\u0107 napi\u0119cie (chocia\u017c 4 karne nie wykorzysta\u0142\u2026 by\u0142by i 5-ty, ale uda\u0142o mu si\u0119 dobiec i dobitk\u0119 wykorzysta\u0107)\u2026 A pomy\u015blcie o takim np. Szyszu &#8211; gdyby dostawa\u0142 rzuty karne, mia\u0142by jeszcze lepsze statystyki, mo\u017ce uda\u0142o by si\u0119 znale\u017a\u0107 na niego kupca za jakie\u015b powa\u017cne pieni\u0105dze i nie odchodzi\u0142by do Turcji za free?<br>Albo o Tuszy\u0144skim w sezonie 2018\/19. Strzeli\u0142 wtedy 10 goli &#8211; z rzutami karnymi Filipa mia\u0142by oko\u0142o 20, vicekr\u00f3lem strzelc\u00f3w Ekstraklasy by zosta\u0142 i dzi\u015b by\u015bcie o nim m\u00f3wili &#8222;to by\u0142a legenda!&#8221; \ud83d\ude42<\/p>\n\n\n\n<p>&#8222;Popularny Figo umie w rzuty wolne&#8221; &#8211; tak pieprzyli komentatorzy C+ (najcz\u0119\u015bciej Maciej Murawski).<br>Mit ten narodzi\u0142 si\u0119 (i wtedy w sumie nie by\u0142 jeszcze mitem \ud83d\ude42 ) w sezonie 16\/17.<br>Filip strzela 8 goli z czego 4 z rzut\u00f3w wolnych! W ciemno stwierdzam, \u017ce pewnie by\u0142 pod tym k\u0105tem najlepszy w Ekstraklasie w\u00f3wczas.<br>No ale potem\u2026<br>Sezon 17\/18 &#8211; 1 gol z rzutu wolnego<br>Sezon 18\/19 &#8211; 0 z rzut\u00f3w wolnych (ale 1 z ro\u017cnego!!!)<br>Sezon 19\/20 &#8211; 0 z rzut\u00f3w wolnych<br>Sezon 20\/21 &#8211; 1 gol z rzutu wolnego (pod koniec sezonu)<br>Sezon 21\/22 &#8211; 1 gol z rzutu wolnego<br>Sezon 22\/23 &#8211; 0 goli z rzut\u00f3w wolnych<br>P\u00f3l gola z rzutu wolnego na sezon, a komentatorzy C+\u2026 ehhh \ud83d\ude42<br>Podchodzi do ka\u017cdego rzutu wolnego a tylko tyle wykorzysta\u0142\u2026 Kto\u015b powie &#8222;no dobra, ale rzut wolny to nie zawsze strza\u0142, to cz\u0119sto a nawet cz\u0119\u015bciej podanie do kogo\u015b na g\u0142\u00f3wk\u0119&#8221;\u2026 Taaaa, ja pami\u0119tam te podania\u2026 na g\u0142\u00f3wk\u0119 kogo\u015b kto sta\u0142 w murze, bo tam cz\u0119sto ko\u0144czy\u0142y &#8222;podania&#8221; Filipa \ud83d\ude42 <\/p>\n\n\n\n<p>Z rzut\u00f3w wolnych zanotowa\u0142 6 asyst.<\/p>\n\n\n\n<p>&#8222;Filip du\u017co walczy\u0142, nierzadko by\u0142 czo\u0142owym pi\u0142karzem ZL w statystyce przebiegni\u0119tych kilometr\u00f3w!&#8221; &#8211; argument dobry dla frajer\u00f3w. Znaczy &#8211; no OK, statystyka jest fajn\u0105 ciekawostk\u0105, ale wiecie, ja np. mam ju\u017c swoje lata, szybko\u015b\u0107 nie ta, ale w 90 minut te 15 km przebiegn\u0119\u2026 Taki dystans dawa\u0142by mi w ka\u017cdym meczu Ekstraklasy 1 miejsce pod wzgl\u0119dem przebiegni\u0119tych kilometr\u00f3w \ud83d\ude42 W pi\u0142ce nie chodzi o to, \u017ceby du\u017co biega\u0107, tylko m\u0105drze\u2026 i szybko\u2026 Filip nie biega\u0142 szybko. Powiedzie\u0107, \u017ce biega\u0142 \u015brednio by\u0142oby nadu\u017cyciem. By\u0142 cz\u0142apakiem. Spowalnia\u0142 nasz\u0105 gr\u0119.<br>Jak kto\u015b si\u0119 zastanawia jak by wygl\u0105da\u0142 dzisiaj pi\u0142karz z lat 70-tych, to w\u0142a\u015bnie tak! Wiele razy mo\u017cna by\u0142o p\u00f3j\u015b\u0107 z kontr\u0105 no ale niestety pi\u0142ka trafia\u0142a pod nogi Starzy\u0144skiego a ten jeeeeeb po hamulcach akcji\u2026<\/p>\n\n\n\n<p>&#8222;Ale ile mia\u0142 asyst! Gdyby mia\u0142 lepszych napastnik\u00f3w tylko!&#8221; &#8211; tak, to sensowny argument w prawie ka\u017cdym sezonie opr\u00f3cz w\u0142a\u015bnie sko\u0144czonego, bo w nim nikt za bardzo Filipa z asyst &#8222;nie okrada\u0142&#8221;. Chodyna swoj\u0105 nieskuteczno\u015bci\u0105 okrada\u0142 \u0141akomego jak ju\u017c\u2026<br>Ale fakt &#8211; Filip podsumowuj\u0105c mia\u0142 sporo asyst i &#8211; w moim odczuciu &#8211; za to nale\u017c\u0105 mu si\u0119 brawa\u2026 Cho\u0107 te\u017c bez przesady, by\u0142 ofensywnym pomocnikiem kt\u00f3ry wykonywa\u0142 wszystkie sta\u0142e fragmenty gry &#8211; kto jak nie on mia\u0142 mie\u0107 te asysty?<br><br>Z rzut\u00f3w ro\u017cnych na przyk\u0142ad\u2026 o &#8211; kiedy\u015b fajn\u0105 opini\u0119 o asystach z rzut\u00f3w r\u00f3\u017cnych s\u0142ysza\u0142em \ud83d\ude42 &#8222;Powiedz do kogo wrzucasz i jak mu spadnie na \u0142eb i on strzeli, to wtedy to jest asysta. Inaczej to po prostu wrzucasz na afer\u0119 i tyle&#8221; \ud83d\ude42<\/p>\n\n\n\n<p>Filip asyst z rzut\u00f3w ro\u017cnych mia\u0142 11. Ca\u0142kiem sporo zwa\u017cywszy na to, \u017ce wszystkich mia\u0142 51.<\/p>\n\n\n\n<p>Ko\u0144cz\u0105c\u2026 jak jaki\u015b czas temu robi\u0142em swoj\u0105 &#8222;11-k\u0119 najlepszych w historii ZL&#8221;, to wstawi\u0142em tam Filipa do sk\u0142adu, ale z ca\u0142ej tej pi\u0105tki pomocnik\u00f3w kt\u00f3ra w sk\u0142adzie jest, Filip wg mnie jest najs\u0142abszy pi\u0142karsko.<br>Legenda klubu? No tak\u2026 Ale te\u017c i zawodnik, kt\u00f3ry odszed\u0142 przynajmniej o 1 sezon za p\u00f3\u017ano\u2026<\/p>\n\n\n<div class=\"wp-block-image\">\n<figure class=\"aligncenter size-large is-resized\"><img loading=\"lazy\" decoding=\"async\" src=\"https:\/\/64.media.tumblr.com\/58cfc1509f5bf7f92100ceb936bd1cf8\/4fc77882b05117fb-a1\/s400x600\/7f4fae1dc3abd25fc4c21885504c52978c659234.jpg\" alt=\"\" width=\"500\" height=\"733\"\/><\/figure>\n<\/div>","protected":false},"excerpt":{"rendered":"<p>Zacznijmy od pocz\u0105tku. Filip pojawi\u0142 si\u0119 w Lubinie w przerwie zimowej sezonu 2015\/16. Zajmowali\u015bmy wtedy 7. pozycj\u0119 ze strat\u0105 9 punkt\u00f3w do 3-go miejsca. Ta strata by\u0142aby mniejsza, gdyby nie&hellip; <\/p>\n","protected":false},"author":2,"featured_media":19217,"comment_status":"open","ping_status":"open","sticky":false,"template":"","format":"standard","meta":{"footnotes":""},"categories":[7],"tags":[527],"class_list":["post-19213","post","type-post","status-publish","format-standard","has-post-thumbnail","hentry","category-felietony","tag-filip-starzynski"],"_links":{"self":[{"href":"https:\/\/www.zaglebiak.com\/index.php\/wp-json\/wp\/v2\/posts\/19213","targetHints":{"allow":["GET"]}}],"collection":[{"href":"https:\/\/www.zaglebiak.com\/index.php\/wp-json\/wp\/v2\/posts"}],"about":[{"href":"https:\/\/www.zaglebiak.com\/index.php\/wp-json\/wp\/v2\/types\/post"}],"author":[{"embeddable":true,"href":"https:\/\/www.zaglebiak.com\/index.php\/wp-json\/wp\/v2\/users\/2"}],"replies":[{"embeddable":true,"href":"https:\/\/www.zaglebiak.com\/index.php\/wp-json\/wp\/v2\/comments?post=19213"}],"version-history":[{"count":5,"href":"https:\/\/www.zaglebiak.com\/index.php\/wp-json\/wp\/v2\/posts\/19213\/revisions"}],"predecessor-version":[{"id":19223,"href":"https:\/\/www.zaglebiak.com\/index.php\/wp-json\/wp\/v2\/posts\/19213\/revisions\/19223"}],"wp:featuredmedia":[{"embeddable":true,"href":"https:\/\/www.zaglebiak.com\/index.php\/wp-json\/wp\/v2\/media\/19217"}],"wp:attachment":[{"href":"https:\/\/www.zaglebiak.com\/index.php\/wp-json\/wp\/v2\/media?parent=19213"}],"wp:term":[{"taxonomy":"category","embeddable":true,"href":"https:\/\/www.zaglebiak.com\/index.php\/wp-json\/wp\/v2\/categories?post=19213"},{"taxonomy":"post_tag","embeddable":true,"href":"https:\/\/www.zaglebiak.com\/index.php\/wp-json\/wp\/v2\/tags?post=19213"}],"curies":[{"name":"wp","href":"https:\/\/api.w.org\/{rel}","templated":true}]}}