{"id":19186,"date":"2023-06-06T05:27:00","date_gmt":"2023-06-06T03:27:00","guid":{"rendered":"https:\/\/www.zaglebiak.com\/?p=19186"},"modified":"2023-06-06T22:46:24","modified_gmt":"2023-06-06T20:46:24","slug":"6-czerwca-urodzili-sie-marek-makuch-blazej-telichowski-i-lukasz-spychalski","status":"publish","type":"post","link":"https:\/\/www.zaglebiak.com\/index.php\/2023\/06\/06\/6-czerwca-urodzili-sie-marek-makuch-blazej-telichowski-i-lukasz-spychalski\/","title":{"rendered":"6 czerwca urodzili si\u0119 Marek Makuch, Jan Wierzbicki, B\u0142a\u017cej Telichowski i \u0141ukasz Spychalski"},"content":{"rendered":"<div class=\"wp-block-image\">\n<figure class=\"aligncenter size-full is-resized\"><img loading=\"lazy\" decoding=\"async\" src=\"https:\/\/64.media.tumblr.com\/869bd3768be730cc2639f3225c56da44\/031884837bbdd3be-d3\/s400x600\/d1c9970051a970fa588c402503f5e36a8dca1ac1.jpg\" alt=\"\" class=\"wp-image-19181\" width=\"570\" height=\"570\"\/><figcaption class=\"wp-element-caption\">Marek Makuch. Fot. z tt<\/figcaption><\/figure>\n<\/div>\n\n\n<p>Marek Makuch urodzi\u0142 si\u0119 6 czerwca 1972 roku. Od stycznia br. jest przewodnicz\u0105cym Rady Nadzorczej Zag\u0142\u0119bia Lubin oraz Dyrektorem Naczelnym ds. Zarz\u0105dzania Kapita\u0142em Ludzkim w KGHM Polska Mied\u017a S.A. <\/p>\n\n\n<div class=\"wp-block-image\">\n<figure class=\"aligncenter size-full is-resized\"><img loading=\"lazy\" decoding=\"async\" src=\"https:\/\/64.media.tumblr.com\/a2cd1f01c190d8a1bec71707d89ea956\/c28dfed915546ed6-3f\/s540x810\/c1478db0f7c77affb4c17c8931cc1ea671eaa82f.jpg\" alt=\"\" class=\"wp-image-19190\" width=\"828\" height=\"555\"\/><figcaption class=\"wp-element-caption\">Jan Wierzbicki. Fot. Janusz Napi\u00f3rkowski<\/figcaption><\/figure>\n<\/div>\n\n\n<p>Jan Wierzbicki urodzi\u0142 si\u0119 6 czerwca 1962 roku. By\u0142 rzecznikiem prasowym Zag\u0142\u0119bia Lubin, a obecnie to samo stanowisko piastuje w G\u00f3rniku Polkowice. <\/p>\n\n\n<div class=\"wp-block-image\">\n<figure class=\"aligncenter size-full is-resized\"><img loading=\"lazy\" decoding=\"async\" src=\"https:\/\/64.media.tumblr.com\/0cc1b8974438e0a73cc9c0faa6359ab1\/ec03b4a0b5af359b-f9\/s400x600\/d652f9019ca59173ae1f28cf16b4e44c8b0cd183.jpg\" alt=\"\" class=\"wp-image-19185\" width=\"517\" height=\"763\"\/><figcaption class=\"wp-element-caption\">B\u0142a\u017cej Telichowski<\/figcaption><\/figure>\n<\/div>\n\n\n<p>B\u0142a\u017cej Telichowski urodzi\u0142 si\u0119 6 czerwca 1984 roku w Nowym Tomy\u015blu. Do Zag\u0142\u0119bia Lubin trafi\u0142 z Polonii Bytom. Jesieni\u0105 2011 roku rozegra\u0142 7 spotka\u0144. Obecnie reprezentuje Wiar\u0119 Lecha Pozna\u0144.<\/p>\n\n\n<div class=\"wp-block-image\">\n<figure class=\"aligncenter size-full\"><img loading=\"lazy\" decoding=\"async\" width=\"600\" height=\"760\" src=\"https:\/\/64.media.tumblr.com\/12c558e594dee3c3d528730963a0ab2a\/031884837bbdd3be-b6\/s640x960\/d0dca2a6003792c6d92627805b64eb25ea47cf95.pnj\" alt=\"\" class=\"wp-image-19179\"\/><figcaption class=\"wp-element-caption\">\u0141ukasz Spychalski. Fot. zaglebie.com<\/figcaption><\/figure>\n<\/div>\n\n\n<p>\u0141ukasz Spychalski urodzi\u0142 si\u0119 6 czerwca 1995 roku w Poznaniu. By\u0142 trenerem bramkarzy w Akademii Zag\u0142\u0119bia Lubin w latach 2020-2022. Wsp\u00f3\u0142pracowa\u0107 z r\u00f3\u017cnymi dru\u017cynami lubi\u0144skiej Akademii. W 2021 roku mia\u0142 du\u017cy wk\u0142ad w zdobyciu przez dru\u017cyn\u0119 U-15 tytu\u0142u Mistrza Polski, a w minionych rozgrywkach g\u0142\u00f3wnie wsp\u00f3\u0142pracowa\u0142 z dru\u017cyn\u0105 U-18, z kt\u00f3r\u0105 tak\u017ce si\u0119gn\u0105\u0142 po Mistrzostwo Polski Junior\u00f3w. Do\u0142o\u017cy\u0142 swoj\u0105 cegie\u0142k\u0119 m. in. do awansu drugiej dru\u017cyny KGHM Zag\u0142\u0119bia Lubin do 2 ligi, a tak\u017ce mistrzostwa Polski junior\u00f3w m\u0142odszych zdobytego przez dru\u017cyn\u0119 U-17.&nbsp;<\/p>\n","protected":false},"excerpt":{"rendered":"<p>Marek Makuch urodzi\u0142 si\u0119 6 czerwca 1972 roku. Od stycznia br. jest przewodnicz\u0105cym Rady Nadzorczej Zag\u0142\u0119bia Lubin oraz Dyrektorem Naczelnym ds. Zarz\u0105dzania Kapita\u0142em Ludzkim w KGHM Polska Mied\u017a S.A. Jan&hellip; <\/p>\n","protected":false},"author":1,"featured_media":19181,"comment_status":"open","ping_status":"open","sticky":false,"template":"","format":"standard","meta":{"footnotes":""},"categories":[46],"tags":[858,1827,857,1753,89],"class_list":["post-19186","post","type-post","status-publish","format-standard","has-post-thumbnail","hentry","category-aktualnosci","tag-blazej-telichowski","tag-jan-wierzbicki","tag-lukasz-spychalski","tag-marek-makuch","tag-zaglebie-lubin"],"_links":{"self":[{"href":"https:\/\/www.zaglebiak.com\/index.php\/wp-json\/wp\/v2\/posts\/19186","targetHints":{"allow":["GET"]}}],"collection":[{"href":"https:\/\/www.zaglebiak.com\/index.php\/wp-json\/wp\/v2\/posts"}],"about":[{"href":"https:\/\/www.zaglebiak.com\/index.php\/wp-json\/wp\/v2\/types\/post"}],"author":[{"embeddable":true,"href":"https:\/\/www.zaglebiak.com\/index.php\/wp-json\/wp\/v2\/users\/1"}],"replies":[{"embeddable":true,"href":"https:\/\/www.zaglebiak.com\/index.php\/wp-json\/wp\/v2\/comments?post=19186"}],"version-history":[{"count":2,"href":"https:\/\/www.zaglebiak.com\/index.php\/wp-json\/wp\/v2\/posts\/19186\/revisions"}],"predecessor-version":[{"id":19192,"href":"https:\/\/www.zaglebiak.com\/index.php\/wp-json\/wp\/v2\/posts\/19186\/revisions\/19192"}],"wp:featuredmedia":[{"embeddable":true,"href":"https:\/\/www.zaglebiak.com\/index.php\/wp-json\/wp\/v2\/media\/19181"}],"wp:attachment":[{"href":"https:\/\/www.zaglebiak.com\/index.php\/wp-json\/wp\/v2\/media?parent=19186"}],"wp:term":[{"taxonomy":"category","embeddable":true,"href":"https:\/\/www.zaglebiak.com\/index.php\/wp-json\/wp\/v2\/categories?post=19186"},{"taxonomy":"post_tag","embeddable":true,"href":"https:\/\/www.zaglebiak.com\/index.php\/wp-json\/wp\/v2\/tags?post=19186"}],"curies":[{"name":"wp","href":"https:\/\/api.w.org\/{rel}","templated":true}]}}