{"id":18885,"date":"2023-05-22T23:27:32","date_gmt":"2023-05-22T21:27:32","guid":{"rendered":"https:\/\/www.zaglebiak.com\/?p=18885"},"modified":"2023-05-22T23:27:34","modified_gmt":"2023-05-22T21:27:34","slug":"22-maja-urodzili-sie-mariola-waszkowska-przemyslaw-cielewicz-i-artur-szymczak","status":"publish","type":"post","link":"https:\/\/www.zaglebiak.com\/index.php\/2023\/05\/22\/22-maja-urodzili-sie-mariola-waszkowska-przemyslaw-cielewicz-i-artur-szymczak\/","title":{"rendered":"22 maja urodzili si\u0119 Mariola Waszkowska, Przemys\u0142aw Cielewicz i Artur Szymczak"},"content":{"rendered":"<div class=\"wp-block-image\">\n<figure class=\"aligncenter size-full\"><img loading=\"lazy\" decoding=\"async\" width=\"1920\" height=\"984\" src=\"https:\/\/64.media.tumblr.com\/131b655e1548635a35dcf2c861838fae\/c7845d472cf66c91-44\/s2048x3072\/f0b8136defa632a2e115448d4ed4fdd6a5af6ced.jpg\" alt=\"\" class=\"wp-image-18882\"\/><figcaption class=\"wp-element-caption\">Mariola Waszkowska. Fot. zaglebie.com<\/figcaption><\/figure>\n<\/div>\n\n\n<p>Dzisiaj swoje urodziny obchodzi Mariola Waszkowska, kt\u00f3ra odpowiada i opiekuje si\u0119 sprz\u0119tem pierwszej dru\u017cyny Zag\u0142\u0119bia Lubin.<\/p>\n\n\n<div class=\"wp-block-image\">\n<figure class=\"aligncenter size-full is-resized\"><img loading=\"lazy\" decoding=\"async\" src=\"https:\/\/64.media.tumblr.com\/3b004bac27c5520161a21504048e9b01\/c7845d472cf66c91-bc\/s400x600\/700b4d8740b5805664ae7907760c64c3c7475d5a.jpg\" alt=\"\" class=\"wp-image-18880\" width=\"628\" height=\"942\"\/><figcaption class=\"wp-element-caption\">Przemys\u0142aw Cielewicz. Fot. zaglebie.com<\/figcaption><\/figure>\n<\/div>\n\n\n<p>Przemys\u0142aw Cielewicz urodzi\u0142 si\u0119 22 maja 1977 roku. W Zag\u0142\u0119biu jako zawodnik od 1985 roku. W sezonie 1994\/95 by\u0142 w kadrze pierwszej dru\u017cyny Zag\u0142\u0119bia Lubin. Gra\u0142 w III lidze w Stali Chocian\u00f3w, G\u00f3rniku Polkowice, Rokicie Brzeg Dolny i Promieniu \u017bary. Najwi\u0119kszy sukces jako czynny zawodnik to 3 miejsce w Mistrzostwach Polski Junior\u00f3w M\u0142odszych w 1992 r. z juniorami Zag\u0142\u0119bia. Trenerem w Zag\u0142\u0119biu jest od wrze\u015bnia 2001 r. Najwi\u0119kszy sukces to 3 miejsce w Mistrzostwach Polski Junior\u00f3w M\u0142odszych w 2012 r i 1 miejsce w Og\u00f3lnopolskim Turnieju Coca Cola Cup te\u017c w 2012. Prowadzi\u0142 dru\u017cyny m\u0142odzie\u017cowe Zag\u0142\u0119bia na ka\u017cdym poziomie rozrywkowym opr\u00f3cz CLJ starszej. Przez 1,5 by\u0142 asystentem przy II dru\u017cynie Zag\u0142\u0119bia.<\/p>\n\n\n<div class=\"wp-block-image\">\n<figure class=\"aligncenter size-full is-resized\"><img loading=\"lazy\" decoding=\"async\" src=\"https:\/\/64.media.tumblr.com\/798d3adaf5d7e834ff1b7b2198aaa314\/c7845d472cf66c91-1b\/s500x750\/f8c40ccd6410aeb8e170ac0776491c5fca6860aa.jpg\" alt=\"\" class=\"wp-image-18884\" width=\"601\" height=\"931\"\/><figcaption class=\"wp-element-caption\">Artur Szymczak<\/figcaption><\/figure>\n<\/div>\n\n\n<p>Artur Szymczak urodzi\u0142 si\u0119 22 maja 1981 roku we Wroc\u0142awiu. Wychowanek Zag\u0142\u0119bia Lubin. Bramkarz Fortuny Obora, FKS Sobin, Odry Chobienia, Iskry Ksi\u0119ginice, Orkana Szczedrzykowice i Prochowiczanki Prochowice.<\/p>\n\n\n\n<figure class=\"wp-block-embed is-type-wp-embed is-provider-zaglebiak wp-block-embed-zaglebiak\"><div class=\"wp-block-embed__wrapper\">\n<blockquote class=\"wp-embedded-content\" data-secret=\"1xnyDrRUx2\"><a href=\"https:\/\/www.zaglebiak.com\/index.php\/2020\/10\/16\/artur-szymczak\/\">Artur Szymczak<\/a><\/blockquote><iframe loading=\"lazy\" class=\"wp-embedded-content\" sandbox=\"allow-scripts\" security=\"restricted\" style=\"position: absolute; clip: rect(1px, 1px, 1px, 1px);\" title=\"&#8222;Artur Szymczak&#8221; &#8212; Zag\u0142\u0119biak\" src=\"https:\/\/www.zaglebiak.com\/index.php\/2020\/10\/16\/artur-szymczak\/embed\/#?secret=nKhFd6Ew8h#?secret=1xnyDrRUx2\" data-secret=\"1xnyDrRUx2\" width=\"600\" height=\"338\" frameborder=\"0\" marginwidth=\"0\" marginheight=\"0\" scrolling=\"no\"><\/iframe>\n<\/div><\/figure>\n","protected":false},"excerpt":{"rendered":"<p>Dzisiaj swoje urodziny obchodzi Mariola Waszkowska, kt\u00f3ra odpowiada i opiekuje si\u0119 sprz\u0119tem pierwszej dru\u017cyny Zag\u0142\u0119bia Lubin. Przemys\u0142aw Cielewicz urodzi\u0142 si\u0119 22 maja 1977 roku. W Zag\u0142\u0119biu jako zawodnik od 1985&hellip; <\/p>\n","protected":false},"author":1,"featured_media":18882,"comment_status":"open","ping_status":"open","sticky":false,"template":"","format":"standard","meta":{"footnotes":""},"categories":[46],"tags":[803,1486,802,89],"class_list":["post-18885","post","type-post","status-publish","format-standard","has-post-thumbnail","hentry","category-aktualnosci","tag-artur-szymczak","tag-mariola-waszkowska","tag-przemyslaw-cielewicz","tag-zaglebie-lubin"],"_links":{"self":[{"href":"https:\/\/www.zaglebiak.com\/index.php\/wp-json\/wp\/v2\/posts\/18885","targetHints":{"allow":["GET"]}}],"collection":[{"href":"https:\/\/www.zaglebiak.com\/index.php\/wp-json\/wp\/v2\/posts"}],"about":[{"href":"https:\/\/www.zaglebiak.com\/index.php\/wp-json\/wp\/v2\/types\/post"}],"author":[{"embeddable":true,"href":"https:\/\/www.zaglebiak.com\/index.php\/wp-json\/wp\/v2\/users\/1"}],"replies":[{"embeddable":true,"href":"https:\/\/www.zaglebiak.com\/index.php\/wp-json\/wp\/v2\/comments?post=18885"}],"version-history":[{"count":1,"href":"https:\/\/www.zaglebiak.com\/index.php\/wp-json\/wp\/v2\/posts\/18885\/revisions"}],"predecessor-version":[{"id":18886,"href":"https:\/\/www.zaglebiak.com\/index.php\/wp-json\/wp\/v2\/posts\/18885\/revisions\/18886"}],"wp:featuredmedia":[{"embeddable":true,"href":"https:\/\/www.zaglebiak.com\/index.php\/wp-json\/wp\/v2\/media\/18882"}],"wp:attachment":[{"href":"https:\/\/www.zaglebiak.com\/index.php\/wp-json\/wp\/v2\/media?parent=18885"}],"wp:term":[{"taxonomy":"category","embeddable":true,"href":"https:\/\/www.zaglebiak.com\/index.php\/wp-json\/wp\/v2\/categories?post=18885"},{"taxonomy":"post_tag","embeddable":true,"href":"https:\/\/www.zaglebiak.com\/index.php\/wp-json\/wp\/v2\/tags?post=18885"}],"curies":[{"name":"wp","href":"https:\/\/api.w.org\/{rel}","templated":true}]}}