{"id":18293,"date":"2023-04-22T09:35:20","date_gmt":"2023-04-22T07:35:20","guid":{"rendered":"https:\/\/www.zaglebiak.com\/?p=18293"},"modified":"2023-04-22T09:35:21","modified_gmt":"2023-04-22T07:35:21","slug":"22-kwietnia-2019-r-zmarl-alojzy-jarguz-2","status":"publish","type":"post","link":"https:\/\/www.zaglebiak.com\/index.php\/2023\/04\/22\/22-kwietnia-2019-r-zmarl-alojzy-jarguz-2\/","title":{"rendered":"22 kwietnia 2019 r. zmar\u0142 Alojzy Jarguz"},"content":{"rendered":"<div class=\"wp-block-image\">\n<figure class=\"aligncenter size-full\"><img loading=\"lazy\" decoding=\"async\" width=\"864\" height=\"1548\" src=\"https:\/\/64.media.tumblr.com\/66c7dc6e0909c083408f289f4cb575a2\/4b18abd46bde6ddd-9b\/s1280x1920\/c0cdbd1f38fa563119b08346016d07835ca80280.jpg\" alt=\"\" class=\"wp-image-18288\"\/><figcaption class=\"wp-element-caption\">Nagrobek Alojzego Jarguza<\/figcaption><\/figure>\n<\/div>\n\n\n<p>Alojzy Jarguz zmar\u0142 22 kwietnia 2019 roku w Olsztynie. Urodzi\u0142 si\u0119 19 marca 1934 roku w Rogo\u017anie. S\u0119dzia pi\u0142karski prowadz\u0105cy mecze polskiej ligi oraz mi\u0119dzynarodowe. Pierwszy polski s\u0119dzia w fina\u0142ach Mistrzostw \u015awiata. P\u00f3\u017aniej wiceprzewodnicz\u0105cy Kolegium S\u0119dzi\u00f3w, obserwator i kwalifikator s\u0119dzi\u00f3w. W Zag\u0142\u0119biu Lubin pe\u0142ni\u0142 funkcj\u0119 dyrektora ds. pi\u0142ki no\u017cnej w drugiej po\u0142owie lat 80. Jemu zawdzi\u0119czamy sprowadzenie paru ciekawych zawodnik\u00f3w, kt\u00f3rzy p\u00f3\u017aniej stanowili o sile dru\u017cyny, np. Zejer, Dylu\u015b czy Szewczyk.<\/p>\n\n\n\n<p><a href=\"https:\/\/www.google.com\/maps\/d\/viewer?mid=1SAfLBMcT9Ocm8W7dFFIAaQgPHi6Ut94&amp;fbclid=IwAR26DsgXg6mAhM9b1JH3fZHfzEsk03KsvmQnW0wZWCfzmuD5jkFvykVrq7k&amp;ll=53.79259499999999%2C20.504902000000005&amp;z=13\">https:\/\/www.google.com\/maps\/d\/viewer?mid=1SAfLBMcT9Ocm8W7dFFIAaQgPHi6Ut94&amp;fbclid=IwAR26DsgXg6mAhM9b1JH3fZHfzEsk03KsvmQnW0wZWCfzmuD5jkFvykVrq7k&amp;ll=53.79259499999999%2C20.504902000000005&amp;z=13<\/a><\/p>\n","protected":false},"excerpt":{"rendered":"<p>Alojzy Jarguz zmar\u0142 22 kwietnia 2019 roku w Olsztynie. Urodzi\u0142 si\u0119 19 marca 1934 roku w Rogo\u017anie. S\u0119dzia pi\u0142karski prowadz\u0105cy mecze polskiej ligi oraz mi\u0119dzynarodowe. Pierwszy polski s\u0119dzia w fina\u0142ach&hellip; <\/p>\n","protected":false},"author":1,"featured_media":18290,"comment_status":"open","ping_status":"open","sticky":false,"template":"","format":"standard","meta":{"footnotes":""},"categories":[46],"tags":[526,214,1399,213,89],"class_list":["post-18293","post","type-post","status-publish","format-standard","has-post-thumbnail","hentry","category-aktualnosci","tag-alojzy-jarguz","tag-dzialacz","tag-pzpn","tag-sedzia","tag-zaglebie-lubin"],"_links":{"self":[{"href":"https:\/\/www.zaglebiak.com\/index.php\/wp-json\/wp\/v2\/posts\/18293","targetHints":{"allow":["GET"]}}],"collection":[{"href":"https:\/\/www.zaglebiak.com\/index.php\/wp-json\/wp\/v2\/posts"}],"about":[{"href":"https:\/\/www.zaglebiak.com\/index.php\/wp-json\/wp\/v2\/types\/post"}],"author":[{"embeddable":true,"href":"https:\/\/www.zaglebiak.com\/index.php\/wp-json\/wp\/v2\/users\/1"}],"replies":[{"embeddable":true,"href":"https:\/\/www.zaglebiak.com\/index.php\/wp-json\/wp\/v2\/comments?post=18293"}],"version-history":[{"count":1,"href":"https:\/\/www.zaglebiak.com\/index.php\/wp-json\/wp\/v2\/posts\/18293\/revisions"}],"predecessor-version":[{"id":18294,"href":"https:\/\/www.zaglebiak.com\/index.php\/wp-json\/wp\/v2\/posts\/18293\/revisions\/18294"}],"wp:featuredmedia":[{"embeddable":true,"href":"https:\/\/www.zaglebiak.com\/index.php\/wp-json\/wp\/v2\/media\/18290"}],"wp:attachment":[{"href":"https:\/\/www.zaglebiak.com\/index.php\/wp-json\/wp\/v2\/media?parent=18293"}],"wp:term":[{"taxonomy":"category","embeddable":true,"href":"https:\/\/www.zaglebiak.com\/index.php\/wp-json\/wp\/v2\/categories?post=18293"},{"taxonomy":"post_tag","embeddable":true,"href":"https:\/\/www.zaglebiak.com\/index.php\/wp-json\/wp\/v2\/tags?post=18293"}],"curies":[{"name":"wp","href":"https:\/\/api.w.org\/{rel}","templated":true}]}}