{"id":18130,"date":"2023-04-13T08:49:33","date_gmt":"2023-04-13T06:49:33","guid":{"rendered":"https:\/\/www.zaglebiak.com\/?p=18130"},"modified":"2023-04-13T13:06:50","modified_gmt":"2023-04-13T11:06:50","slug":"reprezentowali-zaglebie-lubin-i-gornik-zabrze","status":"publish","type":"post","link":"https:\/\/www.zaglebiak.com\/index.php\/2023\/04\/13\/reprezentowali-zaglebie-lubin-i-gornik-zabrze\/","title":{"rendered":"Reprezentowali Zag\u0142\u0119bie Lubin i G\u00f3rnik Zabrze"},"content":{"rendered":"\n<p><strong>Zawodnicy Zag\u0142\u0119bia Lubin i G\u00f3rnika Zabrze:<\/strong><\/p>\n\n\n\n<p>Adam Bana\u015b gra\u0142 w Zag\u0142\u0119biu Lubin w latach 2012-2014, a w G\u00f3rniku w latach 2009-2012.<\/p>\n\n\n\n<p>Mateusz Bukowiec gra\u0142 w Zag\u0142\u0119biu Lubin w latach 2005-2009, a do G\u00f3rnika by\u0142 wypo\u017cyczony w 2006 r.<\/p>\n\n\n\n<p>Micha\u0142 Cha\u0142bi\u0144ski gra\u0142 w Zag\u0142\u0119biu Lubin w latach 2005-2009, a w G\u00f3rniku w latach 2004-2005.<\/p>\n\n\n\n<p>Enkeleid Dobi gra\u0142 w Zag\u0142\u0119biu Lubin w latach 2000-2002, a w G\u00f3rniku w 2003 r.<\/p>\n\n\n\n<p>Filipe Felix gra\u0142 w Zag\u0142\u0119biu Lubin w latach 2006-2007, a w G\u00f3rniku w latach 2003-2005.<\/p>\n\n\n\n<p>Dariusz Jackiewicz gra\u0142 w Zag\u0142\u0119biu Lubin w latach 2004-2009, a w G\u00f3rniku w 1992 r.<\/p>\n\n\n\n<p>Rados\u0142aw Janukiewicz gra\u0142 w Zag\u0142\u0119biu Lubin w 2008 r., a w G\u00f3rniku w latach 2015-2016.<\/p>\n\n\n\n<p>Robert Je\u017c gra\u0142 w Zag\u0142\u0119biu Lubin w latach 2012-2014, a w G\u00f3rniku w 2011 r. oraz 2014-2016.<\/p>\n\n\n\n<p>Bartosz Kopacz obecnie zawodnik Zag\u0142\u0119bia Lubin, a w G\u00f3rniku gra\u0142 w latach 2010-2017.<\/p>\n\n\n\n<p>Arkadiusz Kubik gra\u0142 w Zag\u0142\u0119biu Lubin w latach 2001-2002, a w G\u00f3rniku w latach 1992-1996.<\/p>\n\n\n\n<p>Mateusz Kuchta gra\u0142 w Zag\u0142\u0119biu Lubin w latach 2018-2019, a w G\u00f3rniku w 2013 r., sezonie 2014\/2015 oraz sezonie 2016-2017. <\/p>\n\n\n\n<p>Aleksander Kwiek gra\u0142 w Zag\u0142\u0119biu Lubin w latach 2013-2015, a w G\u00f3rniku w latach 2010-2013 oraz 2015-2017.<\/p>\n\n\n\n<p>Piotr Lech gra\u0142 w Zag\u0142\u0119biu Lubin w 1998 r., a w G\u00f3rniku w latach 2002-2005.<\/p>\n\n\n\n<p>Piotr Leciejewski gra\u0142 w Zag\u0142\u0119biu Lubin w latach 2018-2019, a w G\u00f3rniku w latach 2004-2006.<\/p>\n\n\n\n<p>Maciej Ma\u0142kowski gra\u0142 w Zag\u0142\u0119biu Lubin w latach 2011-2013, a w G\u00f3rniku w latach 2013-2014.<\/p>\n\n\n\n<p>Mateusz Matras gra\u0142 w Zag\u0142\u0119biu Lubin w 2018 r., a w G\u00f3rniku w 2019 r.<\/p>\n\n\n\n<p>Andrzej Niedzielan gra\u0142 w Zag\u0142\u0119biu Lubin w latach 1998-2001, a w G\u00f3rniku w 2002 r.<\/p>\n\n\n\n<p>Pawe\u0142 Olkowski gra\u0142 w Zag\u0142\u0119biu Lubin w latach 2009-2010, a w G\u00f3rniku w latach 2011-2014 i obecnie. <\/p>\n\n\n\n<p>Rafa\u0142 Pietrzak gra\u0142 w Zag\u0142\u0119biu Lubin w 2018 r., a w G\u00f3rniku w latach 2010-2013.<\/p>\n\n\n\n<p>Dawid Plizga gra\u0142 w Zag\u0142\u0119biu Lubin w latach 2005-2011, a w G\u00f3rniku w latach 2014-2015 i 2016-2017.<\/p>\n\n\n\n<p>Jaros\u0142aw Popiela gra\u0142 w Zag\u0142\u0119biu Lubin w 2003 r., a w G\u00f3rniku w latach 2003-2004.<\/p>\n\n\n\n<p>Patryk Rachwa\u0142 gra\u0142 w Zag\u0142\u0119biu Lubin w latach 2011-2012, a w G\u00f3rniku w latach 1990-1999.<\/p>\n\n\n\n<p>Szymon Skrzypczak gra\u0142 w Zag\u0142\u0119biu Lubin w latach 2007-2013, a w G\u00f3rniku w latach 2013-2016.<\/p>\n\n\n\n<p>Pawe\u0142 Str\u0105k gra\u0142 w Zag\u0142\u0119biu Lubin w latach 2004-2005, a w G\u00f3rniku w latach 2009-2012.<\/p>\n\n\n\n<p>Jakub Szmatu\u0142a gra\u0142 w Zag\u0142\u0119biu Lubin w latach 2003-2006, a w G\u00f3rniku w 2010 r.<\/p>\n\n\n\n<p>B\u0142a\u017cej Telichowski gra\u0142 w Zag\u0142\u0119biu Lubin w 2011 r., a w G\u00f3rniku w 2012 r.<\/p>\n\n\n\n<p>Michal Vaclavik gra\u0142 w Zag\u0142\u0119biu Lubin w latach 2006-2008, a w G\u00f3rniku w latach 2008-2009.<\/p>\n\n\n\n<p>Pawel Widanow gra\u0142 w Zag\u0142\u0119biu Lubin w latach 2012-2014, a w G\u00f3rniku w latach 2015-2016.<\/p>\n\n\n\n<p>Jacek Wi\u015bniewski gra\u0142 w Zag\u0142\u0119biu Lubin w latach 1980-1986, a w G\u00f3rniku w latach 1978-1980.<\/p>\n\n\n\n<p>Bogdan Zaj\u0105c gra\u0142 w Zag\u0142\u0119biu Lubin w latach 2002-2003, a w G\u00f3rniku by\u0142 tymczasowym trenerem w 2013 r.<\/p>\n\n\n\n<p><strong>Trenerzy:<\/strong><\/p>\n\n\n\n<p>Waldemar Fornalik obecny trener Zag\u0142\u0119bia Lubin, a w G\u00f3rniku w latach 1994-1995 jako asystent trenera i pierwszy trener w latach 2001-2004.<\/p>\n\n\n\n<p>Tomasz Fornalik obecny asystent trenera Zag\u0142\u0119bia Lubin, a w G\u00f3rniku w 2005 r. r\u00f3wnie\u017c by\u0142 asystentem trenera.<\/p>\n\n\n\n<p>Andrzej Iwan w Zag\u0142\u0119biu Lubin by\u0142 asystentem trenera w 2002 r., a w G\u00f3rniku gra\u0142 w latach 1985-1987, 1989 i 1992 r.<\/p>\n\n\n\n<p>Alojzy \u0141ysko by\u0142 szkoleniowcem Zag\u0142\u0119bia Lubin w latach 1987-1988, a w G\u00f3rniku w latach 1992-1993.<\/p>\n\n\n\n<p>Adam Nawa\u0142ka by\u0142 szkoleniowcem Zag\u0142\u0119bia Lubin w 2002 r., a w G\u00f3rniku w latach 2010-2013.<\/p>\n\n\n\n<p>Andrzej Szarmach by\u0142 szkoleniowcem Zag\u0142\u0119bia Lubin w 1998 r., a w G\u00f3rniku gra\u0142 w latach 1972-1976.<\/p>\n\n\n\n<p>Joachim Szo\u0142tysek by\u0142 szkoleniowcem Zag\u0142\u0119bia Lubin w 1979 r., a w G\u00f3rniku gra\u0142 w latach 1959-1961 i w 1964 r.<\/p>\n\n\n\n<p>Jan Urban by\u0142 szkoleniowcem Zag\u0142\u0119bia Lubin w 2011 r., a obecnie prowadzi G\u00f3rnik, kt\u00f3rego by\u0142 te\u017c zawodnikiem.<\/p>\n","protected":false},"excerpt":{"rendered":"<p>Zawodnicy Zag\u0142\u0119bia Lubin i G\u00f3rnika Zabrze: Adam Bana\u015b gra\u0142 w Zag\u0142\u0119biu Lubin w latach 2012-2014, a w G\u00f3rniku w latach 2009-2012. Mateusz Bukowiec gra\u0142 w Zag\u0142\u0119biu Lubin w latach 2005-2009,&hellip; <\/p>\n","protected":false},"author":1,"featured_media":18135,"comment_status":"open","ping_status":"open","sticky":false,"template":"","format":"standard","meta":{"footnotes":""},"categories":[46,24],"tags":[157,89],"class_list":["post-18130","post","type-post","status-publish","format-standard","has-post-thumbnail","hentry","category-aktualnosci","category-historia","tag-gornik-zabrze","tag-zaglebie-lubin"],"_links":{"self":[{"href":"https:\/\/www.zaglebiak.com\/index.php\/wp-json\/wp\/v2\/posts\/18130","targetHints":{"allow":["GET"]}}],"collection":[{"href":"https:\/\/www.zaglebiak.com\/index.php\/wp-json\/wp\/v2\/posts"}],"about":[{"href":"https:\/\/www.zaglebiak.com\/index.php\/wp-json\/wp\/v2\/types\/post"}],"author":[{"embeddable":true,"href":"https:\/\/www.zaglebiak.com\/index.php\/wp-json\/wp\/v2\/users\/1"}],"replies":[{"embeddable":true,"href":"https:\/\/www.zaglebiak.com\/index.php\/wp-json\/wp\/v2\/comments?post=18130"}],"version-history":[{"count":4,"href":"https:\/\/www.zaglebiak.com\/index.php\/wp-json\/wp\/v2\/posts\/18130\/revisions"}],"predecessor-version":[{"id":18141,"href":"https:\/\/www.zaglebiak.com\/index.php\/wp-json\/wp\/v2\/posts\/18130\/revisions\/18141"}],"wp:featuredmedia":[{"embeddable":true,"href":"https:\/\/www.zaglebiak.com\/index.php\/wp-json\/wp\/v2\/media\/18135"}],"wp:attachment":[{"href":"https:\/\/www.zaglebiak.com\/index.php\/wp-json\/wp\/v2\/media?parent=18130"}],"wp:term":[{"taxonomy":"category","embeddable":true,"href":"https:\/\/www.zaglebiak.com\/index.php\/wp-json\/wp\/v2\/categories?post=18130"},{"taxonomy":"post_tag","embeddable":true,"href":"https:\/\/www.zaglebiak.com\/index.php\/wp-json\/wp\/v2\/tags?post=18130"}],"curies":[{"name":"wp","href":"https:\/\/api.w.org\/{rel}","templated":true}]}}