{"id":18103,"date":"2023-04-11T08:29:49","date_gmt":"2023-04-11T06:29:49","guid":{"rendered":"https:\/\/www.zaglebiak.com\/?p=18103"},"modified":"2023-04-11T09:06:34","modified_gmt":"2023-04-11T07:06:34","slug":"11-kwietnia-urodzili-sie-janusz-stanczyk-stanislaw-krazynski-kazimierz-kwoczak-tomasz-folta-i-patryk-sypien","status":"publish","type":"post","link":"https:\/\/www.zaglebiak.com\/index.php\/2023\/04\/11\/11-kwietnia-urodzili-sie-janusz-stanczyk-stanislaw-krazynski-kazimierz-kwoczak-tomasz-folta-i-patryk-sypien\/","title":{"rendered":"11 kwietnia urodzili si\u0119 Waldemar Fornalik, Janusz Sta\u0144czyk, Stanis\u0142aw Kr\u0105\u017cy\u0144ski, Kazimierz Kwoczak, Tomasz Folta i Patryk Sypie\u0144"},"content":{"rendered":"<div class=\"wp-block-image\">\n<figure class=\"aligncenter size-full\"><img loading=\"lazy\" decoding=\"async\" width=\"1200\" height=\"678\" src=\"https:\/\/64.media.tumblr.com\/c1932e6d0824ba47d9e995bb073f2380\/f813fe1092e8e3fc-34\/s1280x1920\/833bffb891b30a06d8fb8e78223cb9372b87c9d4.jpg\" alt=\"\" class=\"wp-image-18106\"\/><\/figure>\n<\/div>\n\n\n<p>Waldemar Fornalik urodzi\u0142 si\u0119 11 kwietnia 1963 roku w My\u015blenicach. Od 29 listopada 2022 roku jest trener Zag\u0142\u0119bia Lubin. Przez ca\u0142\u0105 karier\u0119 zawodnicz\u0105 zwi\u0105zany z Ruchem Chorz\u00f3w. Trener wielu klub\u00f3w ekstraklasy, a w latach 2012-2013 selekcjoner Reprezentacji Polski. <\/p>\n\n\n<div class=\"wp-block-image\">\n<figure class=\"aligncenter size-full\"><img loading=\"lazy\" decoding=\"async\" width=\"540\" height=\"647\" src=\"https:\/\/64.media.tumblr.com\/bbf9dad37d44c2db321e1d4e5ed75ba2\/321f3c2f338c7d57-6c\/s540x810\/43d3f68c38b854cf15a6779f873debdc81d20c11.jpg\" alt=\"\" class=\"wp-image-18096\"\/><figcaption class=\"wp-element-caption\">Janusz Sta\u0144czyk. Fot. zaglebie.com<\/figcaption><\/figure>\n<\/div>\n\n\n<p>Janusz Sta\u0144czyk urodzi\u0142 si\u0119 11 kwietnia 1958 roku. Z Zag\u0142\u0119biem Lubin zwi\u0105zany najpierw jako zawodnik, a p\u00f3\u017aniej wieloletni trener. W 1977 roku wchodzi\u0142 do dru\u017cyny, kt\u00f3ra walczy\u0142a o drug\u0105 lig\u0119. Po dw\u00f3ch latach przeni\u00f3s\u0142 si\u0119 do \u015al\u0119zy Wroc\u0142aw. W 1989 roku wr\u00f3ci\u0142 do Lubina w roli trenera m\u0142odzie\u017cy. P\u00f3\u017aniejszy asystent trenera Wojno i po jego zwolnieniu poprowadzi\u0142 Zag\u0142\u0119bie w s\u0142ynnym meczu z AC Milan. Wicemistrz Polski z 2004 roku z juniorami m\u0142odszymi Zag\u0142\u0119bia. Odszed\u0142 na emerytur\u0119 1 wrze\u015bnia 2021 roku.<\/p>\n\n\n<div class=\"wp-block-image\">\n<figure class=\"aligncenter size-full\"><img loading=\"lazy\" decoding=\"async\" width=\"2048\" height=\"1249\" src=\"https:\/\/64.media.tumblr.com\/2c95a06eaf446e699239b5f5c58aa761\/321f3c2f338c7d57-c6\/s2048x3072\/089578e22636d1c55081e952a032fdff0093618b.jpg\" alt=\"\" class=\"wp-image-18100\"\/><figcaption class=\"wp-element-caption\">Stanis\u0142aw Kr\u0105\u017cy\u0144ski stoi 5 od prawej<\/figcaption><\/figure>\n<\/div>\n\n\n<p>Stanis\u0142aw Kr\u0105\u017cy\u0144ski urodzi\u0142 si\u0119 11 kwietnia 1934 roku. By\u0142 obro\u0144c\u0105 G\u00f3rnika Lubin. Zmar\u0142 19 lipca 2005 roku w Lubinie.<\/p>\n\n\n\n<p>Kazimierz Kwoczak urodzi\u0142 si\u0119 11 kwietnia 1925 roku. By\u0142 pomocnikiem OMTUR Zawiszy Lubin. Zmar\u0142 18 sierpnia 2013 roku. Pochowany jest na Cmentarzu Komunalnym przy ul. Wa\u0142brzyskiej w Kamiennej G\u00f3rze.<\/p>\n\n\n<div class=\"wp-block-image\">\n<figure class=\"aligncenter size-full\"><img loading=\"lazy\" decoding=\"async\" width=\"800\" height=\"1200\" src=\"https:\/\/64.media.tumblr.com\/1d93d5eda6490fff1548338fdf907386\/321f3c2f338c7d57-ad\/s1280x1920\/4bd488922f1127c4a1963939f3a7c696bf1a98c7.jpg\" alt=\"\" class=\"wp-image-18102\"\/><figcaption class=\"wp-element-caption\">Tomasz Folta. Fot. z fb Tomka<\/figcaption><\/figure>\n<\/div>\n\n\n<p>Tomasz Folta urodzi\u0142 si\u0119 11 kwietnia 1980 roku. Zwi\u0105zany z Zag\u0142\u0119biem Lubin odk\u0105d pami\u0119tam, kibic, a przede wszystkim fotograf, kt\u00f3ry dokumentuje spotkania ZL, codzienne \u017cycie w Lubinie i wszelkiej ma\u015bci imprezy.<\/p>\n\n\n<div class=\"wp-block-image\">\n<figure class=\"aligncenter size-full is-resized\"><img loading=\"lazy\" decoding=\"async\" src=\"https:\/\/64.media.tumblr.com\/5f13d6e1d9beab1580a30479ac3a2898\/321f3c2f338c7d57-ca\/s250x400\/3d19793a5ac53977067b543e79a007c9dc426cb8.jpg\" alt=\"\" class=\"wp-image-18098\" width=\"402\" height=\"459\"\/><figcaption class=\"wp-element-caption\">Patryk Sypie\u0144. Fot. www.90minut.pl<\/figcaption><\/figure>\n<\/div>\n\n\n<p>Patryk Sypie\u0144 urodzi\u0142 si\u0119 11 kwietnia 1990 roku w Lubinie. Zaczyna\u0142 w Odrze Chobienia, a od jesieni 2006 roku reprezentowa\u0142 junior\u00f3w Zag\u0142\u0119bia Lubin. Gra\u0142 w dru\u017cynach juniorskich, rezerwach i ME, z kt\u00f3r\u0105 w 2010 roku zdoby\u0142 mistrzostwo. Po tym sezonie odszed\u0142 do Chrobrego G\u0142og\u00f3w.<\/p>\n\n\n\n<p><\/p>\n","protected":false},"excerpt":{"rendered":"<p>Waldemar Fornalik urodzi\u0142 si\u0119 11 kwietnia 1963 roku w My\u015blenicach. Od 29 listopada 2022 roku jest trener Zag\u0142\u0119bia Lubin. Przez ca\u0142\u0105 karier\u0119 zawodnicz\u0105 zwi\u0105zany z Ruchem Chorz\u00f3w. Trener wielu klub\u00f3w&hellip; <\/p>\n","protected":false},"author":1,"featured_media":18106,"comment_status":"open","ping_status":"open","sticky":false,"template":"","format":"standard","meta":{"footnotes":""},"categories":[46],"tags":[1421,1017,1422,667,1420,1678,89],"class_list":["post-18103","post","type-post","status-publish","format-standard","has-post-thumbnail","hentry","category-aktualnosci","tag-janusz-stanczyk","tag-kazimierz-kwoczak","tag-patryk-sypien","tag-stanislaw-krazynski","tag-tomasz-folta","tag-waldemar-fornalik","tag-zaglebie-lubin"],"_links":{"self":[{"href":"https:\/\/www.zaglebiak.com\/index.php\/wp-json\/wp\/v2\/posts\/18103","targetHints":{"allow":["GET"]}}],"collection":[{"href":"https:\/\/www.zaglebiak.com\/index.php\/wp-json\/wp\/v2\/posts"}],"about":[{"href":"https:\/\/www.zaglebiak.com\/index.php\/wp-json\/wp\/v2\/types\/post"}],"author":[{"embeddable":true,"href":"https:\/\/www.zaglebiak.com\/index.php\/wp-json\/wp\/v2\/users\/1"}],"replies":[{"embeddable":true,"href":"https:\/\/www.zaglebiak.com\/index.php\/wp-json\/wp\/v2\/comments?post=18103"}],"version-history":[{"count":2,"href":"https:\/\/www.zaglebiak.com\/index.php\/wp-json\/wp\/v2\/posts\/18103\/revisions"}],"predecessor-version":[{"id":18108,"href":"https:\/\/www.zaglebiak.com\/index.php\/wp-json\/wp\/v2\/posts\/18103\/revisions\/18108"}],"wp:featuredmedia":[{"embeddable":true,"href":"https:\/\/www.zaglebiak.com\/index.php\/wp-json\/wp\/v2\/media\/18106"}],"wp:attachment":[{"href":"https:\/\/www.zaglebiak.com\/index.php\/wp-json\/wp\/v2\/media?parent=18103"}],"wp:term":[{"taxonomy":"category","embeddable":true,"href":"https:\/\/www.zaglebiak.com\/index.php\/wp-json\/wp\/v2\/categories?post=18103"},{"taxonomy":"post_tag","embeddable":true,"href":"https:\/\/www.zaglebiak.com\/index.php\/wp-json\/wp\/v2\/tags?post=18103"}],"curies":[{"name":"wp","href":"https:\/\/api.w.org\/{rel}","templated":true}]}}